{"id":93,"date":"2018-02-14T12:06:00","date_gmt":"2018-02-14T10:06:00","guid":{"rendered":""},"modified":"2018-06-08T23:48:47","modified_gmt":"2018-06-08T21:48:47","slug":"exposicio-terror-buit-dabel-carrasco","status":"publish","type":"post","link":"http:\/\/jososabadell.cat\/es\/2018\/02\/14\/exposicio-terror-buit-dabel-carrasco\/","title":{"rendered":"EXPOSICI\u00d3 TERROR BUIT D&#8217;ABEL CARRASCO."},"content":{"rendered":"<p><span style=\"background-color: white; color: #1d2129; font-family: Helvetica, Arial, sans-serif; font-size: 14px;\">Des de fa una setmana que el nostre ex-alumne i ex-professor i col\u00b7laborador de l&#8217;Escola<b> Abel Carrasco<\/b>, exposa en la sala II de l&#8217;<b>Acad\u00e8mia de Belles Arts de Sabadel<\/b>l, treballs seus dins de la mostra <b>Terror buit<\/b>. Podeu trobar diferents obres de t\u00e8cnica, mida, format i tem\u00e0tiques dels \u00faltims treballs d&#8217;aquest prol\u00edfic autor sabadellenc.<\/span><br style=\"background-color: white; color: #1d2129; font-family: Helvetica, Arial, sans-serif; font-size: 14px;\" \/><span style=\"background-color: white; color: #1d2129; font-family: Helvetica, Arial, sans-serif; font-size: 14px;\">Val molt la pena passar una estona gaudint d&#8217;aquest mostra en un entorn tant c\u00e8ntric i accessible!<\/span><\/p>\n<div style=\"clear: both; text-align: center;\"><a href=\"http:\/\/jososabadell.cat\/wp-content\/uploads\/2018\/02\/Abel.jpg\" style=\"margin-left: 1em; margin-right: 1em;\" data-rel=\"lightbox-image-0\" data-rl_title=\"\" data-rl_caption=\"\" title=\"\"><img loading=\"lazy\" decoding=\"async\" border=\"0\" data-original-height=\"414\" data-original-width=\"796\" height=\"166\" src=\"http:\/\/jososabadell.cat\/wp-content\/uploads\/2018\/02\/Abel-300x156.jpg\" width=\"320\" \/><\/a><\/div>","protected":false},"excerpt":{"rendered":"<p>Des de fa una setmana que el nostre ex-alumne i ex-professor i col\u00b7laborador de l&#8217;Escola Abel Carrasco, exposa en la sala II de l&#8217;Acad\u00e8mia de Belles Arts de Sabadell, treballs seus dins de la mostra Terror buit. Podeu trobar diferents obres de t\u00e8cnica, mida, format i tem\u00e0tiques dels \u00faltims treballs d&#8217;aquest prol\u00edfic autor sabadellenc.Val molt [&hellip;]<\/p>\n","protected":false},"author":2,"featured_media":465,"comment_status":"open","ping_status":"open","sticky":false,"template":"","format":"standard","meta":{"_monsterinsights_skip_tracking":false,"_monsterinsights_sitenote_active":false,"_monsterinsights_sitenote_note":"","_monsterinsights_sitenote_category":0,"footnotes":""},"categories":[1],"tags":[],"class_list":["post-93","post","type-post","status-publish","format-standard","has-post-thumbnail","hentry","category-general"],"yoast_head":"<!-- This site is optimized with the Yoast SEO plugin v25.6 - https:\/\/yoast.com\/wordpress\/plugins\/seo\/ -->\n<title>EXPOSICI\u00d3 TERROR BUIT D&#039;ABEL CARRASCO. - Escola Joso Sabadell<\/title>\n<meta name=\"robots\" content=\"index, follow, max-snippet:-1, max-image-preview:large, max-video-preview:-1\" \/>\n<link rel=\"canonical\" href=\"http:\/\/jososabadell.cat\/es\/2018\/02\/14\/exposicio-terror-buit-dabel-carrasco\/\" \/>\n<meta property=\"og:locale\" content=\"es_ES\" \/>\n<meta property=\"og:type\" content=\"article\" \/>\n<meta property=\"og:title\" content=\"EXPOSICI\u00d3 TERROR BUIT D&#039;ABEL CARRASCO. - Escola Joso Sabadell\" \/>\n<meta property=\"og:description\" content=\"Des de fa una setmana que el nostre ex-alumne i ex-professor i col\u00b7laborador de l&#8217;Escola Abel Carrasco, exposa en la sala II de l&#8217;Acad\u00e8mia de Belles Arts de Sabadell, treballs seus dins de la mostra Terror buit. Podeu trobar diferents obres de t\u00e8cnica, mida, format i tem\u00e0tiques dels \u00faltims treballs d&#8217;aquest prol\u00edfic autor sabadellenc.Val molt [&hellip;]\" \/>\n<meta property=\"og:url\" content=\"http:\/\/jososabadell.cat\/es\/2018\/02\/14\/exposicio-terror-buit-dabel-carrasco\/\" \/>\n<meta property=\"og:site_name\" content=\"Escola Joso Sabadell\" \/>\n<meta property=\"article:publisher\" content=\"https:\/\/www.facebook.com\/escolajososabadell\/\" \/>\n<meta property=\"article:published_time\" content=\"2018-02-14T10:06:00+00:00\" \/>\n<meta property=\"article:modified_time\" content=\"2018-06-08T21:48:47+00:00\" \/>\n<meta property=\"og:image\" content=\"https:\/\/jososabadell.cat\/wp-content\/uploads\/2018\/02\/Abel.jpg\" \/>\n\t<meta property=\"og:image:width\" content=\"796\" \/>\n\t<meta property=\"og:image:height\" content=\"414\" \/>\n\t<meta property=\"og:image:type\" content=\"image\/jpeg\" \/>\n<meta name=\"author\" content=\"Joso Sabadell\" \/>\n<meta name=\"twitter:card\" content=\"summary_large_image\" \/>\n<meta name=\"twitter:creator\" content=\"@EscolaJosoSbd\" \/>\n<meta name=\"twitter:site\" content=\"@EscolaJosoSbd\" \/>\n<meta name=\"twitter:label1\" content=\"Escrito por\" \/>\n\t<meta name=\"twitter:data1\" content=\"Joso Sabadell\" \/>\n<script type=\"application\/ld+json\" class=\"yoast-schema-graph\">{\"@context\":\"https:\/\/schema.org\",\"@graph\":[{\"@type\":\"WebPage\",\"@id\":\"http:\/\/jososabadell.cat\/es\/2018\/02\/14\/exposicio-terror-buit-dabel-carrasco\/\",\"url\":\"http:\/\/jososabadell.cat\/es\/2018\/02\/14\/exposicio-terror-buit-dabel-carrasco\/\",\"name\":\"EXPOSICI\u00d3 TERROR BUIT D'ABEL CARRASCO. - Escola Joso Sabadell\",\"isPartOf\":{\"@id\":\"https:\/\/jososabadell.cat\/#website\"},\"primaryImageOfPage\":{\"@id\":\"http:\/\/jososabadell.cat\/es\/2018\/02\/14\/exposicio-terror-buit-dabel-carrasco\/#primaryimage\"},\"image\":{\"@id\":\"http:\/\/jososabadell.cat\/es\/2018\/02\/14\/exposicio-terror-buit-dabel-carrasco\/#primaryimage\"},\"thumbnailUrl\":\"https:\/\/jososabadell.cat\/wp-content\/uploads\/2018\/02\/Abel.jpg\",\"datePublished\":\"2018-02-14T10:06:00+00:00\",\"dateModified\":\"2018-06-08T21:48:47+00:00\",\"author\":{\"@id\":\"https:\/\/jososabadell.cat\/#\/schema\/person\/233e57003be70aa898d35bfb3ee0fb72\"},\"breadcrumb\":{\"@id\":\"http:\/\/jososabadell.cat\/es\/2018\/02\/14\/exposicio-terror-buit-dabel-carrasco\/#breadcrumb\"},\"inLanguage\":\"es\",\"potentialAction\":[{\"@type\":\"ReadAction\",\"target\":[\"http:\/\/jososabadell.cat\/es\/2018\/02\/14\/exposicio-terror-buit-dabel-carrasco\/\"]}]},{\"@type\":\"ImageObject\",\"inLanguage\":\"es\",\"@id\":\"http:\/\/jososabadell.cat\/es\/2018\/02\/14\/exposicio-terror-buit-dabel-carrasco\/#primaryimage\",\"url\":\"https:\/\/jososabadell.cat\/wp-content\/uploads\/2018\/02\/Abel.jpg\",\"contentUrl\":\"https:\/\/jososabadell.cat\/wp-content\/uploads\/2018\/02\/Abel.jpg\",\"width\":796,\"height\":414},{\"@type\":\"BreadcrumbList\",\"@id\":\"http:\/\/jososabadell.cat\/es\/2018\/02\/14\/exposicio-terror-buit-dabel-carrasco\/#breadcrumb\",\"itemListElement\":[{\"@type\":\"ListItem\",\"position\":1,\"name\":\"Inici\",\"item\":\"https:\/\/jososabadell.cat\/\"},{\"@type\":\"ListItem\",\"position\":2,\"name\":\"EXPOSICI\u00d3 TERROR BUIT D&#8217;ABEL CARRASCO.\"}]},{\"@type\":\"WebSite\",\"@id\":\"https:\/\/jososabadell.cat\/#website\",\"url\":\"https:\/\/jososabadell.cat\/\",\"name\":\"Escola Joso Sabadell\",\"description\":\"\",\"potentialAction\":[{\"@type\":\"SearchAction\",\"target\":{\"@type\":\"EntryPoint\",\"urlTemplate\":\"https:\/\/jososabadell.cat\/?s={search_term_string}\"},\"query-input\":{\"@type\":\"PropertyValueSpecification\",\"valueRequired\":true,\"valueName\":\"search_term_string\"}}],\"inLanguage\":\"es\"},{\"@type\":\"Person\",\"@id\":\"https:\/\/jososabadell.cat\/#\/schema\/person\/233e57003be70aa898d35bfb3ee0fb72\",\"name\":\"Joso Sabadell\",\"image\":{\"@type\":\"ImageObject\",\"inLanguage\":\"es\",\"@id\":\"https:\/\/jososabadell.cat\/#\/schema\/person\/image\/\",\"url\":\"http:\/\/2.gravatar.com\/avatar\/5aa9d058168d026c6f8d651849c8cf5d?s=96&d=mm&r=g\",\"contentUrl\":\"http:\/\/2.gravatar.com\/avatar\/5aa9d058168d026c6f8d651849c8cf5d?s=96&d=mm&r=g\",\"caption\":\"Joso Sabadell\"},\"sameAs\":[\"http:\/\/jososabadell.cat\"]}]}<\/script>\n<!-- \/ Yoast SEO plugin. -->","yoast_head_json":{"title":"EXPOSICI\u00d3 TERROR BUIT D'ABEL CARRASCO. - Escola Joso Sabadell","robots":{"index":"index","follow":"follow","max-snippet":"max-snippet:-1","max-image-preview":"max-image-preview:large","max-video-preview":"max-video-preview:-1"},"canonical":"http:\/\/jososabadell.cat\/es\/2018\/02\/14\/exposicio-terror-buit-dabel-carrasco\/","og_locale":"es_ES","og_type":"article","og_title":"EXPOSICI\u00d3 TERROR BUIT D'ABEL CARRASCO. - Escola Joso Sabadell","og_description":"Des de fa una setmana que el nostre ex-alumne i ex-professor i col\u00b7laborador de l&#8217;Escola Abel Carrasco, exposa en la sala II de l&#8217;Acad\u00e8mia de Belles Arts de Sabadell, treballs seus dins de la mostra Terror buit. Podeu trobar diferents obres de t\u00e8cnica, mida, format i tem\u00e0tiques dels \u00faltims treballs d&#8217;aquest prol\u00edfic autor sabadellenc.Val molt [&hellip;]","og_url":"http:\/\/jososabadell.cat\/es\/2018\/02\/14\/exposicio-terror-buit-dabel-carrasco\/","og_site_name":"Escola Joso Sabadell","article_publisher":"https:\/\/www.facebook.com\/escolajososabadell\/","article_published_time":"2018-02-14T10:06:00+00:00","article_modified_time":"2018-06-08T21:48:47+00:00","og_image":[{"width":796,"height":414,"url":"https:\/\/jososabadell.cat\/wp-content\/uploads\/2018\/02\/Abel.jpg","type":"image\/jpeg"}],"author":"Joso Sabadell","twitter_card":"summary_large_image","twitter_creator":"@EscolaJosoSbd","twitter_site":"@EscolaJosoSbd","twitter_misc":{"Escrito por":"Joso Sabadell"},"schema":{"@context":"https:\/\/schema.org","@graph":[{"@type":"WebPage","@id":"http:\/\/jososabadell.cat\/es\/2018\/02\/14\/exposicio-terror-buit-dabel-carrasco\/","url":"http:\/\/jososabadell.cat\/es\/2018\/02\/14\/exposicio-terror-buit-dabel-carrasco\/","name":"EXPOSICI\u00d3 TERROR BUIT D'ABEL CARRASCO. - Escola Joso Sabadell","isPartOf":{"@id":"https:\/\/jososabadell.cat\/#website"},"primaryImageOfPage":{"@id":"http:\/\/jososabadell.cat\/es\/2018\/02\/14\/exposicio-terror-buit-dabel-carrasco\/#primaryimage"},"image":{"@id":"http:\/\/jososabadell.cat\/es\/2018\/02\/14\/exposicio-terror-buit-dabel-carrasco\/#primaryimage"},"thumbnailUrl":"https:\/\/jososabadell.cat\/wp-content\/uploads\/2018\/02\/Abel.jpg","datePublished":"2018-02-14T10:06:00+00:00","dateModified":"2018-06-08T21:48:47+00:00","author":{"@id":"https:\/\/jososabadell.cat\/#\/schema\/person\/233e57003be70aa898d35bfb3ee0fb72"},"breadcrumb":{"@id":"http:\/\/jososabadell.cat\/es\/2018\/02\/14\/exposicio-terror-buit-dabel-carrasco\/#breadcrumb"},"inLanguage":"es","potentialAction":[{"@type":"ReadAction","target":["http:\/\/jososabadell.cat\/es\/2018\/02\/14\/exposicio-terror-buit-dabel-carrasco\/"]}]},{"@type":"ImageObject","inLanguage":"es","@id":"http:\/\/jososabadell.cat\/es\/2018\/02\/14\/exposicio-terror-buit-dabel-carrasco\/#primaryimage","url":"https:\/\/jososabadell.cat\/wp-content\/uploads\/2018\/02\/Abel.jpg","contentUrl":"https:\/\/jososabadell.cat\/wp-content\/uploads\/2018\/02\/Abel.jpg","width":796,"height":414},{"@type":"BreadcrumbList","@id":"http:\/\/jososabadell.cat\/es\/2018\/02\/14\/exposicio-terror-buit-dabel-carrasco\/#breadcrumb","itemListElement":[{"@type":"ListItem","position":1,"name":"Inici","item":"https:\/\/jososabadell.cat\/"},{"@type":"ListItem","position":2,"name":"EXPOSICI\u00d3 TERROR BUIT D&#8217;ABEL CARRASCO."}]},{"@type":"WebSite","@id":"https:\/\/jososabadell.cat\/#website","url":"https:\/\/jososabadell.cat\/","name":"&nbsp;Escola Joso Sabadell","description":"","potentialAction":[{"@type":"SearchAction","target":{"@type":"EntryPoint","urlTemplate":"https:\/\/jososabadell.cat\/?s={search_term_string}"},"query-input":{"@type":"PropertyValueSpecification","valueRequired":true,"valueName":"search_term_string"}}],"inLanguage":"es"},{"@type":"Person","@id":"https:\/\/jososabadell.cat\/#\/schema\/person\/233e57003be70aa898d35bfb3ee0fb72","name":"Joso Sabadell","image":{"@type":"ImageObject","inLanguage":"es","@id":"https:\/\/jososabadell.cat\/#\/schema\/person\/image\/","url":"http:\/\/2.gravatar.com\/avatar\/5aa9d058168d026c6f8d651849c8cf5d?s=96&d=mm&r=g","contentUrl":"http:\/\/2.gravatar.com\/avatar\/5aa9d058168d026c6f8d651849c8cf5d?s=96&d=mm&r=g","caption":"Joso Sabadell"},"sameAs":["http:\/\/jososabadell.cat"]}]}},"_links":{"self":[{"href":"http:\/\/jososabadell.cat\/es\/wp-json\/wp\/v2\/posts\/93"}],"collection":[{"href":"http:\/\/jososabadell.cat\/es\/wp-json\/wp\/v2\/posts"}],"about":[{"href":"http:\/\/jososabadell.cat\/es\/wp-json\/wp\/v2\/types\/post"}],"author":[{"embeddable":true,"href":"http:\/\/jososabadell.cat\/es\/wp-json\/wp\/v2\/users\/2"}],"replies":[{"embeddable":true,"href":"http:\/\/jososabadell.cat\/es\/wp-json\/wp\/v2\/comments?post=93"}],"version-history":[{"count":2,"href":"http:\/\/jososabadell.cat\/es\/wp-json\/wp\/v2\/posts\/93\/revisions"}],"predecessor-version":[{"id":530,"href":"http:\/\/jososabadell.cat\/es\/wp-json\/wp\/v2\/posts\/93\/revisions\/530"}],"wp:featuredmedia":[{"embeddable":true,"href":"http:\/\/jososabadell.cat\/es\/wp-json\/wp\/v2\/media\/465"}],"wp:attachment":[{"href":"http:\/\/jososabadell.cat\/es\/wp-json\/wp\/v2\/media?parent=93"}],"wp:term":[{"taxonomy":"category","embeddable":true,"href":"http:\/\/jososabadell.cat\/es\/wp-json\/wp\/v2\/categories?post=93"},{"taxonomy":"post_tag","embeddable":true,"href":"http:\/\/jososabadell.cat\/es\/wp-json\/wp\/v2\/tags?post=93"}],"curies":[{"name":"wp","href":"https:\/\/api.w.org\/{rel}","templated":true}]}}