{"id":1011,"date":"2018-04-26T12:56:00","date_gmt":"2018-04-26T10:56:00","guid":{"rendered":""},"modified":"2018-06-08T23:48:47","modified_gmt":"2018-06-08T21:48:47","slug":"portada-de-miriam-escoboda-del-llibre-de-nuria-riera-una-ola-con-sabor-a-pez","status":"publish","type":"post","link":"https:\/\/jososabadell.cat\/es\/2018\/04\/26\/portada-de-miriam-escoboda-del-llibre-de-nuria-riera-una-ola-con-sabor-a-pez\/","title":{"rendered":"PORTADA DE M\u00cdRIAM ESCOBODA DEL LLIBRE DE N\u00daRIA RIERA UNA OLA CON SABOR A PEZ."},"content":{"rendered":"<div data-block=\"true\" data-editor=\"pppd\" data-offset-key=\"51tth-0-0\" style=\"background-color: white; color: #1d2129; font-family: Helvetica, Arial, sans-serif; font-size: 14px; white-space: pre-wrap;\">\n<div data-offset-key=\"51tth-0-0\" style=\"direction: ltr; font-family: inherit; position: relative;\"><span data-offset-key=\"51tth-0-0\" style=\"font-family: inherit;\">La <b>M\u00edriam Escobosa<\/b>, alumna de mat\u00e8ries del 3 er . curs d&#8217;Art-gr\u00e0fic, ens ha anunciat la publicaci\u00f3 del seu \u00faltim treball de <b>disseny gr\u00e0fic de la portada<\/b> i la <b>il\u00b7lustraci\u00f3<\/b> que l&#8217;acompanya del llibre <b>Una ola con sabor a pez<\/b> de la N\u00faria Riera.<\/span><\/div>\n<\/div>\n<div data-block=\"true\" data-editor=\"pppd\" data-offset-key=\"1n4oa-0-0\" style=\"background-color: white; color: #1d2129; font-family: Helvetica, Arial, sans-serif; font-size: 14px; white-space: pre-wrap;\">\n<div data-offset-key=\"1n4oa-0-0\" style=\"direction: ltr; font-family: inherit; position: relative;\"><span data-offset-key=\"1n4oa-0-0\" style=\"font-family: inherit;\">Moltes felicitats. \u00c9s molt bonica !<\/p>\n<div style=\"clear: both; text-align: center;\"><a href=\"http:\/\/jososabadell.cat\/wp-content\/uploads\/2018\/04\/cartel_img.png\" style=\"margin-left: 1em; margin-right: 1em;\" data-rel=\"lightbox-image-0\" data-rl_title=\"\" data-rl_caption=\"\" title=\"\"><img loading=\"lazy\" decoding=\"async\" border=\"0\" data-original-height=\"1600\" data-original-width=\"1593\" height=\"320\" src=\"http:\/\/jososabadell.cat\/wp-content\/uploads\/2018\/04\/cartel_img-498x500.png\" width=\"318\" \/><\/a><\/div>\n<p><\/p>\n<div style=\"clear: both; text-align: center;\"><a href=\"http:\/\/jososabadell.cat\/wp-content\/uploads\/2018\/04\/UnaOlaConSaborAPez-01.png\" style=\"margin-left: 1em; margin-right: 1em;\" data-rel=\"lightbox-image-1\" data-rl_title=\"\" data-rl_caption=\"\" title=\"\"><img loading=\"lazy\" decoding=\"async\" border=\"0\" data-original-height=\"1172\" data-original-width=\"1600\" height=\"234\" src=\"http:\/\/jososabadell.cat\/wp-content\/uploads\/2018\/04\/UnaOlaConSaborAPez-01-500x366.png\" width=\"320\" \/><\/a><\/div>\n<p><\/span><\/div>\n<\/div>","protected":false},"excerpt":{"rendered":"<p>La M\u00edriam Escobosa, alumna de mat\u00e8ries del 3 er . curs d&#8217;Art-gr\u00e0fic, ens ha anunciat la publicaci\u00f3 del seu \u00faltim treball de disseny gr\u00e0fic de la portada i la il\u00b7lustraci\u00f3 que l&#8217;acompanya del llibre Una ola con sabor a pez de la N\u00faria Riera. Moltes felicitats. \u00c9s molt bonica !<\/p>","protected":false},"author":2,"featured_media":1027,"comment_status":"open","ping_status":"open","sticky":false,"template":"","format":"standard","meta":{"_monsterinsights_skip_tracking":false,"_monsterinsights_sitenote_active":false,"_monsterinsights_sitenote_note":"","_monsterinsights_sitenote_category":0,"footnotes":""},"categories":[1],"tags":[],"class_list":["post-1011","post","type-post","status-publish","format-standard","has-post-thumbnail","hentry","category-general"],"yoast_head":"<!-- This site is optimized with the Yoast SEO plugin v25.6 - https:\/\/yoast.com\/wordpress\/plugins\/seo\/ -->\n<title>PORTADA DE M\u00cdRIAM ESCOBODA DEL LLIBRE DE N\u00daRIA RIERA UNA OLA CON SABOR A PEZ. - Escola Joso Sabadell<\/title>\n<meta name=\"robots\" content=\"index, follow, max-snippet:-1, max-image-preview:large, max-video-preview:-1\" \/>\n<link rel=\"canonical\" href=\"http:\/\/jososabadell.cat\/es\/2018\/04\/26\/portada-de-miriam-escoboda-del-llibre-de-nuria-riera-una-ola-con-sabor-a-pez\/\" \/>\n<meta property=\"og:locale\" content=\"es_ES\" \/>\n<meta property=\"og:type\" content=\"article\" \/>\n<meta property=\"og:title\" content=\"PORTADA DE M\u00cdRIAM ESCOBODA DEL LLIBRE DE N\u00daRIA RIERA UNA OLA CON SABOR A PEZ. - Escola Joso Sabadell\" \/>\n<meta property=\"og:description\" content=\"La M\u00edriam Escobosa, alumna de mat\u00e8ries del 3 er . curs d&#8217;Art-gr\u00e0fic, ens ha anunciat la publicaci\u00f3 del seu \u00faltim treball de disseny gr\u00e0fic de la portada i la il\u00b7lustraci\u00f3 que l&#8217;acompanya del llibre Una ola con sabor a pez de la N\u00faria Riera. Moltes felicitats. \u00c9s molt bonica !\" \/>\n<meta property=\"og:url\" content=\"http:\/\/jososabadell.cat\/es\/2018\/04\/26\/portada-de-miriam-escoboda-del-llibre-de-nuria-riera-una-ola-con-sabor-a-pez\/\" \/>\n<meta property=\"og:site_name\" content=\"Escola Joso Sabadell\" \/>\n<meta property=\"article:publisher\" content=\"https:\/\/www.facebook.com\/escolajososabadell\/\" \/>\n<meta property=\"article:published_time\" content=\"2018-04-26T10:56:00+00:00\" \/>\n<meta property=\"article:modified_time\" content=\"2018-06-08T21:48:47+00:00\" \/>\n<meta property=\"og:image\" content=\"https:\/\/jososabadell.cat\/wp-content\/uploads\/2018\/04\/cartel_img.png\" \/>\n\t<meta property=\"og:image:width\" content=\"1020\" \/>\n\t<meta property=\"og:image:height\" content=\"1024\" \/>\n\t<meta property=\"og:image:type\" content=\"image\/png\" \/>\n<meta name=\"author\" content=\"Joso Sabadell\" \/>\n<meta name=\"twitter:card\" content=\"summary_large_image\" \/>\n<meta name=\"twitter:creator\" content=\"@EscolaJosoSbd\" \/>\n<meta name=\"twitter:site\" content=\"@EscolaJosoSbd\" \/>\n<meta name=\"twitter:label1\" content=\"Escrito por\" \/>\n\t<meta name=\"twitter:data1\" content=\"Joso Sabadell\" \/>\n<script type=\"application\/ld+json\" class=\"yoast-schema-graph\">{\"@context\":\"https:\/\/schema.org\",\"@graph\":[{\"@type\":\"WebPage\",\"@id\":\"http:\/\/jososabadell.cat\/es\/2018\/04\/26\/portada-de-miriam-escoboda-del-llibre-de-nuria-riera-una-ola-con-sabor-a-pez\/\",\"url\":\"http:\/\/jososabadell.cat\/es\/2018\/04\/26\/portada-de-miriam-escoboda-del-llibre-de-nuria-riera-una-ola-con-sabor-a-pez\/\",\"name\":\"PORTADA DE M\u00cdRIAM ESCOBODA DEL LLIBRE DE N\u00daRIA RIERA UNA OLA CON SABOR A PEZ. - Escola Joso Sabadell\",\"isPartOf\":{\"@id\":\"https:\/\/jososabadell.cat\/#website\"},\"primaryImageOfPage\":{\"@id\":\"http:\/\/jososabadell.cat\/es\/2018\/04\/26\/portada-de-miriam-escoboda-del-llibre-de-nuria-riera-una-ola-con-sabor-a-pez\/#primaryimage\"},\"image\":{\"@id\":\"http:\/\/jososabadell.cat\/es\/2018\/04\/26\/portada-de-miriam-escoboda-del-llibre-de-nuria-riera-una-ola-con-sabor-a-pez\/#primaryimage\"},\"thumbnailUrl\":\"https:\/\/jososabadell.cat\/wp-content\/uploads\/2018\/04\/cartel_img.png\",\"datePublished\":\"2018-04-26T10:56:00+00:00\",\"dateModified\":\"2018-06-08T21:48:47+00:00\",\"author\":{\"@id\":\"https:\/\/jososabadell.cat\/#\/schema\/person\/233e57003be70aa898d35bfb3ee0fb72\"},\"breadcrumb\":{\"@id\":\"http:\/\/jososabadell.cat\/es\/2018\/04\/26\/portada-de-miriam-escoboda-del-llibre-de-nuria-riera-una-ola-con-sabor-a-pez\/#breadcrumb\"},\"inLanguage\":\"es\",\"potentialAction\":[{\"@type\":\"ReadAction\",\"target\":[\"http:\/\/jososabadell.cat\/es\/2018\/04\/26\/portada-de-miriam-escoboda-del-llibre-de-nuria-riera-una-ola-con-sabor-a-pez\/\"]}]},{\"@type\":\"ImageObject\",\"inLanguage\":\"es\",\"@id\":\"http:\/\/jososabadell.cat\/es\/2018\/04\/26\/portada-de-miriam-escoboda-del-llibre-de-nuria-riera-una-ola-con-sabor-a-pez\/#primaryimage\",\"url\":\"https:\/\/jososabadell.cat\/wp-content\/uploads\/2018\/04\/cartel_img.png\",\"contentUrl\":\"https:\/\/jososabadell.cat\/wp-content\/uploads\/2018\/04\/cartel_img.png\",\"width\":1020,\"height\":1024},{\"@type\":\"BreadcrumbList\",\"@id\":\"http:\/\/jososabadell.cat\/es\/2018\/04\/26\/portada-de-miriam-escoboda-del-llibre-de-nuria-riera-una-ola-con-sabor-a-pez\/#breadcrumb\",\"itemListElement\":[{\"@type\":\"ListItem\",\"position\":1,\"name\":\"Inici\",\"item\":\"https:\/\/jososabadell.cat\/\"},{\"@type\":\"ListItem\",\"position\":2,\"name\":\"PORTADA DE M\u00cdRIAM ESCOBODA DEL LLIBRE DE N\u00daRIA RIERA UNA OLA CON SABOR A PEZ.\"}]},{\"@type\":\"WebSite\",\"@id\":\"https:\/\/jososabadell.cat\/#website\",\"url\":\"https:\/\/jososabadell.cat\/\",\"name\":\"Escola Joso Sabadell\",\"description\":\"\",\"potentialAction\":[{\"@type\":\"SearchAction\",\"target\":{\"@type\":\"EntryPoint\",\"urlTemplate\":\"https:\/\/jososabadell.cat\/?s={search_term_string}\"},\"query-input\":{\"@type\":\"PropertyValueSpecification\",\"valueRequired\":true,\"valueName\":\"search_term_string\"}}],\"inLanguage\":\"es\"},{\"@type\":\"Person\",\"@id\":\"https:\/\/jososabadell.cat\/#\/schema\/person\/233e57003be70aa898d35bfb3ee0fb72\",\"name\":\"Joso Sabadell\",\"image\":{\"@type\":\"ImageObject\",\"inLanguage\":\"es\",\"@id\":\"https:\/\/jososabadell.cat\/#\/schema\/person\/image\/\",\"url\":\"https:\/\/secure.gravatar.com\/avatar\/5aa9d058168d026c6f8d651849c8cf5d?s=96&d=mm&r=g\",\"contentUrl\":\"https:\/\/secure.gravatar.com\/avatar\/5aa9d058168d026c6f8d651849c8cf5d?s=96&d=mm&r=g\",\"caption\":\"Joso Sabadell\"},\"sameAs\":[\"http:\/\/jososabadell.cat\"]}]}<\/script>\n<!-- \/ Yoast SEO plugin. -->","yoast_head_json":{"title":"PORTADA DE M\u00cdRIAM ESCOBODA DEL LLIBRE DE N\u00daRIA RIERA UNA OLA CON SABOR A PEZ. - Escola Joso Sabadell","robots":{"index":"index","follow":"follow","max-snippet":"max-snippet:-1","max-image-preview":"max-image-preview:large","max-video-preview":"max-video-preview:-1"},"canonical":"http:\/\/jososabadell.cat\/es\/2018\/04\/26\/portada-de-miriam-escoboda-del-llibre-de-nuria-riera-una-ola-con-sabor-a-pez\/","og_locale":"es_ES","og_type":"article","og_title":"PORTADA DE M\u00cdRIAM ESCOBODA DEL LLIBRE DE N\u00daRIA RIERA UNA OLA CON SABOR A PEZ. - Escola Joso Sabadell","og_description":"La M\u00edriam Escobosa, alumna de mat\u00e8ries del 3 er . curs d&#8217;Art-gr\u00e0fic, ens ha anunciat la publicaci\u00f3 del seu \u00faltim treball de disseny gr\u00e0fic de la portada i la il\u00b7lustraci\u00f3 que l&#8217;acompanya del llibre Una ola con sabor a pez de la N\u00faria Riera. Moltes felicitats. \u00c9s molt bonica !","og_url":"http:\/\/jososabadell.cat\/es\/2018\/04\/26\/portada-de-miriam-escoboda-del-llibre-de-nuria-riera-una-ola-con-sabor-a-pez\/","og_site_name":"Escola Joso Sabadell","article_publisher":"https:\/\/www.facebook.com\/escolajososabadell\/","article_published_time":"2018-04-26T10:56:00+00:00","article_modified_time":"2018-06-08T21:48:47+00:00","og_image":[{"width":1020,"height":1024,"url":"https:\/\/jososabadell.cat\/wp-content\/uploads\/2018\/04\/cartel_img.png","type":"image\/png"}],"author":"Joso Sabadell","twitter_card":"summary_large_image","twitter_creator":"@EscolaJosoSbd","twitter_site":"@EscolaJosoSbd","twitter_misc":{"Escrito por":"Joso Sabadell"},"schema":{"@context":"https:\/\/schema.org","@graph":[{"@type":"WebPage","@id":"http:\/\/jososabadell.cat\/es\/2018\/04\/26\/portada-de-miriam-escoboda-del-llibre-de-nuria-riera-una-ola-con-sabor-a-pez\/","url":"http:\/\/jososabadell.cat\/es\/2018\/04\/26\/portada-de-miriam-escoboda-del-llibre-de-nuria-riera-una-ola-con-sabor-a-pez\/","name":"PORTADA DE M\u00cdRIAM ESCOBODA DEL LLIBRE DE N\u00daRIA RIERA UNA OLA CON SABOR A PEZ. - Escola Joso Sabadell","isPartOf":{"@id":"https:\/\/jososabadell.cat\/#website"},"primaryImageOfPage":{"@id":"http:\/\/jososabadell.cat\/es\/2018\/04\/26\/portada-de-miriam-escoboda-del-llibre-de-nuria-riera-una-ola-con-sabor-a-pez\/#primaryimage"},"image":{"@id":"http:\/\/jososabadell.cat\/es\/2018\/04\/26\/portada-de-miriam-escoboda-del-llibre-de-nuria-riera-una-ola-con-sabor-a-pez\/#primaryimage"},"thumbnailUrl":"https:\/\/jososabadell.cat\/wp-content\/uploads\/2018\/04\/cartel_img.png","datePublished":"2018-04-26T10:56:00+00:00","dateModified":"2018-06-08T21:48:47+00:00","author":{"@id":"https:\/\/jososabadell.cat\/#\/schema\/person\/233e57003be70aa898d35bfb3ee0fb72"},"breadcrumb":{"@id":"http:\/\/jososabadell.cat\/es\/2018\/04\/26\/portada-de-miriam-escoboda-del-llibre-de-nuria-riera-una-ola-con-sabor-a-pez\/#breadcrumb"},"inLanguage":"es","potentialAction":[{"@type":"ReadAction","target":["http:\/\/jososabadell.cat\/es\/2018\/04\/26\/portada-de-miriam-escoboda-del-llibre-de-nuria-riera-una-ola-con-sabor-a-pez\/"]}]},{"@type":"ImageObject","inLanguage":"es","@id":"http:\/\/jososabadell.cat\/es\/2018\/04\/26\/portada-de-miriam-escoboda-del-llibre-de-nuria-riera-una-ola-con-sabor-a-pez\/#primaryimage","url":"https:\/\/jososabadell.cat\/wp-content\/uploads\/2018\/04\/cartel_img.png","contentUrl":"https:\/\/jososabadell.cat\/wp-content\/uploads\/2018\/04\/cartel_img.png","width":1020,"height":1024},{"@type":"BreadcrumbList","@id":"http:\/\/jososabadell.cat\/es\/2018\/04\/26\/portada-de-miriam-escoboda-del-llibre-de-nuria-riera-una-ola-con-sabor-a-pez\/#breadcrumb","itemListElement":[{"@type":"ListItem","position":1,"name":"Inici","item":"https:\/\/jososabadell.cat\/"},{"@type":"ListItem","position":2,"name":"PORTADA DE M\u00cdRIAM ESCOBODA DEL LLIBRE DE N\u00daRIA RIERA UNA OLA CON SABOR A PEZ."}]},{"@type":"WebSite","@id":"https:\/\/jososabadell.cat\/#website","url":"https:\/\/jososabadell.cat\/","name":"&nbsp;Escola Joso Sabadell","description":"","potentialAction":[{"@type":"SearchAction","target":{"@type":"EntryPoint","urlTemplate":"https:\/\/jososabadell.cat\/?s={search_term_string}"},"query-input":{"@type":"PropertyValueSpecification","valueRequired":true,"valueName":"search_term_string"}}],"inLanguage":"es"},{"@type":"Person","@id":"https:\/\/jososabadell.cat\/#\/schema\/person\/233e57003be70aa898d35bfb3ee0fb72","name":"Joso Sabadell","image":{"@type":"ImageObject","inLanguage":"es","@id":"https:\/\/jososabadell.cat\/#\/schema\/person\/image\/","url":"https:\/\/secure.gravatar.com\/avatar\/5aa9d058168d026c6f8d651849c8cf5d?s=96&d=mm&r=g","contentUrl":"https:\/\/secure.gravatar.com\/avatar\/5aa9d058168d026c6f8d651849c8cf5d?s=96&d=mm&r=g","caption":"Joso Sabadell"},"sameAs":["http:\/\/jososabadell.cat"]}]}},"_links":{"self":[{"href":"https:\/\/jososabadell.cat\/es\/wp-json\/wp\/v2\/posts\/1011"}],"collection":[{"href":"https:\/\/jososabadell.cat\/es\/wp-json\/wp\/v2\/posts"}],"about":[{"href":"https:\/\/jososabadell.cat\/es\/wp-json\/wp\/v2\/types\/post"}],"author":[{"embeddable":true,"href":"https:\/\/jososabadell.cat\/es\/wp-json\/wp\/v2\/users\/2"}],"replies":[{"embeddable":true,"href":"https:\/\/jososabadell.cat\/es\/wp-json\/wp\/v2\/comments?post=1011"}],"version-history":[{"count":2,"href":"https:\/\/jososabadell.cat\/es\/wp-json\/wp\/v2\/posts\/1011\/revisions"}],"predecessor-version":[{"id":1038,"href":"https:\/\/jososabadell.cat\/es\/wp-json\/wp\/v2\/posts\/1011\/revisions\/1038"}],"wp:featuredmedia":[{"embeddable":true,"href":"https:\/\/jososabadell.cat\/es\/wp-json\/wp\/v2\/media\/1027"}],"wp:attachment":[{"href":"https:\/\/jososabadell.cat\/es\/wp-json\/wp\/v2\/media?parent=1011"}],"wp:term":[{"taxonomy":"category","embeddable":true,"href":"https:\/\/jososabadell.cat\/es\/wp-json\/wp\/v2\/categories?post=1011"},{"taxonomy":"post_tag","embeddable":true,"href":"https:\/\/jososabadell.cat\/es\/wp-json\/wp\/v2\/tags?post=1011"}],"curies":[{"name":"wp","href":"https:\/\/api.w.org\/{rel}","templated":true}]}}