{"id":10335,"date":"2024-03-15T01:55:47","date_gmt":"2024-03-14T23:55:47","guid":{"rendered":"https:\/\/jososabadell.cat\/?p=10335"},"modified":"2024-03-15T01:55:48","modified_gmt":"2024-03-14T23:55:48","slug":"2a-edicio-de-lestetica-del-terror","status":"publish","type":"post","link":"https:\/\/jososabadell.cat\/es\/2024\/03\/15\/2a-edicio-de-lestetica-del-terror\/","title":{"rendered":"2a edici\u00f3 de &#8216;L\u2019Est\u00e8tica del Terror&#8217;"},"content":{"rendered":"<p><strong>En el marc del Festival de Cinema de Terror, l\u2019Escola Joso Sabadell organitza una exposici\u00f3 a l\u2019Acad\u00e8mia de Belles Arts amb una quarantena d\u2019il\u00b7lustracions que aborden la tem\u00e0tica de la por.<\/strong><\/p>\n\n\n\n<p>Mans espectrals que s\u2019obren pas des de la foscor del bosc amena\u00e7ant amb atrapar-nos, figures sobrenaturals amorfes, intimidat\u00f2ries i desassossegants, mirades inquietants que es claven en l\u2019espectador\u2026 urpes, ullals, tenebror. Imatges que evoquen terror. Il\u00b7lustracions de la mostra \u2018L\u2019Est\u00e8tica del Terror\u2019 que acollir\u00e0 durant un mes l\u2019<a href=\"https:\/\/academiabellesarts.org\/exposicio\/lestetica-del-terror-segona-part\/\">Acad\u00e8mia de Belles Arts<\/a>.<\/p>\n\n\n\n<p>La inauguraci\u00f3 de l\u2019exposici\u00f3 ha tingut lloc dijous 14 de mar\u00e7, a les 18.30h. En plena agenda d\u2019activitats del dotz\u00e8 <a href=\"https:\/\/sabadellfilmfestival.com\/es\/2024\/02\/29\/exposicion-escuela-joso-12a-edicion\/\">Festival de Cinema de Terror de Sabadell<\/a>, que va donar el seu tret de sortida diumenge 10 i se celebrar\u00e0 fins al 17. Les obres es podran veure a les parets de la galeria fins al 5 d\u2019abril.<\/p>\n\n\n\n<figure class=\"wp-block-image size-large\"><img loading=\"lazy\" decoding=\"async\" width=\"724\" height=\"1024\" src=\"https:\/\/jososabadell.cat\/wp-content\/uploads\/2024\/03\/2024-LEstetica-del-terror-2a-edicio-724x1024.jpg\" alt=\"\" class=\"wp-image-10336\" srcset=\"https:\/\/jososabadell.cat\/wp-content\/uploads\/2024\/03\/2024-LEstetica-del-terror-2a-edicio-724x1024.jpg 724w, https:\/\/jososabadell.cat\/wp-content\/uploads\/2024\/03\/2024-LEstetica-del-terror-2a-edicio-354x500.jpg 354w, https:\/\/jososabadell.cat\/wp-content\/uploads\/2024\/03\/2024-LEstetica-del-terror-2a-edicio-768x1086.jpg 768w, https:\/\/jososabadell.cat\/wp-content\/uploads\/2024\/03\/2024-LEstetica-del-terror-2a-edicio-8x12.jpg 8w, https:\/\/jososabadell.cat\/wp-content\/uploads\/2024\/03\/2024-LEstetica-del-terror-2a-edicio-320x453.jpg 320w, https:\/\/jososabadell.cat\/wp-content\/uploads\/2024\/03\/2024-LEstetica-del-terror-2a-edicio-480x679.jpg 480w, https:\/\/jososabadell.cat\/wp-content\/uploads\/2024\/03\/2024-LEstetica-del-terror-2a-edicio.jpg 794w\" sizes=\"(max-width: 724px) 100vw, 724px\" \/><\/figure>\n\n\n\n<div style=\"height:20px\" aria-hidden=\"true\" class=\"wp-block-spacer\"><\/div>\n\n\n\n<p>Les il\u00b7lustracions s\u00f3n obra d\u2019alumnes dels diferents cursos de l\u2019Escola Joso Sabadell. La varietat d\u2019estils, d\u2019autores i autors d\u2019edats i etapes en la seva relaci\u00f3 amb el dibuix molt diverses, creen i recreen el terror des dels seus abordatges est\u00e8tics particulars.\u00a0<\/p>\n\n\n\n<p>En conjunt, visions tan diverses sobre la por, formen un crisol de paratges, personatges o hist\u00f2ries que provoquen terror i, tanmateix, cerquen ser atractius. L\u2019est\u00e8tica del terror.<\/p>\n\n\n\n<p><strong>El cartell<\/strong><\/p>\n\n\n\n<p>Trencant un escenari vermell, d&#8217;un vermell intens i profund, protagonitza el cartell d\u2019enguany una noia de blanc, a la gatzoneta, al costat de la seva katana clavada a terra. Davant seu, en primer terme, un esquelet i el cad\u00e0ver d\u2019una nena. La misteriosa figura ens mira fixament, amb el rostre cobert per una m\u00e0scara decorada amb una amena\u00e7adora dentadura.&nbsp;<\/p>\n\n\n\n<p>L\u2019emmascarada \u00e9s Erica Slaughter, personatge principal de \u2018Something Is Killing the Children\u2019. L\u2019autora de l\u2019art del cartell, <a href=\"https:\/\/marinavidal.cargo.site\/SIKTC\">Marina Vidal<\/a>, homenatja amb la il\u00b7lustraci\u00f3 a aquesta s\u00e8rie de c\u00f2mics de terror, iniciada al juny de 2019, que acumula una legi\u00f3 de fans i el reconeixement de la cr\u00edtica especialitzada (t\u00e9 al seu haver, per exemple, tres Eisner: dos a millor escriptor i un a millor s\u00e8rie). Prova d\u2019aix\u00f2 \u00e9s que inicialment la col\u00b7lecci\u00f3 havia de tenir cinc n\u00fameros i ja en porta trenta-cinc. I properament es podr\u00e0 veure una adaptaci\u00f3 a Netflix.\u00a0<\/p>\n\n\n\n<p>Marina Vidal va n\u00e9ixer a Sabadell al 1993. \u00c9s dibuixant i il\u00b7lustradora. Sobretot s\u2019identifca amb l\u2019etiqueta de cover artist. No \u00e9s per menys; si parlem de portades il\u00b7lustrades de ci\u00e8ncia ficci\u00f3 i fantasia, parlem de Marina Vidal. Seves s\u00f3n, entre molt\u00edssimes d\u2019altres, les portades de les novel\u00b7les de Terry Pratchett de l\u2019editorial Mai M\u00e9s (la darrera \u00e9s \u2018Germanes Fatals\u2019) o de la s\u00e8rie \u2018Alcatraz\u2019 de Brandon Sanderson, de l\u2019editorial B de Blok. Va ser alumna de l\u2019Escola Joso Sabadell entre 2005 i 2012. Com a professora del centre s\u2019incorpor\u00e0 al 2018. Actualment imparteix classes de C\u00f2mic \u2013 Manga i de l\u2019assignatura de Dibuix I al primer curs d\u2019Art Gr\u00e0fic.\u00a0<\/p>\n\n\n\n<hr class=\"wp-block-separator has-alpha-channel-opacity\"\/>\n\n\n\n<p>\ud83d\udcf8Fotografia principal: <a href=\"https:\/\/www.instagram.com\/_edvlls_\/\">Edna Valls<\/a> y <a href=\"https:\/\/www.instagram.com\/gerayserant\/\">Geray Serrano<\/a>, de 1r i 4t d&#8217;Art Gr\u00e0fic respectivament, assenyalen les seves obres. <\/p>","protected":false},"excerpt":{"rendered":"<p>En el marc del Festival de Cinema de Terror, l\u2019Escola Joso Sabadell organitza una exposici\u00f3 a l\u2019Acad\u00e8mia de Belles Arts amb una quarantena d\u2019il\u00b7lustracions que aborden la tem\u00e0tica de la por. Mans espectrals que s\u2019obren pas des de la foscor del bosc amena\u00e7ant amb atrapar-nos, figures sobrenaturals amorfes, intimidat\u00f2ries i desassossegants, mirades inquietants que es [&hellip;]<\/p>\n","protected":false},"author":2,"featured_media":10337,"comment_status":"open","ping_status":"open","sticky":false,"template":"","format":"standard","meta":{"_monsterinsights_skip_tracking":false,"_monsterinsights_sitenote_active":false,"_monsterinsights_sitenote_note":"","_monsterinsights_sitenote_category":0,"footnotes":""},"categories":[1297,1287,1288,1289],"tags":[1300,1301,1298,1299],"class_list":["post-10335","post","type-post","status-publish","format-standard","has-post-thumbnail","hentry","category-activitats","category-artgrafic","category-comic-manga","category-comic-mangainfantil","tag-academia-de-belles-arts-de-sabadell","tag-exposicio","tag-festival-de-cinema-de-terror-de-sabadell","tag-lestetica-del-terror"],"yoast_head":"<!-- This site is optimized with the Yoast SEO plugin v25.6 - https:\/\/yoast.com\/wordpress\/plugins\/seo\/ -->\n<title>2a edici\u00f3 de &#039;L\u2019Est\u00e8tica del Terror&#039; - Escola Joso Sabadell<\/title>\n<meta name=\"robots\" content=\"index, follow, max-snippet:-1, max-image-preview:large, max-video-preview:-1\" \/>\n<link rel=\"canonical\" href=\"https:\/\/jososabadell.cat\/es\/2024\/03\/15\/2a-edicio-de-lestetica-del-terror\/\" \/>\n<meta property=\"og:locale\" content=\"es_ES\" \/>\n<meta property=\"og:type\" content=\"article\" \/>\n<meta property=\"og:title\" content=\"2a edici\u00f3 de &#039;L\u2019Est\u00e8tica del Terror&#039; - Escola Joso Sabadell\" \/>\n<meta property=\"og:description\" content=\"En el marc del Festival de Cinema de Terror, l\u2019Escola Joso Sabadell organitza una exposici\u00f3 a l\u2019Acad\u00e8mia de Belles Arts amb una quarantena d\u2019il\u00b7lustracions que aborden la tem\u00e0tica de la por. Mans espectrals que s\u2019obren pas des de la foscor del bosc amena\u00e7ant amb atrapar-nos, figures sobrenaturals amorfes, intimidat\u00f2ries i desassossegants, mirades inquietants que es [&hellip;]\" \/>\n<meta property=\"og:url\" content=\"https:\/\/jososabadell.cat\/es\/2024\/03\/15\/2a-edicio-de-lestetica-del-terror\/\" \/>\n<meta property=\"og:site_name\" content=\"Escola Joso Sabadell\" \/>\n<meta property=\"article:publisher\" content=\"https:\/\/www.facebook.com\/escolajososabadell\/\" \/>\n<meta property=\"article:published_time\" content=\"2024-03-14T23:55:47+00:00\" \/>\n<meta property=\"article:modified_time\" content=\"2024-03-14T23:55:48+00:00\" \/>\n<meta property=\"og:image\" content=\"https:\/\/jososabadell.cat\/wp-content\/uploads\/2024\/03\/240314-Edna-Valls-i-Geray-Serrano-Estetica-del-Terror-2a-edicio-web.jpg\" \/>\n\t<meta property=\"og:image:width\" content=\"818\" \/>\n\t<meta property=\"og:image:height\" content=\"370\" \/>\n\t<meta property=\"og:image:type\" content=\"image\/jpeg\" \/>\n<meta name=\"author\" content=\"Joso Sabadell\" \/>\n<meta name=\"twitter:card\" content=\"summary_large_image\" \/>\n<meta name=\"twitter:creator\" content=\"@EscolaJosoSbd\" \/>\n<meta name=\"twitter:site\" content=\"@EscolaJosoSbd\" \/>\n<meta name=\"twitter:label1\" content=\"Escrito por\" \/>\n\t<meta name=\"twitter:data1\" content=\"Joso Sabadell\" \/>\n\t<meta name=\"twitter:label2\" content=\"Tiempo de lectura\" \/>\n\t<meta name=\"twitter:data2\" content=\"4 minutos\" \/>\n<script type=\"application\/ld+json\" class=\"yoast-schema-graph\">{\"@context\":\"https:\/\/schema.org\",\"@graph\":[{\"@type\":\"WebPage\",\"@id\":\"https:\/\/jososabadell.cat\/2024\/03\/15\/2a-edicio-de-lestetica-del-terror\/\",\"url\":\"https:\/\/jososabadell.cat\/2024\/03\/15\/2a-edicio-de-lestetica-del-terror\/\",\"name\":\"2a edici\u00f3 de 'L\u2019Est\u00e8tica del Terror' - Escola Joso Sabadell\",\"isPartOf\":{\"@id\":\"https:\/\/jososabadell.cat\/#website\"},\"primaryImageOfPage\":{\"@id\":\"https:\/\/jososabadell.cat\/2024\/03\/15\/2a-edicio-de-lestetica-del-terror\/#primaryimage\"},\"image\":{\"@id\":\"https:\/\/jososabadell.cat\/2024\/03\/15\/2a-edicio-de-lestetica-del-terror\/#primaryimage\"},\"thumbnailUrl\":\"https:\/\/jososabadell.cat\/wp-content\/uploads\/2024\/03\/240314-Edna-Valls-i-Geray-Serrano-Estetica-del-Terror-2a-edicio-web.jpg\",\"datePublished\":\"2024-03-14T23:55:47+00:00\",\"dateModified\":\"2024-03-14T23:55:48+00:00\",\"author\":{\"@id\":\"https:\/\/jososabadell.cat\/#\/schema\/person\/233e57003be70aa898d35bfb3ee0fb72\"},\"breadcrumb\":{\"@id\":\"https:\/\/jososabadell.cat\/2024\/03\/15\/2a-edicio-de-lestetica-del-terror\/#breadcrumb\"},\"inLanguage\":\"es\",\"potentialAction\":[{\"@type\":\"ReadAction\",\"target\":[\"https:\/\/jososabadell.cat\/2024\/03\/15\/2a-edicio-de-lestetica-del-terror\/\"]}]},{\"@type\":\"ImageObject\",\"inLanguage\":\"es\",\"@id\":\"https:\/\/jososabadell.cat\/2024\/03\/15\/2a-edicio-de-lestetica-del-terror\/#primaryimage\",\"url\":\"https:\/\/jososabadell.cat\/wp-content\/uploads\/2024\/03\/240314-Edna-Valls-i-Geray-Serrano-Estetica-del-Terror-2a-edicio-web.jpg\",\"contentUrl\":\"https:\/\/jososabadell.cat\/wp-content\/uploads\/2024\/03\/240314-Edna-Valls-i-Geray-Serrano-Estetica-del-Terror-2a-edicio-web.jpg\",\"width\":818,\"height\":370,\"caption\":\"Edna Valls i Geray Serrano, d'Art Gr\u00e0fic, davant les seves obres.\"},{\"@type\":\"BreadcrumbList\",\"@id\":\"https:\/\/jososabadell.cat\/2024\/03\/15\/2a-edicio-de-lestetica-del-terror\/#breadcrumb\",\"itemListElement\":[{\"@type\":\"ListItem\",\"position\":1,\"name\":\"Inici\",\"item\":\"https:\/\/jososabadell.cat\/\"},{\"@type\":\"ListItem\",\"position\":2,\"name\":\"2a edici\u00f3 de &#8216;L\u2019Est\u00e8tica del Terror&#8217;\"}]},{\"@type\":\"WebSite\",\"@id\":\"https:\/\/jososabadell.cat\/#website\",\"url\":\"https:\/\/jososabadell.cat\/\",\"name\":\"Escola Joso Sabadell\",\"description\":\"\",\"potentialAction\":[{\"@type\":\"SearchAction\",\"target\":{\"@type\":\"EntryPoint\",\"urlTemplate\":\"https:\/\/jososabadell.cat\/?s={search_term_string}\"},\"query-input\":{\"@type\":\"PropertyValueSpecification\",\"valueRequired\":true,\"valueName\":\"search_term_string\"}}],\"inLanguage\":\"es\"},{\"@type\":\"Person\",\"@id\":\"https:\/\/jososabadell.cat\/#\/schema\/person\/233e57003be70aa898d35bfb3ee0fb72\",\"name\":\"Joso Sabadell\",\"image\":{\"@type\":\"ImageObject\",\"inLanguage\":\"es\",\"@id\":\"https:\/\/jososabadell.cat\/#\/schema\/person\/image\/\",\"url\":\"https:\/\/secure.gravatar.com\/avatar\/5aa9d058168d026c6f8d651849c8cf5d?s=96&d=mm&r=g\",\"contentUrl\":\"https:\/\/secure.gravatar.com\/avatar\/5aa9d058168d026c6f8d651849c8cf5d?s=96&d=mm&r=g\",\"caption\":\"Joso Sabadell\"},\"sameAs\":[\"http:\/\/jososabadell.cat\"]}]}<\/script>\n<!-- \/ Yoast SEO plugin. -->","yoast_head_json":{"title":"2a edici\u00f3 de 'L\u2019Est\u00e8tica del Terror' - Escola Joso Sabadell","robots":{"index":"index","follow":"follow","max-snippet":"max-snippet:-1","max-image-preview":"max-image-preview:large","max-video-preview":"max-video-preview:-1"},"canonical":"https:\/\/jososabadell.cat\/es\/2024\/03\/15\/2a-edicio-de-lestetica-del-terror\/","og_locale":"es_ES","og_type":"article","og_title":"2a edici\u00f3 de 'L\u2019Est\u00e8tica del Terror' - Escola Joso Sabadell","og_description":"En el marc del Festival de Cinema de Terror, l\u2019Escola Joso Sabadell organitza una exposici\u00f3 a l\u2019Acad\u00e8mia de Belles Arts amb una quarantena d\u2019il\u00b7lustracions que aborden la tem\u00e0tica de la por. Mans espectrals que s\u2019obren pas des de la foscor del bosc amena\u00e7ant amb atrapar-nos, figures sobrenaturals amorfes, intimidat\u00f2ries i desassossegants, mirades inquietants que es [&hellip;]","og_url":"https:\/\/jososabadell.cat\/es\/2024\/03\/15\/2a-edicio-de-lestetica-del-terror\/","og_site_name":"Escola Joso Sabadell","article_publisher":"https:\/\/www.facebook.com\/escolajososabadell\/","article_published_time":"2024-03-14T23:55:47+00:00","article_modified_time":"2024-03-14T23:55:48+00:00","og_image":[{"width":818,"height":370,"url":"https:\/\/jososabadell.cat\/wp-content\/uploads\/2024\/03\/240314-Edna-Valls-i-Geray-Serrano-Estetica-del-Terror-2a-edicio-web.jpg","type":"image\/jpeg"}],"author":"Joso Sabadell","twitter_card":"summary_large_image","twitter_creator":"@EscolaJosoSbd","twitter_site":"@EscolaJosoSbd","twitter_misc":{"Escrito por":"Joso Sabadell","Tiempo de lectura":"4 minutos"},"schema":{"@context":"https:\/\/schema.org","@graph":[{"@type":"WebPage","@id":"https:\/\/jososabadell.cat\/2024\/03\/15\/2a-edicio-de-lestetica-del-terror\/","url":"https:\/\/jososabadell.cat\/2024\/03\/15\/2a-edicio-de-lestetica-del-terror\/","name":"2a edici\u00f3 de 'L\u2019Est\u00e8tica del Terror' - Escola Joso Sabadell","isPartOf":{"@id":"https:\/\/jososabadell.cat\/#website"},"primaryImageOfPage":{"@id":"https:\/\/jososabadell.cat\/2024\/03\/15\/2a-edicio-de-lestetica-del-terror\/#primaryimage"},"image":{"@id":"https:\/\/jososabadell.cat\/2024\/03\/15\/2a-edicio-de-lestetica-del-terror\/#primaryimage"},"thumbnailUrl":"https:\/\/jososabadell.cat\/wp-content\/uploads\/2024\/03\/240314-Edna-Valls-i-Geray-Serrano-Estetica-del-Terror-2a-edicio-web.jpg","datePublished":"2024-03-14T23:55:47+00:00","dateModified":"2024-03-14T23:55:48+00:00","author":{"@id":"https:\/\/jososabadell.cat\/#\/schema\/person\/233e57003be70aa898d35bfb3ee0fb72"},"breadcrumb":{"@id":"https:\/\/jososabadell.cat\/2024\/03\/15\/2a-edicio-de-lestetica-del-terror\/#breadcrumb"},"inLanguage":"es","potentialAction":[{"@type":"ReadAction","target":["https:\/\/jososabadell.cat\/2024\/03\/15\/2a-edicio-de-lestetica-del-terror\/"]}]},{"@type":"ImageObject","inLanguage":"es","@id":"https:\/\/jososabadell.cat\/2024\/03\/15\/2a-edicio-de-lestetica-del-terror\/#primaryimage","url":"https:\/\/jososabadell.cat\/wp-content\/uploads\/2024\/03\/240314-Edna-Valls-i-Geray-Serrano-Estetica-del-Terror-2a-edicio-web.jpg","contentUrl":"https:\/\/jososabadell.cat\/wp-content\/uploads\/2024\/03\/240314-Edna-Valls-i-Geray-Serrano-Estetica-del-Terror-2a-edicio-web.jpg","width":818,"height":370,"caption":"Edna Valls i Geray Serrano, d'Art Gr\u00e0fic, davant les seves obres."},{"@type":"BreadcrumbList","@id":"https:\/\/jososabadell.cat\/2024\/03\/15\/2a-edicio-de-lestetica-del-terror\/#breadcrumb","itemListElement":[{"@type":"ListItem","position":1,"name":"Inici","item":"https:\/\/jososabadell.cat\/"},{"@type":"ListItem","position":2,"name":"2a edici\u00f3 de &#8216;L\u2019Est\u00e8tica del Terror&#8217;"}]},{"@type":"WebSite","@id":"https:\/\/jososabadell.cat\/#website","url":"https:\/\/jososabadell.cat\/","name":"&nbsp;Escola Joso Sabadell","description":"","potentialAction":[{"@type":"SearchAction","target":{"@type":"EntryPoint","urlTemplate":"https:\/\/jososabadell.cat\/?s={search_term_string}"},"query-input":{"@type":"PropertyValueSpecification","valueRequired":true,"valueName":"search_term_string"}}],"inLanguage":"es"},{"@type":"Person","@id":"https:\/\/jososabadell.cat\/#\/schema\/person\/233e57003be70aa898d35bfb3ee0fb72","name":"Joso Sabadell","image":{"@type":"ImageObject","inLanguage":"es","@id":"https:\/\/jososabadell.cat\/#\/schema\/person\/image\/","url":"https:\/\/secure.gravatar.com\/avatar\/5aa9d058168d026c6f8d651849c8cf5d?s=96&d=mm&r=g","contentUrl":"https:\/\/secure.gravatar.com\/avatar\/5aa9d058168d026c6f8d651849c8cf5d?s=96&d=mm&r=g","caption":"Joso Sabadell"},"sameAs":["http:\/\/jososabadell.cat"]}]}},"_links":{"self":[{"href":"https:\/\/jososabadell.cat\/es\/wp-json\/wp\/v2\/posts\/10335"}],"collection":[{"href":"https:\/\/jososabadell.cat\/es\/wp-json\/wp\/v2\/posts"}],"about":[{"href":"https:\/\/jososabadell.cat\/es\/wp-json\/wp\/v2\/types\/post"}],"author":[{"embeddable":true,"href":"https:\/\/jososabadell.cat\/es\/wp-json\/wp\/v2\/users\/2"}],"replies":[{"embeddable":true,"href":"https:\/\/jososabadell.cat\/es\/wp-json\/wp\/v2\/comments?post=10335"}],"version-history":[{"count":1,"href":"https:\/\/jososabadell.cat\/es\/wp-json\/wp\/v2\/posts\/10335\/revisions"}],"predecessor-version":[{"id":10338,"href":"https:\/\/jososabadell.cat\/es\/wp-json\/wp\/v2\/posts\/10335\/revisions\/10338"}],"wp:featuredmedia":[{"embeddable":true,"href":"https:\/\/jososabadell.cat\/es\/wp-json\/wp\/v2\/media\/10337"}],"wp:attachment":[{"href":"https:\/\/jososabadell.cat\/es\/wp-json\/wp\/v2\/media?parent=10335"}],"wp:term":[{"taxonomy":"category","embeddable":true,"href":"https:\/\/jososabadell.cat\/es\/wp-json\/wp\/v2\/categories?post=10335"},{"taxonomy":"post_tag","embeddable":true,"href":"https:\/\/jososabadell.cat\/es\/wp-json\/wp\/v2\/tags?post=10335"}],"curies":[{"name":"wp","href":"https:\/\/api.w.org\/{rel}","templated":true}]}}