{"id":10557,"date":"2024-04-20T09:55:55","date_gmt":"2024-04-20T07:55:55","guid":{"rendered":"https:\/\/jososabadell.cat\/?p=10557"},"modified":"2024-04-20T10:06:41","modified_gmt":"2024-04-20T08:06:41","slug":"5-puertas-el-fanzine-de-4t-dart-grafic","status":"publish","type":"post","link":"https:\/\/jososabadell.cat\/es\/2024\/04\/20\/5-puertas-el-fanzine-de-4t-dart-grafic\/","title":{"rendered":"&#8216;5 Puertas&#8217;: el fanzine dels alumnes de 4t d&#8217;Art Gr\u00e0fic"},"content":{"rendered":"<p><strong>A 4t d\u2019Art Gr\u00e0fic, els i les alumnes han de publicar el seu propi fanzine. Que a aquestes al\u00e7ades saben fer p\u00e0gines, ja ho sabem. Pensar una idea, preparar el gui\u00f3, composar les planes, esbossar-les, dibuixar-les\u2026 i tots els factors a tenir en compte en cadascun d\u2019aquests passos. Ai! Qu\u00e8 f\u00e0cil \u00e9s oblidar-se de deixar espai suficient per a les bafarades!<\/strong><\/p>\n\n\n\n<p>Per\u00f2 a banda de fer p\u00e0gines, autopublicar \u00e9s una experi\u00e8ncia formativa perfecta per con\u00e8ixer de primera m\u00e0 totes les etapes de l\u2019edici\u00f3 i els diferents rols que hi intervenen. Saber organitzar equips, distribuir tasques, complir un calendari, encarar imprevistos, aconseguir finan\u00e7ament, dissenyar una bona identitat visual, maquetar, gestionar la impressi\u00f3\u2026&nbsp;<\/p>\n\n\n<div class=\"wp-block-image\">\n<figure class=\"aligncenter size-large\"><img loading=\"lazy\" decoding=\"async\" width=\"1024\" height=\"683\" src=\"https:\/\/jososabadell.cat\/wp-content\/uploads\/2024\/04\/5-Puertas-fanzine-alumnes-Escola-Joso-Sabadell-web-1024x683.jpg\" alt=\"\" class=\"wp-image-10558\" srcset=\"https:\/\/jososabadell.cat\/wp-content\/uploads\/2024\/04\/5-Puertas-fanzine-alumnes-Escola-Joso-Sabadell-web-1024x683.jpg 1024w, https:\/\/jososabadell.cat\/wp-content\/uploads\/2024\/04\/5-Puertas-fanzine-alumnes-Escola-Joso-Sabadell-web-500x333.jpg 500w, https:\/\/jososabadell.cat\/wp-content\/uploads\/2024\/04\/5-Puertas-fanzine-alumnes-Escola-Joso-Sabadell-web-768x512.jpg 768w, https:\/\/jososabadell.cat\/wp-content\/uploads\/2024\/04\/5-Puertas-fanzine-alumnes-Escola-Joso-Sabadell-web-18x12.jpg 18w, https:\/\/jososabadell.cat\/wp-content\/uploads\/2024\/04\/5-Puertas-fanzine-alumnes-Escola-Joso-Sabadell-web-320x213.jpg 320w, https:\/\/jososabadell.cat\/wp-content\/uploads\/2024\/04\/5-Puertas-fanzine-alumnes-Escola-Joso-Sabadell-web-480x320.jpg 480w, https:\/\/jososabadell.cat\/wp-content\/uploads\/2024\/04\/5-Puertas-fanzine-alumnes-Escola-Joso-Sabadell-web-800x533.jpg 800w, https:\/\/jososabadell.cat\/wp-content\/uploads\/2024\/04\/5-Puertas-fanzine-alumnes-Escola-Joso-Sabadell-web-870x580.jpg 870w, https:\/\/jososabadell.cat\/wp-content\/uploads\/2024\/04\/5-Puertas-fanzine-alumnes-Escola-Joso-Sabadell-web.jpg 1200w\" sizes=\"(max-width: 1024px) 100vw, 1024px\" \/><figcaption class=\"wp-element-caption\"><sub>D&#8217;esquerra a dreta: Laura Girvent, Oscar S. Guiont, Geray Serrano i Gerard Babiloni.<\/sub><\/figcaption><\/figure><\/div>\n\n\n<p>\u20185 Puertas\u2019 \u00e9s el resultat de mesos de treball i darrera hi ha les il\u00b7lusions de cinc artistes que aviat deixaran l\u2019escola per endinsar-se al m\u00f3n professional. Cadascun d\u2019ells ha elaborat entre 8 i 10 p\u00e0gines, amb una porta com a element destacat de la seva hist\u00f2ria.&nbsp;<\/p>\n\n\n<div class=\"wp-block-image\">\n<figure class=\"aligncenter size-full is-resized\"><img loading=\"lazy\" decoding=\"async\" width=\"559\" height=\"794\" src=\"https:\/\/jososabadell.cat\/wp-content\/uploads\/2024\/04\/Fanzine-5-Geray-Serrano.jpg\" alt=\"\" class=\"wp-image-10560\" style=\"width:400px\" srcset=\"https:\/\/jososabadell.cat\/wp-content\/uploads\/2024\/04\/Fanzine-5-Geray-Serrano.jpg 559w, https:\/\/jososabadell.cat\/wp-content\/uploads\/2024\/04\/Fanzine-5-Geray-Serrano-352x500.jpg 352w, https:\/\/jososabadell.cat\/wp-content\/uploads\/2024\/04\/Fanzine-5-Geray-Serrano-8x12.jpg 8w, https:\/\/jososabadell.cat\/wp-content\/uploads\/2024\/04\/Fanzine-5-Geray-Serrano-320x455.jpg 320w, https:\/\/jososabadell.cat\/wp-content\/uploads\/2024\/04\/Fanzine-5-Geray-Serrano-480x682.jpg 480w\" sizes=\"(max-width: 559px) 100vw, 559px\" \/><\/figure><\/div>\n\n\n<div style=\"height:10px\" aria-hidden=\"true\" class=\"wp-block-spacer\"><\/div>\n\n\n\n<p>\u2018<strong>Sombras y Ra\u00edces<\/strong>\u2019, del <a href=\"https:\/\/www.instagram.com\/gerayserant\/\">Geray Serrano<\/a>, ens trasllada en les seves p\u00e0gines a una aldea on molts dels seus habitants han anat desapareixent des que, al bosc colindant, va materialitzar-se una misteriosa porta. La llegenda diu que qui sigui capa\u00e7 d\u2019obrir-la far\u00e0 realitat els seus desitjos.<\/p>\n\n\n<div class=\"wp-block-image\">\n<figure class=\"aligncenter size-full is-resized\"><img loading=\"lazy\" decoding=\"async\" width=\"559\" height=\"794\" src=\"https:\/\/jososabadell.cat\/wp-content\/uploads\/2024\/04\/Fanzine-5-Oscar-S.-Guinot.jpg\" alt=\"\" class=\"wp-image-10561\" style=\"width:400px\" srcset=\"https:\/\/jososabadell.cat\/wp-content\/uploads\/2024\/04\/Fanzine-5-Oscar-S.-Guinot.jpg 559w, https:\/\/jososabadell.cat\/wp-content\/uploads\/2024\/04\/Fanzine-5-Oscar-S.-Guinot-352x500.jpg 352w, https:\/\/jososabadell.cat\/wp-content\/uploads\/2024\/04\/Fanzine-5-Oscar-S.-Guinot-8x12.jpg 8w, https:\/\/jososabadell.cat\/wp-content\/uploads\/2024\/04\/Fanzine-5-Oscar-S.-Guinot-320x455.jpg 320w, https:\/\/jososabadell.cat\/wp-content\/uploads\/2024\/04\/Fanzine-5-Oscar-S.-Guinot-480x682.jpg 480w\" sizes=\"(max-width: 559px) 100vw, 559px\" \/><\/figure><\/div>\n\n\n<div style=\"height:10px\" aria-hidden=\"true\" class=\"wp-block-spacer\"><\/div>\n\n\n\n<p>\u2018<strong>Walk it away<\/strong>\u2019, d\u2019<a href=\"https:\/\/www.instagram.com\/oscarguinot\/\">Oscar S. Guinot<\/a>, ens posa a la pell d\u2019un heroi desterrat de la seva aldea per no haver estat capa\u00e7 de superar el tradicional ritual dels guerrers. Al mig del bosc, i en companyia d\u2019altres aventurers, aviat la seva v\u00e0lua es tornar\u00e0 a posar a prova.&nbsp;<\/p>\n\n\n<div class=\"wp-block-image\">\n<figure class=\"aligncenter size-full is-resized\"><img loading=\"lazy\" decoding=\"async\" width=\"559\" height=\"794\" src=\"https:\/\/jososabadell.cat\/wp-content\/uploads\/2024\/04\/Fanzine-5-Laura-Girvent.jpg\" alt=\"\" class=\"wp-image-10562\" style=\"width:400px\" srcset=\"https:\/\/jososabadell.cat\/wp-content\/uploads\/2024\/04\/Fanzine-5-Laura-Girvent.jpg 559w, https:\/\/jososabadell.cat\/wp-content\/uploads\/2024\/04\/Fanzine-5-Laura-Girvent-352x500.jpg 352w, https:\/\/jososabadell.cat\/wp-content\/uploads\/2024\/04\/Fanzine-5-Laura-Girvent-8x12.jpg 8w, https:\/\/jososabadell.cat\/wp-content\/uploads\/2024\/04\/Fanzine-5-Laura-Girvent-320x455.jpg 320w, https:\/\/jososabadell.cat\/wp-content\/uploads\/2024\/04\/Fanzine-5-Laura-Girvent-480x682.jpg 480w\" sizes=\"(max-width: 559px) 100vw, 559px\" \/><\/figure><\/div>\n\n\n<div style=\"height:10px\" aria-hidden=\"true\" class=\"wp-block-spacer\"><\/div>\n\n\n\n<p>La <a href=\"https:\/\/www.instagram.com\/torarunaa\/\">Laura Girvent<\/a> ens explica a \u2018<strong>El invitado<\/strong>\u2019 un episodi habitual en tota hist\u00f2ria d\u2019amor: con\u00e8ixer als sogres. Timber, una gata de bona fam\u00edlia, ha organitzat un dinar familiar per presentar a Shep, un gos acostumat a que li tanquin la porta a la cara.<\/p>\n\n\n<div class=\"wp-block-image\">\n<figure class=\"aligncenter size-full is-resized\"><img loading=\"lazy\" decoding=\"async\" width=\"559\" height=\"794\" src=\"https:\/\/jososabadell.cat\/wp-content\/uploads\/2024\/04\/Fanzine-5-Celia-Montalban.jpg\" alt=\"\" class=\"wp-image-10563\" style=\"width:400px\" srcset=\"https:\/\/jososabadell.cat\/wp-content\/uploads\/2024\/04\/Fanzine-5-Celia-Montalban.jpg 559w, https:\/\/jososabadell.cat\/wp-content\/uploads\/2024\/04\/Fanzine-5-Celia-Montalban-352x500.jpg 352w, https:\/\/jososabadell.cat\/wp-content\/uploads\/2024\/04\/Fanzine-5-Celia-Montalban-8x12.jpg 8w, https:\/\/jososabadell.cat\/wp-content\/uploads\/2024\/04\/Fanzine-5-Celia-Montalban-320x455.jpg 320w, https:\/\/jososabadell.cat\/wp-content\/uploads\/2024\/04\/Fanzine-5-Celia-Montalban-480x682.jpg 480w\" sizes=\"(max-width: 559px) 100vw, 559px\" \/><\/figure><\/div>\n\n\n<div style=\"height:11px\" aria-hidden=\"true\" class=\"wp-block-spacer\"><\/div>\n\n\n\n<p>Un misteri\u00f3s grafiter \u00e9s enxampat per gu\u00e0rdies de seguretat mentre vandalitza un vag\u00f3. Tot i la superioritat num\u00e8rica i f\u00edsica dels gu\u00e0rdies, l\u2019artista urb\u00e0 compta amb un as a la m\u00e0niga per lliurar-se de la situaci\u00f3. Aquesta \u00e9s la premisa de \u2018<strong>Outside the wall<\/strong>\u2019, de <a href=\"https:\/\/www.instagram.com\/celiamb.art\/\">Celia Montalb\u00e1n<\/a>.&nbsp;<\/p>\n\n\n<div class=\"wp-block-image\">\n<figure class=\"aligncenter size-full is-resized\"><img loading=\"lazy\" decoding=\"async\" width=\"559\" height=\"794\" src=\"https:\/\/jososabadell.cat\/wp-content\/uploads\/2024\/04\/Fanzine-5-Gerard-Babiloni.jpg\" alt=\"\" class=\"wp-image-10564\" style=\"width:400px\" srcset=\"https:\/\/jososabadell.cat\/wp-content\/uploads\/2024\/04\/Fanzine-5-Gerard-Babiloni.jpg 559w, https:\/\/jososabadell.cat\/wp-content\/uploads\/2024\/04\/Fanzine-5-Gerard-Babiloni-352x500.jpg 352w, https:\/\/jososabadell.cat\/wp-content\/uploads\/2024\/04\/Fanzine-5-Gerard-Babiloni-8x12.jpg 8w, https:\/\/jososabadell.cat\/wp-content\/uploads\/2024\/04\/Fanzine-5-Gerard-Babiloni-320x455.jpg 320w, https:\/\/jososabadell.cat\/wp-content\/uploads\/2024\/04\/Fanzine-5-Gerard-Babiloni-480x682.jpg 480w\" sizes=\"(max-width: 559px) 100vw, 559px\" \/><\/figure><\/div>\n\n\n<div style=\"height:10px\" aria-hidden=\"true\" class=\"wp-block-spacer\"><\/div>\n\n\n\n<p>\u2018Plastic Memories\u2019, \u2018Yo, Robot\u2019, \u2018Blade Runner\u2019,&#8230; les refer\u00e8ncies a la millor tradici\u00f3 de la ci\u00e8ncia ficci\u00f3 d\u2019androides impregnen les p\u00e0gines de \u2018<strong>Scrapheart<\/strong>\u2019, de <a href=\"https:\/\/www.instagram.com\/gerardbabiloni_art\/\">Gerard Babilon<\/a>i. Jon, el protagonista, \u00e9s un agent encarregat de retirar de servei als androides que han complert el seu cicle. I ho fa de manera freda i distant.&nbsp;&nbsp;<\/p>\n\n\n\n<p>\u20185 Puertas\u2019 tamb\u00e9 inclou col\u00b7laboracions d\u2019altres artistes de l\u2019entorn de la nostra escola: <a href=\"https:\/\/www.instagram.com\/oriolvlak\/\">Oriol Hern\u00e1ndez<\/a>, <a href=\"https:\/\/www.instagram.com\/busquetjosep\/\">Josep Busquet<\/a>, <a href=\"https:\/\/www.instagram.com\/yunnamallen\/\">Yunna Mallen<\/a>, <a href=\"https:\/\/www.instagram.com\/rokushiart\/\">Rokushi<\/a>, <a href=\"https:\/\/www.instagram.com\/sidral_alex\/\">Alex Lopez<\/a>, <a href=\"https:\/\/www.instagram.com\/agrande.art\/\">Alicia Grande<\/a>, <a href=\"https:\/\/www.instagram.com\/mariamomoart\/\">Maria Molina<\/a>, <a href=\"https:\/\/www.instagram.com\/minguelljordi\/\">Jordi Minguell<\/a>, <a href=\"https:\/\/www.instagram.com\/manugarabatos\/\">Manu Ortega<\/a>, <a href=\"https:\/\/www.instagram.com\/rogervidal_art\/\">Roger Vidal<\/a>, <a href=\"https:\/\/www.instagram.com\/gema_foz\/\">Gema Foz<\/a>, <a href=\"https:\/\/www.instagram.com\/meritxellgarciadotcom\/\">Meritxell Garcia<\/a>, <a href=\"https:\/\/www.instagram.com\/cescf.dalmases\/\">Cesc F. Dalmases<\/a>, <a href=\"https:\/\/www.instagram.com\/_edvlls_\/\">Edna Valls<\/a> y <a href=\"https:\/\/www.instagram.com\/rinnsmol\/\">Rin<\/a>.&nbsp;<\/p>\n\n\n\n<p>Professors i exprofessors, alumnes i exalumnes, han cedit hist\u00f2ries, il\u00b7lustracions i escrits, que complementen les 84 p\u00e0gines del fanzine.<\/p>\n\n\n<div class=\"wp-block-image\">\n<figure class=\"aligncenter size-full\"><img loading=\"lazy\" decoding=\"async\" width=\"559\" height=\"794\" src=\"https:\/\/jososabadell.cat\/wp-content\/uploads\/2024\/04\/Fanzine-5-Puertas.jpg\" alt=\"\" class=\"wp-image-10565\" srcset=\"https:\/\/jososabadell.cat\/wp-content\/uploads\/2024\/04\/Fanzine-5-Puertas.jpg 559w, https:\/\/jososabadell.cat\/wp-content\/uploads\/2024\/04\/Fanzine-5-Puertas-352x500.jpg 352w, https:\/\/jososabadell.cat\/wp-content\/uploads\/2024\/04\/Fanzine-5-Puertas-8x12.jpg 8w, https:\/\/jososabadell.cat\/wp-content\/uploads\/2024\/04\/Fanzine-5-Puertas-320x455.jpg 320w, https:\/\/jososabadell.cat\/wp-content\/uploads\/2024\/04\/Fanzine-5-Puertas-480x682.jpg 480w\" sizes=\"(max-width: 559px) 100vw, 559px\" \/><\/figure><\/div>\n\n\n<div style=\"height:20px\" aria-hidden=\"true\" class=\"wp-block-spacer\"><\/div>","protected":false},"excerpt":{"rendered":"<p>A 4t d\u2019Art Gr\u00e0fic, els i les alumnes han de publicar el seu propi fanzine. Que a aquestes al\u00e7ades saben fer p\u00e0gines, ja ho sabem. Pensar una idea, preparar el gui\u00f3, composar les planes, esbossar-les, dibuixar-les\u2026 i tots els factors a tenir en compte en cadascun d\u2019aquests passos. Ai! Qu\u00e8 f\u00e0cil \u00e9s oblidar-se de deixar [&hellip;]<\/p>\n","protected":false},"author":2,"featured_media":10559,"comment_status":"open","ping_status":"open","sticky":false,"template":"","format":"standard","meta":{"_monsterinsights_skip_tracking":false,"_monsterinsights_sitenote_active":false,"_monsterinsights_sitenote_note":"","_monsterinsights_sitenote_category":0,"footnotes":""},"categories":[1296,1287,1],"tags":[1414,1416,1415,1324,1325,1412,1413],"class_list":["post-10557","post","type-post","status-publish","format-standard","has-post-thumbnail","hentry","category-alumnat","category-artgrafic","category-general","tag-5-puertas","tag-celia-montalban","tag-fanzine","tag-gerard-babiloni","tag-geray-serrano","tag-laura-girvent","tag-oscar-s-guinot"],"yoast_head":"<!-- This site is optimized with the Yoast SEO plugin v25.6 - https:\/\/yoast.com\/wordpress\/plugins\/seo\/ -->\n<title>&#039;5 Puertas&#039;: el fanzine dels alumnes de 4t d&#039;Art Gr\u00e0fic - Escola Joso Sabadell<\/title>\n<meta name=\"robots\" content=\"index, follow, max-snippet:-1, max-image-preview:large, max-video-preview:-1\" \/>\n<link rel=\"canonical\" href=\"https:\/\/jososabadell.cat\/es\/2024\/04\/20\/5-puertas-el-fanzine-de-4t-dart-grafic\/\" \/>\n<meta property=\"og:locale\" content=\"es_ES\" \/>\n<meta property=\"og:type\" content=\"article\" \/>\n<meta property=\"og:title\" content=\"&#039;5 Puertas&#039;: el fanzine dels alumnes de 4t d&#039;Art Gr\u00e0fic - Escola Joso Sabadell\" \/>\n<meta property=\"og:description\" content=\"A 4t d\u2019Art Gr\u00e0fic, els i les alumnes han de publicar el seu propi fanzine. Que a aquestes al\u00e7ades saben fer p\u00e0gines, ja ho sabem. Pensar una idea, preparar el gui\u00f3, composar les planes, esbossar-les, dibuixar-les\u2026 i tots els factors a tenir en compte en cadascun d\u2019aquests passos. Ai! Qu\u00e8 f\u00e0cil \u00e9s oblidar-se de deixar [&hellip;]\" \/>\n<meta property=\"og:url\" content=\"https:\/\/jososabadell.cat\/es\/2024\/04\/20\/5-puertas-el-fanzine-de-4t-dart-grafic\/\" \/>\n<meta property=\"og:site_name\" content=\"Escola Joso Sabadell\" \/>\n<meta property=\"article:publisher\" content=\"https:\/\/www.facebook.com\/escolajososabadell\/\" \/>\n<meta property=\"article:published_time\" content=\"2024-04-20T07:55:55+00:00\" \/>\n<meta property=\"article:modified_time\" content=\"2024-04-20T08:06:41+00:00\" \/>\n<meta property=\"og:image\" content=\"https:\/\/jososabadell.cat\/wp-content\/uploads\/2024\/04\/5-Puertas-fanzine-alumnes-Escola-Joso-Sabadell-portada-web.jpg\" \/>\n\t<meta property=\"og:image:width\" content=\"818\" \/>\n\t<meta property=\"og:image:height\" content=\"370\" \/>\n\t<meta property=\"og:image:type\" content=\"image\/jpeg\" \/>\n<meta name=\"author\" content=\"Joso Sabadell\" \/>\n<meta name=\"twitter:card\" content=\"summary_large_image\" \/>\n<meta name=\"twitter:creator\" content=\"@EscolaJosoSbd\" \/>\n<meta name=\"twitter:site\" content=\"@EscolaJosoSbd\" \/>\n<meta name=\"twitter:label1\" content=\"Escrito por\" \/>\n\t<meta name=\"twitter:data1\" content=\"Joso Sabadell\" \/>\n\t<meta name=\"twitter:label2\" content=\"Tiempo de lectura\" \/>\n\t<meta name=\"twitter:data2\" content=\"5 minutos\" \/>\n<script type=\"application\/ld+json\" class=\"yoast-schema-graph\">{\"@context\":\"https:\/\/schema.org\",\"@graph\":[{\"@type\":\"WebPage\",\"@id\":\"https:\/\/jososabadell.cat\/2024\/04\/20\/5-puertas-el-fanzine-de-4t-dart-grafic\/\",\"url\":\"https:\/\/jososabadell.cat\/2024\/04\/20\/5-puertas-el-fanzine-de-4t-dart-grafic\/\",\"name\":\"'5 Puertas': el fanzine dels alumnes de 4t d'Art Gr\u00e0fic - Escola Joso Sabadell\",\"isPartOf\":{\"@id\":\"https:\/\/jososabadell.cat\/#website\"},\"primaryImageOfPage\":{\"@id\":\"https:\/\/jososabadell.cat\/2024\/04\/20\/5-puertas-el-fanzine-de-4t-dart-grafic\/#primaryimage\"},\"image\":{\"@id\":\"https:\/\/jososabadell.cat\/2024\/04\/20\/5-puertas-el-fanzine-de-4t-dart-grafic\/#primaryimage\"},\"thumbnailUrl\":\"https:\/\/jososabadell.cat\/wp-content\/uploads\/2024\/04\/5-Puertas-fanzine-alumnes-Escola-Joso-Sabadell-portada-web.jpg\",\"datePublished\":\"2024-04-20T07:55:55+00:00\",\"dateModified\":\"2024-04-20T08:06:41+00:00\",\"author\":{\"@id\":\"https:\/\/jososabadell.cat\/#\/schema\/person\/233e57003be70aa898d35bfb3ee0fb72\"},\"breadcrumb\":{\"@id\":\"https:\/\/jososabadell.cat\/2024\/04\/20\/5-puertas-el-fanzine-de-4t-dart-grafic\/#breadcrumb\"},\"inLanguage\":\"es\",\"potentialAction\":[{\"@type\":\"ReadAction\",\"target\":[\"https:\/\/jososabadell.cat\/2024\/04\/20\/5-puertas-el-fanzine-de-4t-dart-grafic\/\"]}]},{\"@type\":\"ImageObject\",\"inLanguage\":\"es\",\"@id\":\"https:\/\/jososabadell.cat\/2024\/04\/20\/5-puertas-el-fanzine-de-4t-dart-grafic\/#primaryimage\",\"url\":\"https:\/\/jososabadell.cat\/wp-content\/uploads\/2024\/04\/5-Puertas-fanzine-alumnes-Escola-Joso-Sabadell-portada-web.jpg\",\"contentUrl\":\"https:\/\/jososabadell.cat\/wp-content\/uploads\/2024\/04\/5-Puertas-fanzine-alumnes-Escola-Joso-Sabadell-portada-web.jpg\",\"width\":818,\"height\":370,\"caption\":\"'5 Puertas': el fanzine de 4t d'Art Gr\u00e0fic\"},{\"@type\":\"BreadcrumbList\",\"@id\":\"https:\/\/jososabadell.cat\/2024\/04\/20\/5-puertas-el-fanzine-de-4t-dart-grafic\/#breadcrumb\",\"itemListElement\":[{\"@type\":\"ListItem\",\"position\":1,\"name\":\"Inici\",\"item\":\"https:\/\/jososabadell.cat\/\"},{\"@type\":\"ListItem\",\"position\":2,\"name\":\"&#8216;5 Puertas&#8217;: el fanzine dels alumnes de 4t d&#8217;Art Gr\u00e0fic\"}]},{\"@type\":\"WebSite\",\"@id\":\"https:\/\/jososabadell.cat\/#website\",\"url\":\"https:\/\/jososabadell.cat\/\",\"name\":\"Escola Joso Sabadell\",\"description\":\"\",\"potentialAction\":[{\"@type\":\"SearchAction\",\"target\":{\"@type\":\"EntryPoint\",\"urlTemplate\":\"https:\/\/jososabadell.cat\/?s={search_term_string}\"},\"query-input\":{\"@type\":\"PropertyValueSpecification\",\"valueRequired\":true,\"valueName\":\"search_term_string\"}}],\"inLanguage\":\"es\"},{\"@type\":\"Person\",\"@id\":\"https:\/\/jososabadell.cat\/#\/schema\/person\/233e57003be70aa898d35bfb3ee0fb72\",\"name\":\"Joso Sabadell\",\"image\":{\"@type\":\"ImageObject\",\"inLanguage\":\"es\",\"@id\":\"https:\/\/jososabadell.cat\/#\/schema\/person\/image\/\",\"url\":\"https:\/\/secure.gravatar.com\/avatar\/5aa9d058168d026c6f8d651849c8cf5d?s=96&d=mm&r=g\",\"contentUrl\":\"https:\/\/secure.gravatar.com\/avatar\/5aa9d058168d026c6f8d651849c8cf5d?s=96&d=mm&r=g\",\"caption\":\"Joso Sabadell\"},\"sameAs\":[\"http:\/\/jososabadell.cat\"]}]}<\/script>\n<!-- \/ Yoast SEO plugin. -->","yoast_head_json":{"title":"'5 Puertas': el fanzine dels alumnes de 4t d'Art Gr\u00e0fic - Escola Joso Sabadell","robots":{"index":"index","follow":"follow","max-snippet":"max-snippet:-1","max-image-preview":"max-image-preview:large","max-video-preview":"max-video-preview:-1"},"canonical":"https:\/\/jososabadell.cat\/es\/2024\/04\/20\/5-puertas-el-fanzine-de-4t-dart-grafic\/","og_locale":"es_ES","og_type":"article","og_title":"'5 Puertas': el fanzine dels alumnes de 4t d'Art Gr\u00e0fic - Escola Joso Sabadell","og_description":"A 4t d\u2019Art Gr\u00e0fic, els i les alumnes han de publicar el seu propi fanzine. Que a aquestes al\u00e7ades saben fer p\u00e0gines, ja ho sabem. Pensar una idea, preparar el gui\u00f3, composar les planes, esbossar-les, dibuixar-les\u2026 i tots els factors a tenir en compte en cadascun d\u2019aquests passos. Ai! Qu\u00e8 f\u00e0cil \u00e9s oblidar-se de deixar [&hellip;]","og_url":"https:\/\/jososabadell.cat\/es\/2024\/04\/20\/5-puertas-el-fanzine-de-4t-dart-grafic\/","og_site_name":"Escola Joso Sabadell","article_publisher":"https:\/\/www.facebook.com\/escolajososabadell\/","article_published_time":"2024-04-20T07:55:55+00:00","article_modified_time":"2024-04-20T08:06:41+00:00","og_image":[{"width":818,"height":370,"url":"https:\/\/jososabadell.cat\/wp-content\/uploads\/2024\/04\/5-Puertas-fanzine-alumnes-Escola-Joso-Sabadell-portada-web.jpg","type":"image\/jpeg"}],"author":"Joso Sabadell","twitter_card":"summary_large_image","twitter_creator":"@EscolaJosoSbd","twitter_site":"@EscolaJosoSbd","twitter_misc":{"Escrito por":"Joso Sabadell","Tiempo de lectura":"5 minutos"},"schema":{"@context":"https:\/\/schema.org","@graph":[{"@type":"WebPage","@id":"https:\/\/jososabadell.cat\/2024\/04\/20\/5-puertas-el-fanzine-de-4t-dart-grafic\/","url":"https:\/\/jososabadell.cat\/2024\/04\/20\/5-puertas-el-fanzine-de-4t-dart-grafic\/","name":"'5 Puertas': el fanzine dels alumnes de 4t d'Art Gr\u00e0fic - Escola Joso Sabadell","isPartOf":{"@id":"https:\/\/jososabadell.cat\/#website"},"primaryImageOfPage":{"@id":"https:\/\/jososabadell.cat\/2024\/04\/20\/5-puertas-el-fanzine-de-4t-dart-grafic\/#primaryimage"},"image":{"@id":"https:\/\/jososabadell.cat\/2024\/04\/20\/5-puertas-el-fanzine-de-4t-dart-grafic\/#primaryimage"},"thumbnailUrl":"https:\/\/jososabadell.cat\/wp-content\/uploads\/2024\/04\/5-Puertas-fanzine-alumnes-Escola-Joso-Sabadell-portada-web.jpg","datePublished":"2024-04-20T07:55:55+00:00","dateModified":"2024-04-20T08:06:41+00:00","author":{"@id":"https:\/\/jososabadell.cat\/#\/schema\/person\/233e57003be70aa898d35bfb3ee0fb72"},"breadcrumb":{"@id":"https:\/\/jososabadell.cat\/2024\/04\/20\/5-puertas-el-fanzine-de-4t-dart-grafic\/#breadcrumb"},"inLanguage":"es","potentialAction":[{"@type":"ReadAction","target":["https:\/\/jososabadell.cat\/2024\/04\/20\/5-puertas-el-fanzine-de-4t-dart-grafic\/"]}]},{"@type":"ImageObject","inLanguage":"es","@id":"https:\/\/jososabadell.cat\/2024\/04\/20\/5-puertas-el-fanzine-de-4t-dart-grafic\/#primaryimage","url":"https:\/\/jososabadell.cat\/wp-content\/uploads\/2024\/04\/5-Puertas-fanzine-alumnes-Escola-Joso-Sabadell-portada-web.jpg","contentUrl":"https:\/\/jososabadell.cat\/wp-content\/uploads\/2024\/04\/5-Puertas-fanzine-alumnes-Escola-Joso-Sabadell-portada-web.jpg","width":818,"height":370,"caption":"'5 Puertas': el fanzine de 4t d'Art Gr\u00e0fic"},{"@type":"BreadcrumbList","@id":"https:\/\/jososabadell.cat\/2024\/04\/20\/5-puertas-el-fanzine-de-4t-dart-grafic\/#breadcrumb","itemListElement":[{"@type":"ListItem","position":1,"name":"Inici","item":"https:\/\/jososabadell.cat\/"},{"@type":"ListItem","position":2,"name":"&#8216;5 Puertas&#8217;: el fanzine dels alumnes de 4t d&#8217;Art Gr\u00e0fic"}]},{"@type":"WebSite","@id":"https:\/\/jososabadell.cat\/#website","url":"https:\/\/jososabadell.cat\/","name":"&nbsp;Escola Joso Sabadell","description":"","potentialAction":[{"@type":"SearchAction","target":{"@type":"EntryPoint","urlTemplate":"https:\/\/jososabadell.cat\/?s={search_term_string}"},"query-input":{"@type":"PropertyValueSpecification","valueRequired":true,"valueName":"search_term_string"}}],"inLanguage":"es"},{"@type":"Person","@id":"https:\/\/jososabadell.cat\/#\/schema\/person\/233e57003be70aa898d35bfb3ee0fb72","name":"Joso Sabadell","image":{"@type":"ImageObject","inLanguage":"es","@id":"https:\/\/jososabadell.cat\/#\/schema\/person\/image\/","url":"https:\/\/secure.gravatar.com\/avatar\/5aa9d058168d026c6f8d651849c8cf5d?s=96&d=mm&r=g","contentUrl":"https:\/\/secure.gravatar.com\/avatar\/5aa9d058168d026c6f8d651849c8cf5d?s=96&d=mm&r=g","caption":"Joso Sabadell"},"sameAs":["http:\/\/jososabadell.cat"]}]}},"_links":{"self":[{"href":"https:\/\/jososabadell.cat\/es\/wp-json\/wp\/v2\/posts\/10557"}],"collection":[{"href":"https:\/\/jososabadell.cat\/es\/wp-json\/wp\/v2\/posts"}],"about":[{"href":"https:\/\/jososabadell.cat\/es\/wp-json\/wp\/v2\/types\/post"}],"author":[{"embeddable":true,"href":"https:\/\/jososabadell.cat\/es\/wp-json\/wp\/v2\/users\/2"}],"replies":[{"embeddable":true,"href":"https:\/\/jososabadell.cat\/es\/wp-json\/wp\/v2\/comments?post=10557"}],"version-history":[{"count":6,"href":"https:\/\/jososabadell.cat\/es\/wp-json\/wp\/v2\/posts\/10557\/revisions"}],"predecessor-version":[{"id":10574,"href":"https:\/\/jososabadell.cat\/es\/wp-json\/wp\/v2\/posts\/10557\/revisions\/10574"}],"wp:featuredmedia":[{"embeddable":true,"href":"https:\/\/jososabadell.cat\/es\/wp-json\/wp\/v2\/media\/10559"}],"wp:attachment":[{"href":"https:\/\/jososabadell.cat\/es\/wp-json\/wp\/v2\/media?parent=10557"}],"wp:term":[{"taxonomy":"category","embeddable":true,"href":"https:\/\/jososabadell.cat\/es\/wp-json\/wp\/v2\/categories?post=10557"},{"taxonomy":"post_tag","embeddable":true,"href":"https:\/\/jososabadell.cat\/es\/wp-json\/wp\/v2\/tags?post=10557"}],"curies":[{"name":"wp","href":"https:\/\/api.w.org\/{rel}","templated":true}]}}