{"id":10776,"date":"2024-05-16T16:53:15","date_gmt":"2024-05-16T14:53:15","guid":{"rendered":"https:\/\/jososabadell.cat\/?p=10776"},"modified":"2024-05-16T16:53:53","modified_gmt":"2024-05-16T14:53:53","slug":"cap-a-la-fira-sakura-matsuri","status":"publish","type":"post","link":"https:\/\/jososabadell.cat\/es\/2024\/05\/16\/cap-a-la-fira-sakura-matsuri\/","title":{"rendered":"Cap a la Fira Sakura Matsuri!"},"content":{"rendered":"<p><strong>Si el 2 de maig don\u00e0vem el tret de sortida al Sakura Matsuri Sabadell, amb la <a href=\"https:\/\/jososabadell.cat\/es\/2024\/05\/01\/el-sakura-ciutat-ja-es-aqui\/\">inauguraci\u00f3 del Sakura Ciutat<\/a>, aquest cap de setmana viurem el seu colof\u00f3 amb la celebraci\u00f3 de la Fira Sakura Matsuri.<\/strong><\/p>\n\n\n\n<p>Divendres 17, dissabte 18 i diumenge 19 de maig. O el que \u00e9s el mateix: <a href=\"https:\/\/www.sakurasabadell.com\/\">3a edici\u00f3 de la Fira Sakura Matsuri Sabadell<\/a>. Tres dies en que la Fira Sabadell esdev\u00e9 un bocinet de Jap\u00f3 amb activitats per a tots els gustos: tasts gastron\u00f2mics, exhibicions d\u2019arts marcials o dansa, mostres de roba tradicional, tallers de caligrafia\u2026\u00a0<\/p>\n\n\n\n<p>L\u2019Escola Joso Sabadell estar\u00e0 present amb <strong>stand propi<\/strong>, on alumnes i exalumnes d\u2019Art Gr\u00e0fic duran a terme <strong>exhibicions de dibuix<\/strong> en viu i vendran reproduccions del seu art.<\/p>\n\n\n\n<p>A m\u00e9s, tamb\u00e9 hem organitzat algunes <strong>activitats<\/strong>:<\/p>\n\n\n\n<figure class=\"wp-block-image size-large\"><img loading=\"lazy\" decoding=\"async\" width=\"1024\" height=\"536\" src=\"https:\/\/jososabadell.cat\/wp-content\/uploads\/2024\/05\/240518-TW-Colloqui-1024x536.jpg\" alt=\"\" class=\"wp-image-10779\" srcset=\"https:\/\/jososabadell.cat\/wp-content\/uploads\/2024\/05\/240518-TW-Colloqui-1024x536.jpg 1024w, https:\/\/jososabadell.cat\/wp-content\/uploads\/2024\/05\/240518-TW-Colloqui-500x262.jpg 500w, https:\/\/jososabadell.cat\/wp-content\/uploads\/2024\/05\/240518-TW-Colloqui-768x402.jpg 768w, https:\/\/jososabadell.cat\/wp-content\/uploads\/2024\/05\/240518-TW-Colloqui-1536x804.jpg 1536w, https:\/\/jososabadell.cat\/wp-content\/uploads\/2024\/05\/240518-TW-Colloqui-2048x1072.jpg 2048w, https:\/\/jososabadell.cat\/wp-content\/uploads\/2024\/05\/240518-TW-Colloqui-18x9.jpg 18w, https:\/\/jososabadell.cat\/wp-content\/uploads\/2024\/05\/240518-TW-Colloqui-320x167.jpg 320w, https:\/\/jososabadell.cat\/wp-content\/uploads\/2024\/05\/240518-TW-Colloqui-480x251.jpg 480w, https:\/\/jososabadell.cat\/wp-content\/uploads\/2024\/05\/240518-TW-Colloqui-800x419.jpg 800w, https:\/\/jososabadell.cat\/wp-content\/uploads\/2024\/05\/240518-TW-Colloqui-870x455.jpg 870w\" sizes=\"(max-width: 1024px) 100vw, 1024px\" \/><\/figure>\n\n\n\n<div style=\"height:12px\" aria-hidden=\"true\" class=\"wp-block-spacer\"><\/div>\n\n\n\n<p><strong>Dissabte 18<\/strong>, a les <strong>10h<\/strong>, la nostra exalumna <a href=\"https:\/\/www.instagram.com\/mireia_girbau\/\">Mireia Girbau<\/a> moderar\u00e0 el col\u00b7loqui \u201cManga made in Spain\u201d: quines editorials publiquen manga fet a Espanya, quins s\u00f3n els autors i autores aut\u00f2ctones amb m\u00e9s impacte, els t\u00edtols supervendes\u2026 Es pot publicar al Jap\u00f3 des d\u2019aqu\u00ed? Aquestes i d\u2019altres q\u00fcestions al voltant del m\u00f3n editorial manga a l\u2019estat seran tractades per <a href=\"https:\/\/twitter.com\/guiadelcomic\">Jos\u00e9 A. Serrano<\/a>, cr\u00edtic i divulgador del c\u00f2mic, i <a href=\"https:\/\/twitter.com\/CarlesMMiralles\">Carles M. Miralles<\/a>, editor d\u2019Arechi Manga.<\/p>\n\n\n\n<figure class=\"wp-block-image size-large\"><img loading=\"lazy\" decoding=\"async\" width=\"1024\" height=\"536\" src=\"https:\/\/jososabadell.cat\/wp-content\/uploads\/2024\/05\/240518-TW-Combat-de-dibuixants-1024x536.jpg\" alt=\"\" class=\"wp-image-10780\" srcset=\"https:\/\/jososabadell.cat\/wp-content\/uploads\/2024\/05\/240518-TW-Combat-de-dibuixants-1024x536.jpg 1024w, https:\/\/jososabadell.cat\/wp-content\/uploads\/2024\/05\/240518-TW-Combat-de-dibuixants-500x262.jpg 500w, https:\/\/jososabadell.cat\/wp-content\/uploads\/2024\/05\/240518-TW-Combat-de-dibuixants-768x402.jpg 768w, https:\/\/jososabadell.cat\/wp-content\/uploads\/2024\/05\/240518-TW-Combat-de-dibuixants-1536x804.jpg 1536w, https:\/\/jososabadell.cat\/wp-content\/uploads\/2024\/05\/240518-TW-Combat-de-dibuixants-2048x1072.jpg 2048w, https:\/\/jososabadell.cat\/wp-content\/uploads\/2024\/05\/240518-TW-Combat-de-dibuixants-18x9.jpg 18w, https:\/\/jososabadell.cat\/wp-content\/uploads\/2024\/05\/240518-TW-Combat-de-dibuixants-320x167.jpg 320w, https:\/\/jososabadell.cat\/wp-content\/uploads\/2024\/05\/240518-TW-Combat-de-dibuixants-480x251.jpg 480w, https:\/\/jososabadell.cat\/wp-content\/uploads\/2024\/05\/240518-TW-Combat-de-dibuixants-800x419.jpg 800w, https:\/\/jososabadell.cat\/wp-content\/uploads\/2024\/05\/240518-TW-Combat-de-dibuixants-870x455.jpg 870w\" sizes=\"(max-width: 1024px) 100vw, 1024px\" \/><\/figure>\n\n\n\n<div style=\"height:12px\" aria-hidden=\"true\" class=\"wp-block-spacer\"><\/div>\n\n\n\n<p>Tamb\u00e9 <strong>dissabte<\/strong>, en dos torns (de <strong>16h<\/strong> a 17h i de <strong>18h<\/strong> a 19h) tindr\u00e0 lloc la 2a edici\u00f3 del nostre Combat de dibuixants! A les 16h s&#8217;enfrontaran quatre alumnes de la nostra escola, que hauran de dibuixar en deu minuts dues peticions que es facin des del p\u00fablic i que tinguin a veure amb el Jap\u00f3. Guanyar\u00e0 qui millor dibuix faci, a criteri del p\u00fablic. Nom\u00e9s pot quedar un o una.<\/p>\n\n\n\n<p>A les 18h repetirem la din\u00e0mica, aquest cop amb profes i exalumnes. El guanyador o la guanyadora de cada ronda s&#8217;enfrontar\u00e0 en un darrer combat d\u20191 vs 1. Qui guanyar\u00e0? Alumne o profe?<\/p>\n\n\n\n<figure class=\"wp-block-image size-large\"><img loading=\"lazy\" decoding=\"async\" width=\"1024\" height=\"536\" src=\"https:\/\/jososabadell.cat\/wp-content\/uploads\/2024\/05\/240518-TW-Taller-manga-1024x536.jpg\" alt=\"\" class=\"wp-image-10781\" srcset=\"https:\/\/jososabadell.cat\/wp-content\/uploads\/2024\/05\/240518-TW-Taller-manga-1024x536.jpg 1024w, https:\/\/jososabadell.cat\/wp-content\/uploads\/2024\/05\/240518-TW-Taller-manga-500x262.jpg 500w, https:\/\/jososabadell.cat\/wp-content\/uploads\/2024\/05\/240518-TW-Taller-manga-768x402.jpg 768w, https:\/\/jososabadell.cat\/wp-content\/uploads\/2024\/05\/240518-TW-Taller-manga-1536x804.jpg 1536w, https:\/\/jososabadell.cat\/wp-content\/uploads\/2024\/05\/240518-TW-Taller-manga-2048x1072.jpg 2048w, https:\/\/jososabadell.cat\/wp-content\/uploads\/2024\/05\/240518-TW-Taller-manga-18x9.jpg 18w, https:\/\/jososabadell.cat\/wp-content\/uploads\/2024\/05\/240518-TW-Taller-manga-320x167.jpg 320w, https:\/\/jososabadell.cat\/wp-content\/uploads\/2024\/05\/240518-TW-Taller-manga-480x251.jpg 480w, https:\/\/jososabadell.cat\/wp-content\/uploads\/2024\/05\/240518-TW-Taller-manga-800x419.jpg 800w, https:\/\/jososabadell.cat\/wp-content\/uploads\/2024\/05\/240518-TW-Taller-manga-870x455.jpg 870w\" sizes=\"(max-width: 1024px) 100vw, 1024px\" \/><\/figure>\n\n\n\n<div style=\"height:12px\" aria-hidden=\"true\" class=\"wp-block-spacer\"><\/div>\n\n\n\n<p>Tamb\u00e9 a les <strong>18h de dissabte<\/strong>, el nostre alumne <a href=\"https:\/\/www.instagram.com\/gerayserant\/\">Geray Serrano<\/a> impartir\u00e0 un taller gratu\u00eft, per a totes les edats, de disseny de personatges manga.\u00a0<\/p>\n\n\n\n<figure class=\"wp-block-image size-large\"><img loading=\"lazy\" decoding=\"async\" width=\"1024\" height=\"536\" src=\"https:\/\/jososabadell.cat\/wp-content\/uploads\/2024\/05\/240519-TW-Taller-carpa-1024x536.jpg\" alt=\"\" class=\"wp-image-10782\" srcset=\"https:\/\/jososabadell.cat\/wp-content\/uploads\/2024\/05\/240519-TW-Taller-carpa-1024x536.jpg 1024w, https:\/\/jososabadell.cat\/wp-content\/uploads\/2024\/05\/240519-TW-Taller-carpa-500x262.jpg 500w, https:\/\/jososabadell.cat\/wp-content\/uploads\/2024\/05\/240519-TW-Taller-carpa-768x402.jpg 768w, https:\/\/jososabadell.cat\/wp-content\/uploads\/2024\/05\/240519-TW-Taller-carpa-1536x804.jpg 1536w, https:\/\/jososabadell.cat\/wp-content\/uploads\/2024\/05\/240519-TW-Taller-carpa-2048x1072.jpg 2048w, https:\/\/jososabadell.cat\/wp-content\/uploads\/2024\/05\/240519-TW-Taller-carpa-18x9.jpg 18w, https:\/\/jososabadell.cat\/wp-content\/uploads\/2024\/05\/240519-TW-Taller-carpa-320x167.jpg 320w, https:\/\/jososabadell.cat\/wp-content\/uploads\/2024\/05\/240519-TW-Taller-carpa-480x251.jpg 480w, https:\/\/jososabadell.cat\/wp-content\/uploads\/2024\/05\/240519-TW-Taller-carpa-800x419.jpg 800w, https:\/\/jososabadell.cat\/wp-content\/uploads\/2024\/05\/240519-TW-Taller-carpa-870x455.jpg 870w\" sizes=\"(max-width: 1024px) 100vw, 1024px\" \/><\/figure>\n\n\n\n<div style=\"height:12px\" aria-hidden=\"true\" class=\"wp-block-spacer\"><\/div>\n\n\n\n<p>Ja <strong>diumenge<\/strong>, de nou a les <strong>18h<\/strong>, la nostra alumna <a href=\"https:\/\/www.instagram.com\/celiamb.art\/\">Celia Montalb\u00e1n<\/a> dur\u00e0 a terme un taller gratu\u00eft, per a nens i nenes i joves a partir de 8 anys, per fert una carpa koi amb la t\u00e8cnica de l\u2019esgrafiat.<\/p>","protected":false},"excerpt":{"rendered":"<p>Si el 2 de maig don\u00e0vem el tret de sortida al Sakura Matsuri Sabadell, amb la inauguraci\u00f3 del Sakura Ciutat, aquest cap de setmana viurem el seu colof\u00f3 amb la celebraci\u00f3 de la Fira Sakura Matsuri. Divendres 17, dissabte 18 i diumenge 19 de maig. O el que \u00e9s el mateix: 3a edici\u00f3 de la [&hellip;]<\/p>\n","protected":false},"author":2,"featured_media":10777,"comment_status":"open","ping_status":"open","sticky":false,"template":"","format":"standard","meta":{"_monsterinsights_skip_tracking":false,"_monsterinsights_sitenote_active":false,"_monsterinsights_sitenote_note":"","_monsterinsights_sitenote_category":0,"footnotes":""},"categories":[1],"tags":[1428,1427,1416,1325,1430,1429,1333,1307],"class_list":["post-10776","post","type-post","status-publish","format-standard","has-post-thumbnail","hentry","category-general","tag-arechi-manga","tag-carles-miralles","tag-celia-montalban","tag-geray-serrano","tag-guia-del-comic","tag-jose-a-serrano","tag-mireia-girbau","tag-sakura-matsuri-sabadell"],"yoast_head":"<!-- This site is optimized with the Yoast SEO plugin v25.6 - https:\/\/yoast.com\/wordpress\/plugins\/seo\/ -->\n<title>Cap a la Fira Sakura Matsuri! - Escola Joso Sabadell<\/title>\n<meta name=\"robots\" content=\"index, follow, max-snippet:-1, max-image-preview:large, max-video-preview:-1\" \/>\n<link rel=\"canonical\" href=\"https:\/\/jososabadell.cat\/es\/2024\/05\/16\/cap-a-la-fira-sakura-matsuri\/\" \/>\n<meta property=\"og:locale\" content=\"es_ES\" \/>\n<meta property=\"og:type\" content=\"article\" \/>\n<meta property=\"og:title\" content=\"Cap a la Fira Sakura Matsuri! - Escola Joso Sabadell\" \/>\n<meta property=\"og:description\" content=\"Si el 2 de maig don\u00e0vem el tret de sortida al Sakura Matsuri Sabadell, amb la inauguraci\u00f3 del Sakura Ciutat, aquest cap de setmana viurem el seu colof\u00f3 amb la celebraci\u00f3 de la Fira Sakura Matsuri. Divendres 17, dissabte 18 i diumenge 19 de maig. O el que \u00e9s el mateix: 3a edici\u00f3 de la [&hellip;]\" \/>\n<meta property=\"og:url\" content=\"https:\/\/jososabadell.cat\/es\/2024\/05\/16\/cap-a-la-fira-sakura-matsuri\/\" \/>\n<meta property=\"og:site_name\" content=\"Escola Joso Sabadell\" \/>\n<meta property=\"article:publisher\" content=\"https:\/\/www.facebook.com\/escolajososabadell\/\" \/>\n<meta property=\"article:published_time\" content=\"2024-05-16T14:53:15+00:00\" \/>\n<meta property=\"article:modified_time\" content=\"2024-05-16T14:53:53+00:00\" \/>\n<meta property=\"og:image\" content=\"https:\/\/jososabadell.cat\/wp-content\/uploads\/2024\/05\/240516-Fira-Sakura-web-03-scaled.jpg\" \/>\n\t<meta property=\"og:image:width\" content=\"2560\" \/>\n\t<meta property=\"og:image:height\" content=\"1158\" \/>\n\t<meta property=\"og:image:type\" content=\"image\/jpeg\" \/>\n<meta name=\"author\" content=\"Joso Sabadell\" \/>\n<meta name=\"twitter:card\" content=\"summary_large_image\" \/>\n<meta name=\"twitter:creator\" content=\"@EscolaJosoSbd\" \/>\n<meta name=\"twitter:site\" content=\"@EscolaJosoSbd\" \/>\n<meta name=\"twitter:label1\" content=\"Escrito por\" \/>\n\t<meta name=\"twitter:data1\" content=\"Joso Sabadell\" \/>\n\t<meta name=\"twitter:label2\" content=\"Tiempo de lectura\" \/>\n\t<meta name=\"twitter:data2\" content=\"4 minutos\" \/>\n<script type=\"application\/ld+json\" class=\"yoast-schema-graph\">{\"@context\":\"https:\/\/schema.org\",\"@graph\":[{\"@type\":\"WebPage\",\"@id\":\"https:\/\/jososabadell.cat\/2024\/05\/16\/cap-a-la-fira-sakura-matsuri\/\",\"url\":\"https:\/\/jososabadell.cat\/2024\/05\/16\/cap-a-la-fira-sakura-matsuri\/\",\"name\":\"Cap a la Fira Sakura Matsuri! - Escola Joso Sabadell\",\"isPartOf\":{\"@id\":\"https:\/\/jososabadell.cat\/#website\"},\"primaryImageOfPage\":{\"@id\":\"https:\/\/jososabadell.cat\/2024\/05\/16\/cap-a-la-fira-sakura-matsuri\/#primaryimage\"},\"image\":{\"@id\":\"https:\/\/jososabadell.cat\/2024\/05\/16\/cap-a-la-fira-sakura-matsuri\/#primaryimage\"},\"thumbnailUrl\":\"https:\/\/jososabadell.cat\/wp-content\/uploads\/2024\/05\/240516-Fira-Sakura-web-03-scaled.jpg\",\"datePublished\":\"2024-05-16T14:53:15+00:00\",\"dateModified\":\"2024-05-16T14:53:53+00:00\",\"author\":{\"@id\":\"https:\/\/jososabadell.cat\/#\/schema\/person\/233e57003be70aa898d35bfb3ee0fb72\"},\"breadcrumb\":{\"@id\":\"https:\/\/jososabadell.cat\/2024\/05\/16\/cap-a-la-fira-sakura-matsuri\/#breadcrumb\"},\"inLanguage\":\"es\",\"potentialAction\":[{\"@type\":\"ReadAction\",\"target\":[\"https:\/\/jososabadell.cat\/2024\/05\/16\/cap-a-la-fira-sakura-matsuri\/\"]}]},{\"@type\":\"ImageObject\",\"inLanguage\":\"es\",\"@id\":\"https:\/\/jososabadell.cat\/2024\/05\/16\/cap-a-la-fira-sakura-matsuri\/#primaryimage\",\"url\":\"https:\/\/jososabadell.cat\/wp-content\/uploads\/2024\/05\/240516-Fira-Sakura-web-03-scaled.jpg\",\"contentUrl\":\"https:\/\/jososabadell.cat\/wp-content\/uploads\/2024\/05\/240516-Fira-Sakura-web-03-scaled.jpg\",\"width\":2560,\"height\":1158,\"caption\":\"240516 Fira Sakura Sabadell\"},{\"@type\":\"BreadcrumbList\",\"@id\":\"https:\/\/jososabadell.cat\/2024\/05\/16\/cap-a-la-fira-sakura-matsuri\/#breadcrumb\",\"itemListElement\":[{\"@type\":\"ListItem\",\"position\":1,\"name\":\"Inici\",\"item\":\"https:\/\/jososabadell.cat\/\"},{\"@type\":\"ListItem\",\"position\":2,\"name\":\"Cap a la Fira Sakura Matsuri!\"}]},{\"@type\":\"WebSite\",\"@id\":\"https:\/\/jososabadell.cat\/#website\",\"url\":\"https:\/\/jososabadell.cat\/\",\"name\":\"Escola Joso Sabadell\",\"description\":\"\",\"potentialAction\":[{\"@type\":\"SearchAction\",\"target\":{\"@type\":\"EntryPoint\",\"urlTemplate\":\"https:\/\/jososabadell.cat\/?s={search_term_string}\"},\"query-input\":{\"@type\":\"PropertyValueSpecification\",\"valueRequired\":true,\"valueName\":\"search_term_string\"}}],\"inLanguage\":\"es\"},{\"@type\":\"Person\",\"@id\":\"https:\/\/jososabadell.cat\/#\/schema\/person\/233e57003be70aa898d35bfb3ee0fb72\",\"name\":\"Joso Sabadell\",\"image\":{\"@type\":\"ImageObject\",\"inLanguage\":\"es\",\"@id\":\"https:\/\/jososabadell.cat\/#\/schema\/person\/image\/\",\"url\":\"https:\/\/secure.gravatar.com\/avatar\/5aa9d058168d026c6f8d651849c8cf5d?s=96&d=mm&r=g\",\"contentUrl\":\"https:\/\/secure.gravatar.com\/avatar\/5aa9d058168d026c6f8d651849c8cf5d?s=96&d=mm&r=g\",\"caption\":\"Joso Sabadell\"},\"sameAs\":[\"http:\/\/jososabadell.cat\"]}]}<\/script>\n<!-- \/ Yoast SEO plugin. -->","yoast_head_json":{"title":"Cap a la Fira Sakura Matsuri! - Escola Joso Sabadell","robots":{"index":"index","follow":"follow","max-snippet":"max-snippet:-1","max-image-preview":"max-image-preview:large","max-video-preview":"max-video-preview:-1"},"canonical":"https:\/\/jososabadell.cat\/es\/2024\/05\/16\/cap-a-la-fira-sakura-matsuri\/","og_locale":"es_ES","og_type":"article","og_title":"Cap a la Fira Sakura Matsuri! - Escola Joso Sabadell","og_description":"Si el 2 de maig don\u00e0vem el tret de sortida al Sakura Matsuri Sabadell, amb la inauguraci\u00f3 del Sakura Ciutat, aquest cap de setmana viurem el seu colof\u00f3 amb la celebraci\u00f3 de la Fira Sakura Matsuri. Divendres 17, dissabte 18 i diumenge 19 de maig. O el que \u00e9s el mateix: 3a edici\u00f3 de la [&hellip;]","og_url":"https:\/\/jososabadell.cat\/es\/2024\/05\/16\/cap-a-la-fira-sakura-matsuri\/","og_site_name":"Escola Joso Sabadell","article_publisher":"https:\/\/www.facebook.com\/escolajososabadell\/","article_published_time":"2024-05-16T14:53:15+00:00","article_modified_time":"2024-05-16T14:53:53+00:00","og_image":[{"width":2560,"height":1158,"url":"https:\/\/jososabadell.cat\/wp-content\/uploads\/2024\/05\/240516-Fira-Sakura-web-03-scaled.jpg","type":"image\/jpeg"}],"author":"Joso Sabadell","twitter_card":"summary_large_image","twitter_creator":"@EscolaJosoSbd","twitter_site":"@EscolaJosoSbd","twitter_misc":{"Escrito por":"Joso Sabadell","Tiempo de lectura":"4 minutos"},"schema":{"@context":"https:\/\/schema.org","@graph":[{"@type":"WebPage","@id":"https:\/\/jososabadell.cat\/2024\/05\/16\/cap-a-la-fira-sakura-matsuri\/","url":"https:\/\/jososabadell.cat\/2024\/05\/16\/cap-a-la-fira-sakura-matsuri\/","name":"Cap a la Fira Sakura Matsuri! - Escola Joso Sabadell","isPartOf":{"@id":"https:\/\/jososabadell.cat\/#website"},"primaryImageOfPage":{"@id":"https:\/\/jososabadell.cat\/2024\/05\/16\/cap-a-la-fira-sakura-matsuri\/#primaryimage"},"image":{"@id":"https:\/\/jososabadell.cat\/2024\/05\/16\/cap-a-la-fira-sakura-matsuri\/#primaryimage"},"thumbnailUrl":"https:\/\/jososabadell.cat\/wp-content\/uploads\/2024\/05\/240516-Fira-Sakura-web-03-scaled.jpg","datePublished":"2024-05-16T14:53:15+00:00","dateModified":"2024-05-16T14:53:53+00:00","author":{"@id":"https:\/\/jososabadell.cat\/#\/schema\/person\/233e57003be70aa898d35bfb3ee0fb72"},"breadcrumb":{"@id":"https:\/\/jososabadell.cat\/2024\/05\/16\/cap-a-la-fira-sakura-matsuri\/#breadcrumb"},"inLanguage":"es","potentialAction":[{"@type":"ReadAction","target":["https:\/\/jososabadell.cat\/2024\/05\/16\/cap-a-la-fira-sakura-matsuri\/"]}]},{"@type":"ImageObject","inLanguage":"es","@id":"https:\/\/jososabadell.cat\/2024\/05\/16\/cap-a-la-fira-sakura-matsuri\/#primaryimage","url":"https:\/\/jososabadell.cat\/wp-content\/uploads\/2024\/05\/240516-Fira-Sakura-web-03-scaled.jpg","contentUrl":"https:\/\/jososabadell.cat\/wp-content\/uploads\/2024\/05\/240516-Fira-Sakura-web-03-scaled.jpg","width":2560,"height":1158,"caption":"240516 Fira Sakura Sabadell"},{"@type":"BreadcrumbList","@id":"https:\/\/jososabadell.cat\/2024\/05\/16\/cap-a-la-fira-sakura-matsuri\/#breadcrumb","itemListElement":[{"@type":"ListItem","position":1,"name":"Inici","item":"https:\/\/jososabadell.cat\/"},{"@type":"ListItem","position":2,"name":"Cap a la Fira Sakura Matsuri!"}]},{"@type":"WebSite","@id":"https:\/\/jososabadell.cat\/#website","url":"https:\/\/jososabadell.cat\/","name":"&nbsp;Escola Joso Sabadell","description":"","potentialAction":[{"@type":"SearchAction","target":{"@type":"EntryPoint","urlTemplate":"https:\/\/jososabadell.cat\/?s={search_term_string}"},"query-input":{"@type":"PropertyValueSpecification","valueRequired":true,"valueName":"search_term_string"}}],"inLanguage":"es"},{"@type":"Person","@id":"https:\/\/jososabadell.cat\/#\/schema\/person\/233e57003be70aa898d35bfb3ee0fb72","name":"Joso Sabadell","image":{"@type":"ImageObject","inLanguage":"es","@id":"https:\/\/jososabadell.cat\/#\/schema\/person\/image\/","url":"https:\/\/secure.gravatar.com\/avatar\/5aa9d058168d026c6f8d651849c8cf5d?s=96&d=mm&r=g","contentUrl":"https:\/\/secure.gravatar.com\/avatar\/5aa9d058168d026c6f8d651849c8cf5d?s=96&d=mm&r=g","caption":"Joso Sabadell"},"sameAs":["http:\/\/jososabadell.cat"]}]}},"_links":{"self":[{"href":"https:\/\/jososabadell.cat\/es\/wp-json\/wp\/v2\/posts\/10776"}],"collection":[{"href":"https:\/\/jososabadell.cat\/es\/wp-json\/wp\/v2\/posts"}],"about":[{"href":"https:\/\/jososabadell.cat\/es\/wp-json\/wp\/v2\/types\/post"}],"author":[{"embeddable":true,"href":"https:\/\/jososabadell.cat\/es\/wp-json\/wp\/v2\/users\/2"}],"replies":[{"embeddable":true,"href":"https:\/\/jososabadell.cat\/es\/wp-json\/wp\/v2\/comments?post=10776"}],"version-history":[{"count":1,"href":"https:\/\/jososabadell.cat\/es\/wp-json\/wp\/v2\/posts\/10776\/revisions"}],"predecessor-version":[{"id":10783,"href":"https:\/\/jososabadell.cat\/es\/wp-json\/wp\/v2\/posts\/10776\/revisions\/10783"}],"wp:featuredmedia":[{"embeddable":true,"href":"https:\/\/jososabadell.cat\/es\/wp-json\/wp\/v2\/media\/10777"}],"wp:attachment":[{"href":"https:\/\/jososabadell.cat\/es\/wp-json\/wp\/v2\/media?parent=10776"}],"wp:term":[{"taxonomy":"category","embeddable":true,"href":"https:\/\/jososabadell.cat\/es\/wp-json\/wp\/v2\/categories?post=10776"},{"taxonomy":"post_tag","embeddable":true,"href":"https:\/\/jososabadell.cat\/es\/wp-json\/wp\/v2\/tags?post=10776"}],"curies":[{"name":"wp","href":"https:\/\/api.w.org\/{rel}","templated":true}]}}