{"id":14065,"date":"2025-03-14T18:35:00","date_gmt":"2025-03-14T16:35:00","guid":{"rendered":"https:\/\/jososabadell.cat\/?p=14065"},"modified":"2025-05-06T06:48:04","modified_gmt":"2025-05-06T04:48:04","slug":"els-alumnes-dart-grafic-visiten-lexposicio-cossos-que-parlen","status":"publish","type":"post","link":"https:\/\/jososabadell.cat\/es\/2025\/03\/14\/els-alumnes-dart-grafic-visiten-lexposicio-cossos-que-parlen\/","title":{"rendered":"Els alumnes d\u2019Art Gr\u00e0fic visiten l\u2019exposici\u00f3 &#8216;Cossos que parlen&#8217;"},"content":{"rendered":"<p><strong>Una mostra essencial per entendre la hist\u00f2ria de la professi\u00f3 i el paper de les dones en el c\u00f2mic.<\/strong><\/p>\n\n\n\n<p>Els i les alumnes d\u2019Art Gr\u00e0fic de l\u2019escola han visitat l\u2019exposici\u00f3 <em><a href=\"https:\/\/web.sabadell.cat\/actualitat\/notis\/item\/el-museu-d-art-acull-l-exposicio-cossos-que-parlen-un-recorregut-sobre-la-representacio-del-cos-femeni-per-autores-de-comic-d-epoques-diferents\">Cossos que parlen<\/a><\/em> al Museu d\u2019Art de Sabadell, comissariada per Marika Vila. La mostra tra\u00e7a un recorregut hist\u00f2ric per les representacions del cos femen\u00ed en el c\u00f2mic des de 1910, tot reivindicant la feina silenciada de moltes autores i la seva contribuci\u00f3 clau al mitj\u00e0.<\/p>\n\n\n\n<figure class=\"wp-block-image size-large\"><img loading=\"lazy\" decoding=\"async\" width=\"1024\" height=\"527\" src=\"https:\/\/jososabadell.cat\/wp-content\/uploads\/2025\/05\/Cossos-que-parlen-web-grup-1024x527.jpg\" alt=\"\" class=\"wp-image-14067\" srcset=\"https:\/\/jososabadell.cat\/wp-content\/uploads\/2025\/05\/Cossos-que-parlen-web-grup-1024x527.jpg 1024w, https:\/\/jososabadell.cat\/wp-content\/uploads\/2025\/05\/Cossos-que-parlen-web-grup-500x258.jpg 500w, https:\/\/jososabadell.cat\/wp-content\/uploads\/2025\/05\/Cossos-que-parlen-web-grup-768x396.jpg 768w, https:\/\/jososabadell.cat\/wp-content\/uploads\/2025\/05\/Cossos-que-parlen-web-grup-18x9.jpg 18w, https:\/\/jososabadell.cat\/wp-content\/uploads\/2025\/05\/Cossos-que-parlen-web-grup-320x165.jpg 320w, https:\/\/jososabadell.cat\/wp-content\/uploads\/2025\/05\/Cossos-que-parlen-web-grup-480x247.jpg 480w, https:\/\/jososabadell.cat\/wp-content\/uploads\/2025\/05\/Cossos-que-parlen-web-grup-800x412.jpg 800w, https:\/\/jososabadell.cat\/wp-content\/uploads\/2025\/05\/Cossos-que-parlen-web-grup-870x448.jpg 870w, https:\/\/jososabadell.cat\/wp-content\/uploads\/2025\/05\/Cossos-que-parlen-web-grup.jpg 1200w\" sizes=\"(max-width: 1024px) 100vw, 1024px\" \/><figcaption class=\"wp-element-caption\">Alumnes d&#8217;Art Gr\u00e0fic durant la visita.<\/figcaption><\/figure>\n\n\n\n<div style=\"height:13px\" aria-hidden=\"true\" class=\"wp-block-spacer\"><\/div>\n\n\n\n<p>L\u2019exposici\u00f3 s\u2019organitza en cinc \u00e0mbits que van del Noucentisme al c\u00f2mic digital actual, passant per la dictadura, les transgressions feministes i l\u2019apoderament contemporani. Aquesta mirada cr\u00edtica ajuda l\u2019alumnat a entendre les arrels de la seva professi\u00f3 i a prendre consci\u00e8ncia del valor de la diversitat i la igualtat en el m\u00f3n gr\u00e0fic.<\/p>\n\n\n\n<p>Amb aquesta visita, connectem el present de les aules \u2014avui majorit\u00e0riament femenines\u2014 amb les lluites de les dibuixants del passat. Un reconeixement necessari i una inspiraci\u00f3 per continuar avan\u00e7ant.<\/p>\n\n\n\n<figure class=\"wp-block-image size-large\"><img loading=\"lazy\" decoding=\"async\" width=\"1024\" height=\"740\" src=\"https:\/\/jososabadell.cat\/wp-content\/uploads\/2025\/05\/image-1024x740.png\" alt=\"\" class=\"wp-image-14068\" srcset=\"https:\/\/jososabadell.cat\/wp-content\/uploads\/2025\/05\/image-1024x740.png 1024w, https:\/\/jososabadell.cat\/wp-content\/uploads\/2025\/05\/image-500x361.png 500w, https:\/\/jososabadell.cat\/wp-content\/uploads\/2025\/05\/image-768x555.png 768w, https:\/\/jososabadell.cat\/wp-content\/uploads\/2025\/05\/image-18x12.png 18w, https:\/\/jososabadell.cat\/wp-content\/uploads\/2025\/05\/image-320x231.png 320w, https:\/\/jososabadell.cat\/wp-content\/uploads\/2025\/05\/image-480x347.png 480w, https:\/\/jososabadell.cat\/wp-content\/uploads\/2025\/05\/image-800x578.png 800w, https:\/\/jososabadell.cat\/wp-content\/uploads\/2025\/05\/image-870x629.png 870w, https:\/\/jososabadell.cat\/wp-content\/uploads\/2025\/05\/image.png 1121w\" sizes=\"(max-width: 1024px) 100vw, 1024px\" \/><figcaption class=\"wp-element-caption\">&#8216;Antes de salir de casa&#8217; d&#8217;Ana Penyas. Il\u00b7lustraci\u00f3 original de &#8216;Estamos todas bien&#8217; (2016).<\/figcaption><\/figure>\n\n\n\n<div style=\"height:12px\" aria-hidden=\"true\" class=\"wp-block-spacer\"><\/div>\n\n\n\n<figure class=\"wp-block-image size-full\"><img loading=\"lazy\" decoding=\"async\" width=\"772\" height=\"542\" src=\"https:\/\/jososabadell.cat\/wp-content\/uploads\/2025\/05\/image-1.png\" alt=\"\" class=\"wp-image-14069\" srcset=\"https:\/\/jososabadell.cat\/wp-content\/uploads\/2025\/05\/image-1.png 772w, https:\/\/jososabadell.cat\/wp-content\/uploads\/2025\/05\/image-1-500x351.png 500w, https:\/\/jososabadell.cat\/wp-content\/uploads\/2025\/05\/image-1-768x539.png 768w, https:\/\/jososabadell.cat\/wp-content\/uploads\/2025\/05\/image-1-18x12.png 18w, https:\/\/jososabadell.cat\/wp-content\/uploads\/2025\/05\/image-1-320x225.png 320w, https:\/\/jososabadell.cat\/wp-content\/uploads\/2025\/05\/image-1-480x337.png 480w\" sizes=\"(max-width: 772px) 100vw, 772px\" \/><figcaption class=\"wp-element-caption\">Il\u00b7lustraci\u00f3 original de la primera versi\u00f3 de coberta de &#8216;Estic estupenda!&#8217; de Raquel Gu (2017).<\/figcaption><\/figure>\n\n\n\n<div style=\"height:12px\" aria-hidden=\"true\" class=\"wp-block-spacer\"><\/div>\n\n\n\n<figure class=\"wp-block-image size-large\"><img loading=\"lazy\" decoding=\"async\" width=\"1024\" height=\"1024\" src=\"https:\/\/jososabadell.cat\/wp-content\/uploads\/2025\/05\/image-2-1024x1024.png\" alt=\"\" class=\"wp-image-14070\" srcset=\"https:\/\/jososabadell.cat\/wp-content\/uploads\/2025\/05\/image-2-1024x1024.png 1024w, https:\/\/jososabadell.cat\/wp-content\/uploads\/2025\/05\/image-2-500x500.png 500w, https:\/\/jososabadell.cat\/wp-content\/uploads\/2025\/05\/image-2-150x150.png 150w, https:\/\/jososabadell.cat\/wp-content\/uploads\/2025\/05\/image-2-768x768.png 768w, https:\/\/jososabadell.cat\/wp-content\/uploads\/2025\/05\/image-2-1536x1536.png 1536w, https:\/\/jososabadell.cat\/wp-content\/uploads\/2025\/05\/image-2-2048x2048.png 2048w, https:\/\/jososabadell.cat\/wp-content\/uploads\/2025\/05\/image-2-12x12.png 12w, https:\/\/jososabadell.cat\/wp-content\/uploads\/2025\/05\/image-2-320x320.png 320w, https:\/\/jososabadell.cat\/wp-content\/uploads\/2025\/05\/image-2-480x480.png 480w, https:\/\/jososabadell.cat\/wp-content\/uploads\/2025\/05\/image-2-800x800.png 800w, https:\/\/jososabadell.cat\/wp-content\/uploads\/2025\/05\/image-2-870x870.png 870w\" sizes=\"(max-width: 1024px) 100vw, 1024px\" \/><figcaption class=\"wp-element-caption\">&#8216;Con altura, \u00a1Rosi!&#8217; de Genie Espinosa (2020)<\/figcaption><\/figure>\n\n\n\n<div style=\"height:12px\" aria-hidden=\"true\" class=\"wp-block-spacer\"><\/div>\n\n\n\n<figure class=\"wp-block-image size-full\"><img loading=\"lazy\" decoding=\"async\" width=\"600\" height=\"848\" src=\"https:\/\/jososabadell.cat\/wp-content\/uploads\/2025\/05\/image-3.png\" alt=\"\" class=\"wp-image-14071\" srcset=\"https:\/\/jososabadell.cat\/wp-content\/uploads\/2025\/05\/image-3.png 600w, https:\/\/jososabadell.cat\/wp-content\/uploads\/2025\/05\/image-3-354x500.png 354w, https:\/\/jososabadell.cat\/wp-content\/uploads\/2025\/05\/image-3-8x12.png 8w, https:\/\/jososabadell.cat\/wp-content\/uploads\/2025\/05\/image-3-320x452.png 320w, https:\/\/jososabadell.cat\/wp-content\/uploads\/2025\/05\/image-3-480x678.png 480w\" sizes=\"(max-width: 600px) 100vw, 600px\" \/><figcaption class=\"wp-element-caption\">&#8216;Mujer feliz que baila&#8217; de Flavita Banana (2020).<\/figcaption><\/figure>\n\n\n\n<p><\/p>","protected":false},"excerpt":{"rendered":"<p>Una mostra essencial per entendre la hist\u00f2ria de la professi\u00f3 i el paper de les dones en el c\u00f2mic. Els i les alumnes d\u2019Art Gr\u00e0fic de l\u2019escola han visitat l\u2019exposici\u00f3 Cossos que parlen al Museu d\u2019Art de Sabadell, comissariada per Marika Vila. La mostra tra\u00e7a un recorregut hist\u00f2ric per les representacions del cos femen\u00ed en [&hellip;]<\/p>\n","protected":false},"author":2,"featured_media":14066,"comment_status":"open","ping_status":"open","sticky":false,"template":"","format":"standard","meta":{"_monsterinsights_skip_tracking":false,"_monsterinsights_sitenote_active":false,"_monsterinsights_sitenote_note":"","_monsterinsights_sitenote_category":0,"footnotes":""},"categories":[1297,1],"tags":[1460,1462,1301,1461,1459],"class_list":["post-14065","post","type-post","status-publish","format-standard","has-post-thumbnail","hentry","category-activitats","category-general","tag-cossos-que-parlen","tag-diputacio-de-barcelona","tag-exposicio","tag-marika-vila","tag-museu-dart-de-sabadell"],"yoast_head":"<!-- This site is optimized with the Yoast SEO plugin v25.6 - https:\/\/yoast.com\/wordpress\/plugins\/seo\/ -->\n<title>Els alumnes d\u2019Art Gr\u00e0fic visiten l\u2019exposici\u00f3 &#039;Cossos que parlen&#039; - Escola Joso Sabadell<\/title>\n<meta name=\"robots\" content=\"index, follow, max-snippet:-1, max-image-preview:large, max-video-preview:-1\" \/>\n<link rel=\"canonical\" href=\"https:\/\/jososabadell.cat\/es\/2025\/03\/14\/els-alumnes-dart-grafic-visiten-lexposicio-cossos-que-parlen\/\" \/>\n<meta property=\"og:locale\" content=\"es_ES\" \/>\n<meta property=\"og:type\" content=\"article\" \/>\n<meta property=\"og:title\" content=\"Els alumnes d\u2019Art Gr\u00e0fic visiten l\u2019exposici\u00f3 &#039;Cossos que parlen&#039; - Escola Joso Sabadell\" \/>\n<meta property=\"og:description\" content=\"Una mostra essencial per entendre la hist\u00f2ria de la professi\u00f3 i el paper de les dones en el c\u00f2mic. Els i les alumnes d\u2019Art Gr\u00e0fic de l\u2019escola han visitat l\u2019exposici\u00f3 Cossos que parlen al Museu d\u2019Art de Sabadell, comissariada per Marika Vila. La mostra tra\u00e7a un recorregut hist\u00f2ric per les representacions del cos femen\u00ed en [&hellip;]\" \/>\n<meta property=\"og:url\" content=\"https:\/\/jososabadell.cat\/es\/2025\/03\/14\/els-alumnes-dart-grafic-visiten-lexposicio-cossos-que-parlen\/\" \/>\n<meta property=\"og:site_name\" content=\"Escola Joso Sabadell\" \/>\n<meta property=\"article:publisher\" content=\"https:\/\/www.facebook.com\/escolajososabadell\/\" \/>\n<meta property=\"article:published_time\" content=\"2025-03-14T16:35:00+00:00\" \/>\n<meta property=\"article:modified_time\" content=\"2025-05-06T04:48:04+00:00\" \/>\n<meta property=\"og:image\" content=\"https:\/\/jososabadell.cat\/wp-content\/uploads\/2025\/05\/Cossos-que-parlen-web.jpg\" \/>\n\t<meta property=\"og:image:width\" content=\"1636\" \/>\n\t<meta property=\"og:image:height\" content=\"740\" \/>\n\t<meta property=\"og:image:type\" content=\"image\/jpeg\" \/>\n<meta name=\"author\" content=\"Joso Sabadell\" \/>\n<meta name=\"twitter:card\" content=\"summary_large_image\" \/>\n<meta name=\"twitter:creator\" content=\"@EscolaJosoSbd\" \/>\n<meta name=\"twitter:site\" content=\"@EscolaJosoSbd\" \/>\n<meta name=\"twitter:label1\" content=\"Escrito por\" \/>\n\t<meta name=\"twitter:data1\" content=\"Joso Sabadell\" \/>\n\t<meta name=\"twitter:label2\" content=\"Tiempo de lectura\" \/>\n\t<meta name=\"twitter:data2\" content=\"3 minutos\" \/>\n<script type=\"application\/ld+json\" class=\"yoast-schema-graph\">{\"@context\":\"https:\/\/schema.org\",\"@graph\":[{\"@type\":\"WebPage\",\"@id\":\"https:\/\/jososabadell.cat\/2025\/03\/14\/els-alumnes-dart-grafic-visiten-lexposicio-cossos-que-parlen\/\",\"url\":\"https:\/\/jososabadell.cat\/2025\/03\/14\/els-alumnes-dart-grafic-visiten-lexposicio-cossos-que-parlen\/\",\"name\":\"Els alumnes d\u2019Art Gr\u00e0fic visiten l\u2019exposici\u00f3 'Cossos que parlen' - Escola Joso Sabadell\",\"isPartOf\":{\"@id\":\"https:\/\/jososabadell.cat\/#website\"},\"primaryImageOfPage\":{\"@id\":\"https:\/\/jososabadell.cat\/2025\/03\/14\/els-alumnes-dart-grafic-visiten-lexposicio-cossos-que-parlen\/#primaryimage\"},\"image\":{\"@id\":\"https:\/\/jososabadell.cat\/2025\/03\/14\/els-alumnes-dart-grafic-visiten-lexposicio-cossos-que-parlen\/#primaryimage\"},\"thumbnailUrl\":\"https:\/\/jososabadell.cat\/wp-content\/uploads\/2025\/05\/Cossos-que-parlen-web.jpg\",\"datePublished\":\"2025-03-14T16:35:00+00:00\",\"dateModified\":\"2025-05-06T04:48:04+00:00\",\"author\":{\"@id\":\"https:\/\/jososabadell.cat\/#\/schema\/person\/233e57003be70aa898d35bfb3ee0fb72\"},\"breadcrumb\":{\"@id\":\"https:\/\/jososabadell.cat\/2025\/03\/14\/els-alumnes-dart-grafic-visiten-lexposicio-cossos-que-parlen\/#breadcrumb\"},\"inLanguage\":\"es\",\"potentialAction\":[{\"@type\":\"ReadAction\",\"target\":[\"https:\/\/jososabadell.cat\/2025\/03\/14\/els-alumnes-dart-grafic-visiten-lexposicio-cossos-que-parlen\/\"]}]},{\"@type\":\"ImageObject\",\"inLanguage\":\"es\",\"@id\":\"https:\/\/jososabadell.cat\/2025\/03\/14\/els-alumnes-dart-grafic-visiten-lexposicio-cossos-que-parlen\/#primaryimage\",\"url\":\"https:\/\/jososabadell.cat\/wp-content\/uploads\/2025\/05\/Cossos-que-parlen-web.jpg\",\"contentUrl\":\"https:\/\/jososabadell.cat\/wp-content\/uploads\/2025\/05\/Cossos-que-parlen-web.jpg\",\"width\":1636,\"height\":740},{\"@type\":\"BreadcrumbList\",\"@id\":\"https:\/\/jososabadell.cat\/2025\/03\/14\/els-alumnes-dart-grafic-visiten-lexposicio-cossos-que-parlen\/#breadcrumb\",\"itemListElement\":[{\"@type\":\"ListItem\",\"position\":1,\"name\":\"Inici\",\"item\":\"https:\/\/jososabadell.cat\/\"},{\"@type\":\"ListItem\",\"position\":2,\"name\":\"Els alumnes d\u2019Art Gr\u00e0fic visiten l\u2019exposici\u00f3 &#8216;Cossos que parlen&#8217;\"}]},{\"@type\":\"WebSite\",\"@id\":\"https:\/\/jososabadell.cat\/#website\",\"url\":\"https:\/\/jososabadell.cat\/\",\"name\":\"Escola Joso Sabadell\",\"description\":\"\",\"potentialAction\":[{\"@type\":\"SearchAction\",\"target\":{\"@type\":\"EntryPoint\",\"urlTemplate\":\"https:\/\/jososabadell.cat\/?s={search_term_string}\"},\"query-input\":{\"@type\":\"PropertyValueSpecification\",\"valueRequired\":true,\"valueName\":\"search_term_string\"}}],\"inLanguage\":\"es\"},{\"@type\":\"Person\",\"@id\":\"https:\/\/jososabadell.cat\/#\/schema\/person\/233e57003be70aa898d35bfb3ee0fb72\",\"name\":\"Joso Sabadell\",\"image\":{\"@type\":\"ImageObject\",\"inLanguage\":\"es\",\"@id\":\"https:\/\/jososabadell.cat\/#\/schema\/person\/image\/\",\"url\":\"https:\/\/secure.gravatar.com\/avatar\/5aa9d058168d026c6f8d651849c8cf5d?s=96&d=mm&r=g\",\"contentUrl\":\"https:\/\/secure.gravatar.com\/avatar\/5aa9d058168d026c6f8d651849c8cf5d?s=96&d=mm&r=g\",\"caption\":\"Joso Sabadell\"},\"sameAs\":[\"http:\/\/jososabadell.cat\"]}]}<\/script>\n<!-- \/ Yoast SEO plugin. -->","yoast_head_json":{"title":"Els alumnes d\u2019Art Gr\u00e0fic visiten l\u2019exposici\u00f3 'Cossos que parlen' - Escola Joso Sabadell","robots":{"index":"index","follow":"follow","max-snippet":"max-snippet:-1","max-image-preview":"max-image-preview:large","max-video-preview":"max-video-preview:-1"},"canonical":"https:\/\/jososabadell.cat\/es\/2025\/03\/14\/els-alumnes-dart-grafic-visiten-lexposicio-cossos-que-parlen\/","og_locale":"es_ES","og_type":"article","og_title":"Els alumnes d\u2019Art Gr\u00e0fic visiten l\u2019exposici\u00f3 'Cossos que parlen' - Escola Joso Sabadell","og_description":"Una mostra essencial per entendre la hist\u00f2ria de la professi\u00f3 i el paper de les dones en el c\u00f2mic. Els i les alumnes d\u2019Art Gr\u00e0fic de l\u2019escola han visitat l\u2019exposici\u00f3 Cossos que parlen al Museu d\u2019Art de Sabadell, comissariada per Marika Vila. La mostra tra\u00e7a un recorregut hist\u00f2ric per les representacions del cos femen\u00ed en [&hellip;]","og_url":"https:\/\/jososabadell.cat\/es\/2025\/03\/14\/els-alumnes-dart-grafic-visiten-lexposicio-cossos-que-parlen\/","og_site_name":"Escola Joso Sabadell","article_publisher":"https:\/\/www.facebook.com\/escolajososabadell\/","article_published_time":"2025-03-14T16:35:00+00:00","article_modified_time":"2025-05-06T04:48:04+00:00","og_image":[{"width":1636,"height":740,"url":"https:\/\/jososabadell.cat\/wp-content\/uploads\/2025\/05\/Cossos-que-parlen-web.jpg","type":"image\/jpeg"}],"author":"Joso Sabadell","twitter_card":"summary_large_image","twitter_creator":"@EscolaJosoSbd","twitter_site":"@EscolaJosoSbd","twitter_misc":{"Escrito por":"Joso Sabadell","Tiempo de lectura":"3 minutos"},"schema":{"@context":"https:\/\/schema.org","@graph":[{"@type":"WebPage","@id":"https:\/\/jososabadell.cat\/2025\/03\/14\/els-alumnes-dart-grafic-visiten-lexposicio-cossos-que-parlen\/","url":"https:\/\/jososabadell.cat\/2025\/03\/14\/els-alumnes-dart-grafic-visiten-lexposicio-cossos-que-parlen\/","name":"Els alumnes d\u2019Art Gr\u00e0fic visiten l\u2019exposici\u00f3 'Cossos que parlen' - Escola Joso Sabadell","isPartOf":{"@id":"https:\/\/jososabadell.cat\/#website"},"primaryImageOfPage":{"@id":"https:\/\/jososabadell.cat\/2025\/03\/14\/els-alumnes-dart-grafic-visiten-lexposicio-cossos-que-parlen\/#primaryimage"},"image":{"@id":"https:\/\/jososabadell.cat\/2025\/03\/14\/els-alumnes-dart-grafic-visiten-lexposicio-cossos-que-parlen\/#primaryimage"},"thumbnailUrl":"https:\/\/jososabadell.cat\/wp-content\/uploads\/2025\/05\/Cossos-que-parlen-web.jpg","datePublished":"2025-03-14T16:35:00+00:00","dateModified":"2025-05-06T04:48:04+00:00","author":{"@id":"https:\/\/jososabadell.cat\/#\/schema\/person\/233e57003be70aa898d35bfb3ee0fb72"},"breadcrumb":{"@id":"https:\/\/jososabadell.cat\/2025\/03\/14\/els-alumnes-dart-grafic-visiten-lexposicio-cossos-que-parlen\/#breadcrumb"},"inLanguage":"es","potentialAction":[{"@type":"ReadAction","target":["https:\/\/jososabadell.cat\/2025\/03\/14\/els-alumnes-dart-grafic-visiten-lexposicio-cossos-que-parlen\/"]}]},{"@type":"ImageObject","inLanguage":"es","@id":"https:\/\/jososabadell.cat\/2025\/03\/14\/els-alumnes-dart-grafic-visiten-lexposicio-cossos-que-parlen\/#primaryimage","url":"https:\/\/jososabadell.cat\/wp-content\/uploads\/2025\/05\/Cossos-que-parlen-web.jpg","contentUrl":"https:\/\/jososabadell.cat\/wp-content\/uploads\/2025\/05\/Cossos-que-parlen-web.jpg","width":1636,"height":740},{"@type":"BreadcrumbList","@id":"https:\/\/jososabadell.cat\/2025\/03\/14\/els-alumnes-dart-grafic-visiten-lexposicio-cossos-que-parlen\/#breadcrumb","itemListElement":[{"@type":"ListItem","position":1,"name":"Inici","item":"https:\/\/jososabadell.cat\/"},{"@type":"ListItem","position":2,"name":"Els alumnes d\u2019Art Gr\u00e0fic visiten l\u2019exposici\u00f3 &#8216;Cossos que parlen&#8217;"}]},{"@type":"WebSite","@id":"https:\/\/jososabadell.cat\/#website","url":"https:\/\/jososabadell.cat\/","name":"&nbsp;Escola Joso Sabadell","description":"","potentialAction":[{"@type":"SearchAction","target":{"@type":"EntryPoint","urlTemplate":"https:\/\/jososabadell.cat\/?s={search_term_string}"},"query-input":{"@type":"PropertyValueSpecification","valueRequired":true,"valueName":"search_term_string"}}],"inLanguage":"es"},{"@type":"Person","@id":"https:\/\/jososabadell.cat\/#\/schema\/person\/233e57003be70aa898d35bfb3ee0fb72","name":"Joso Sabadell","image":{"@type":"ImageObject","inLanguage":"es","@id":"https:\/\/jososabadell.cat\/#\/schema\/person\/image\/","url":"https:\/\/secure.gravatar.com\/avatar\/5aa9d058168d026c6f8d651849c8cf5d?s=96&d=mm&r=g","contentUrl":"https:\/\/secure.gravatar.com\/avatar\/5aa9d058168d026c6f8d651849c8cf5d?s=96&d=mm&r=g","caption":"Joso Sabadell"},"sameAs":["http:\/\/jososabadell.cat"]}]}},"_links":{"self":[{"href":"https:\/\/jososabadell.cat\/es\/wp-json\/wp\/v2\/posts\/14065"}],"collection":[{"href":"https:\/\/jososabadell.cat\/es\/wp-json\/wp\/v2\/posts"}],"about":[{"href":"https:\/\/jososabadell.cat\/es\/wp-json\/wp\/v2\/types\/post"}],"author":[{"embeddable":true,"href":"https:\/\/jososabadell.cat\/es\/wp-json\/wp\/v2\/users\/2"}],"replies":[{"embeddable":true,"href":"https:\/\/jososabadell.cat\/es\/wp-json\/wp\/v2\/comments?post=14065"}],"version-history":[{"count":2,"href":"https:\/\/jososabadell.cat\/es\/wp-json\/wp\/v2\/posts\/14065\/revisions"}],"predecessor-version":[{"id":14073,"href":"https:\/\/jososabadell.cat\/es\/wp-json\/wp\/v2\/posts\/14065\/revisions\/14073"}],"wp:featuredmedia":[{"embeddable":true,"href":"https:\/\/jososabadell.cat\/es\/wp-json\/wp\/v2\/media\/14066"}],"wp:attachment":[{"href":"https:\/\/jososabadell.cat\/es\/wp-json\/wp\/v2\/media?parent=14065"}],"wp:term":[{"taxonomy":"category","embeddable":true,"href":"https:\/\/jososabadell.cat\/es\/wp-json\/wp\/v2\/categories?post=14065"},{"taxonomy":"post_tag","embeddable":true,"href":"https:\/\/jososabadell.cat\/es\/wp-json\/wp\/v2\/tags?post=14065"}],"curies":[{"name":"wp","href":"https:\/\/api.w.org\/{rel}","templated":true}]}}