{"id":144,"date":"2015-12-16T18:22:00","date_gmt":"2015-12-16T16:22:00","guid":{"rendered":"http:\/\/jososabadell.cat\/2015\/12\/16\/masterclass-den-jonathan-cantero-a-lescola-joso-sabadell\/"},"modified":"2018-04-13T14:59:40","modified_gmt":"2018-04-13T12:59:40","slug":"masterclass-den-jonathan-cantero-a-lescola-joso-sabadell","status":"publish","type":"post","link":"https:\/\/jososabadell.cat\/es\/2015\/12\/16\/masterclass-den-jonathan-cantero-a-lescola-joso-sabadell\/","title":{"rendered":"&#8220;MASTERCLASS&#8221; D&#8217;EN JONATHAN CANTERO A L&#8217;ESCOLA JOSO SABADELL."},"content":{"rendered":"<p><span style=\"background-color: white; color: #141823; font-family: helvetica, arial, sans-serif; font-size: 14px; line-height: 19.32px;\">Aquest \u00e9s un petit recull fotogr\u00e0fic de la <b>xerrada-confer\u00e8ncia<\/b>, que el nostre ex alumne<b> Joanthan<\/b> <b>Cantero<\/b>, va impartir el passat dijous 10 de desembre per iniciativa dels dos professors titulars de 1er. i 2 on. d&#8217;<b>Art-gr\u00e0fic<\/b>. L&#8217;<b>Ernest<\/b> i la <b>Mado<\/b>, respectivament, que tamb\u00e9 son els responsables d&#8217;organitzar aquesta activitat.<\/span><br style=\"background-color: white; color: #141823; font-family: helvetica, arial, sans-serif; font-size: 14px; line-height: 19.32px;\" \/><span style=\"background-color: white; color: #141823; font-family: helvetica, arial, sans-serif; font-size: 14px; line-height: 19.32px;\">Durant una bona estona, va explicar de forma generosa i \u00e0mplia el proc\u00e9s i raons formals que fa servir per a diferents projectes professionals a&nbsp;<\/span><span style=\"background-color: white; color: #141823; font-family: helvetica, arial, sans-serif; font-size: 14px; line-height: 19.32px;\">nivell de dibuix i tractament digital i per tant, tot un ampli ventall de consells i estrat\u00e8gies a seguir.<\/span><br style=\"background-color: white; color: #141823; font-family: helvetica, arial, sans-serif; font-size: 14px; line-height: 19.32px;\" \/><span style=\"background-color: white; color: #141823; font-family: helvetica, arial, sans-serif; font-size: 14px; line-height: 19.32px;\">A m\u00e9s a m\u00e9s, va venir acompanyat de companys de l&#8217;estudi en el que treballa que tamb\u00e9 han estat alumnes de l&#8217;Escola que ens ha fet molta il\u00b7lusi\u00f3 reveure.<\/span><br style=\"background-color: white; color: #141823; font-family: helvetica, arial, sans-serif; font-size: 14px; line-height: 19.32px;\" \/><span style=\"background-color: white; color: #141823; font-family: helvetica, arial, sans-serif; font-size: 14px; line-height: 19.32px;\">Qu\u00e8 m\u00e9s es pot demanar?<\/span><span style=\"background-color: white; color: #141823; font-family: helvetica, arial, sans-serif; font-size: 14px; line-height: 19.32px;\"><\/span><\/p>\n<div style=\"clear: both; text-align: center;\"><a href=\"http:\/\/3.bp.blogspot.com\/-oEOEdwe-nN8\/VnGOwUWR_XI\/AAAAAAAATKw\/KWDSAieBb5o\/s1600\/12244487_1021038307916506_4979972834827234970_o.jpg\" style=\"margin-left: 1em; margin-right: 1em;\" data-rel=\"lightbox-image-0\" data-rl_title=\"\" data-rl_caption=\"\" title=\"\"><img loading=\"lazy\" decoding=\"async\" border=\"0\" height=\"161\" src=\"http:\/\/3.bp.blogspot.com\/-oEOEdwe-nN8\/VnGOwUWR_XI\/AAAAAAAATKw\/KWDSAieBb5o\/s320\/12244487_1021038307916506_4979972834827234970_o.jpg\" width=\"320\" \/><\/a><\/div>\n<p><\/p>\n<div style=\"clear: both; text-align: center;\"><a href=\"http:\/\/3.bp.blogspot.com\/-wSyyocWDY84\/VnGPAB3_wvI\/AAAAAAAATK4\/aVrCp7wj9Hs\/s1600\/DSC_0714.JPG\" style=\"margin-left: 1em; margin-right: 1em;\" data-rel=\"lightbox-image-1\" data-rl_title=\"\" data-rl_caption=\"\" title=\"\"><img loading=\"lazy\" decoding=\"async\" border=\"0\" height=\"212\" src=\"http:\/\/3.bp.blogspot.com\/-wSyyocWDY84\/VnGPAB3_wvI\/AAAAAAAATK4\/aVrCp7wj9Hs\/s320\/DSC_0714.JPG\" width=\"320\" \/><\/a><\/div>\n<p><\/p>\n<div style=\"clear: both; text-align: center;\"><a href=\"http:\/\/2.bp.blogspot.com\/-VLzGnwgP4ak\/VnGPFcto1qI\/AAAAAAAATLA\/sPuVWwvPCcc\/s1600\/DSC_0717.JPG\" style=\"margin-left: 1em; margin-right: 1em;\" data-rel=\"lightbox-image-2\" data-rl_title=\"\" data-rl_caption=\"\" title=\"\"><img loading=\"lazy\" decoding=\"async\" border=\"0\" height=\"212\" src=\"http:\/\/2.bp.blogspot.com\/-VLzGnwgP4ak\/VnGPFcto1qI\/AAAAAAAATLA\/sPuVWwvPCcc\/s320\/DSC_0717.JPG\" width=\"320\" \/><\/a><\/div>\n<p><\/p>\n<div style=\"clear: both; text-align: center;\"><a href=\"http:\/\/1.bp.blogspot.com\/-9L7MjB9sgJ4\/VnGPGXXhOLI\/AAAAAAAATLI\/GGPpSAVaWFk\/s1600\/DSC_0719.JPG\" style=\"margin-left: 1em; margin-right: 1em;\" data-rel=\"lightbox-image-3\" data-rl_title=\"\" data-rl_caption=\"\" title=\"\"><img loading=\"lazy\" decoding=\"async\" border=\"0\" height=\"212\" src=\"http:\/\/1.bp.blogspot.com\/-9L7MjB9sgJ4\/VnGPGXXhOLI\/AAAAAAAATLI\/GGPpSAVaWFk\/s320\/DSC_0719.JPG\" width=\"320\" \/><\/a><\/div>\n<p><\/p>\n<div style=\"clear: both; text-align: center;\"><a href=\"http:\/\/1.bp.blogspot.com\/-fW67Q4wW7mE\/VnGPU6WVZ0I\/AAAAAAAATLQ\/iBDkJxhvZFA\/s1600\/DSC_0720.JPG\" style=\"margin-left: 1em; margin-right: 1em;\" data-rel=\"lightbox-image-4\" data-rl_title=\"\" data-rl_caption=\"\" title=\"\"><img loading=\"lazy\" decoding=\"async\" border=\"0\" height=\"212\" src=\"http:\/\/1.bp.blogspot.com\/-fW67Q4wW7mE\/VnGPU6WVZ0I\/AAAAAAAATLQ\/iBDkJxhvZFA\/s320\/DSC_0720.JPG\" width=\"320\" \/><\/a><\/div>\n<p><\/p>\n<div style=\"clear: both; text-align: center;\"><a href=\"http:\/\/4.bp.blogspot.com\/-wMclFltrfhQ\/VnGPYzuzuUI\/AAAAAAAATLY\/0XzTm5Wxc8I\/s1600\/DSC_0725.JPG\" style=\"margin-left: 1em; margin-right: 1em;\" data-rel=\"lightbox-image-5\" data-rl_title=\"\" data-rl_caption=\"\" title=\"\"><img loading=\"lazy\" decoding=\"async\" border=\"0\" height=\"212\" src=\"http:\/\/4.bp.blogspot.com\/-wMclFltrfhQ\/VnGPYzuzuUI\/AAAAAAAATLY\/0XzTm5Wxc8I\/s320\/DSC_0725.JPG\" width=\"320\" \/><\/a><\/div>\n<p><\/p>\n<div style=\"clear: both; text-align: center;\"><a href=\"http:\/\/1.bp.blogspot.com\/-U9DeUXMss2Y\/VnGPZgsiB9I\/AAAAAAAATLg\/WXdt5ipw_jw\/s1600\/DSC_0727.JPG\" style=\"margin-left: 1em; margin-right: 1em;\" data-rel=\"lightbox-image-6\" data-rl_title=\"\" data-rl_caption=\"\" title=\"\"><img loading=\"lazy\" decoding=\"async\" border=\"0\" height=\"320\" src=\"http:\/\/1.bp.blogspot.com\/-U9DeUXMss2Y\/VnGPZgsiB9I\/AAAAAAAATLg\/WXdt5ipw_jw\/s320\/DSC_0727.JPG\" width=\"212\" \/><\/a><\/div>\n<p><\/p>","protected":false},"excerpt":{"rendered":"<p>Aquest \u00e9s un petit recull fotogr\u00e0fic de la xerrada-confer\u00e8ncia, que el nostre ex alumne Joanthan Cantero, va impartir el passat dijous 10 de desembre per iniciativa dels dos professors titulars de 1er. i 2 on. d&#8217;Art-gr\u00e0fic. L&#8217;Ernest i la Mado, respectivament, que tamb\u00e9 son els responsables d&#8217;organitzar aquesta activitat.Durant una bona estona, va explicar de [&hellip;]<\/p>\n","protected":false},"author":2,"featured_media":0,"comment_status":"open","ping_status":"open","sticky":false,"template":"","format":"standard","meta":{"_monsterinsights_skip_tracking":false,"_monsterinsights_sitenote_active":false,"_monsterinsights_sitenote_note":"","_monsterinsights_sitenote_category":0,"footnotes":""},"categories":[1],"tags":[],"class_list":["post-144","post","type-post","status-publish","format-standard","hentry","category-general"],"yoast_head":"<!-- This site is optimized with the Yoast SEO plugin v25.6 - https:\/\/yoast.com\/wordpress\/plugins\/seo\/ -->\n<title>&quot;MASTERCLASS&quot; D&#039;EN JONATHAN CANTERO A L&#039;ESCOLA JOSO SABADELL. - Escola Joso Sabadell<\/title>\n<meta name=\"robots\" content=\"index, follow, max-snippet:-1, max-image-preview:large, max-video-preview:-1\" \/>\n<link rel=\"canonical\" href=\"http:\/\/jososabadell.cat\/es\/2015\/12\/16\/masterclass-den-jonathan-cantero-a-lescola-joso-sabadell\/\" \/>\n<meta property=\"og:locale\" content=\"es_ES\" \/>\n<meta property=\"og:type\" content=\"article\" \/>\n<meta property=\"og:title\" content=\"&quot;MASTERCLASS&quot; D&#039;EN JONATHAN CANTERO A L&#039;ESCOLA JOSO SABADELL. - Escola Joso Sabadell\" \/>\n<meta property=\"og:description\" content=\"Aquest \u00e9s un petit recull fotogr\u00e0fic de la xerrada-confer\u00e8ncia, que el nostre ex alumne Joanthan Cantero, va impartir el passat dijous 10 de desembre per iniciativa dels dos professors titulars de 1er. i 2 on. d&#8217;Art-gr\u00e0fic. L&#8217;Ernest i la Mado, respectivament, que tamb\u00e9 son els responsables d&#8217;organitzar aquesta activitat.Durant una bona estona, va explicar de [&hellip;]\" \/>\n<meta property=\"og:url\" content=\"http:\/\/jososabadell.cat\/es\/2015\/12\/16\/masterclass-den-jonathan-cantero-a-lescola-joso-sabadell\/\" \/>\n<meta property=\"og:site_name\" content=\"Escola Joso Sabadell\" \/>\n<meta property=\"article:publisher\" content=\"https:\/\/www.facebook.com\/escolajososabadell\/\" \/>\n<meta property=\"article:published_time\" content=\"2015-12-16T16:22:00+00:00\" \/>\n<meta property=\"article:modified_time\" content=\"2018-04-13T12:59:40+00:00\" \/>\n<meta property=\"og:image\" content=\"http:\/\/3.bp.blogspot.com\/-oEOEdwe-nN8\/VnGOwUWR_XI\/AAAAAAAATKw\/KWDSAieBb5o\/s320\/12244487_1021038307916506_4979972834827234970_o.jpg\" \/>\n<meta name=\"author\" content=\"Joso Sabadell\" \/>\n<meta name=\"twitter:card\" content=\"summary_large_image\" \/>\n<meta name=\"twitter:creator\" content=\"@EscolaJosoSbd\" \/>\n<meta name=\"twitter:site\" content=\"@EscolaJosoSbd\" \/>\n<meta name=\"twitter:label1\" content=\"Escrito por\" \/>\n\t<meta name=\"twitter:data1\" content=\"Joso Sabadell\" \/>\n\t<meta name=\"twitter:label2\" content=\"Tiempo de lectura\" \/>\n\t<meta name=\"twitter:data2\" content=\"1 minuto\" \/>\n<script type=\"application\/ld+json\" class=\"yoast-schema-graph\">{\"@context\":\"https:\/\/schema.org\",\"@graph\":[{\"@type\":\"WebPage\",\"@id\":\"http:\/\/jososabadell.cat\/es\/2015\/12\/16\/masterclass-den-jonathan-cantero-a-lescola-joso-sabadell\/\",\"url\":\"http:\/\/jososabadell.cat\/es\/2015\/12\/16\/masterclass-den-jonathan-cantero-a-lescola-joso-sabadell\/\",\"name\":\"\\\"MASTERCLASS\\\" D'EN JONATHAN CANTERO A L'ESCOLA JOSO SABADELL. - Escola Joso Sabadell\",\"isPartOf\":{\"@id\":\"https:\/\/jososabadell.cat\/#website\"},\"primaryImageOfPage\":{\"@id\":\"http:\/\/jososabadell.cat\/es\/2015\/12\/16\/masterclass-den-jonathan-cantero-a-lescola-joso-sabadell\/#primaryimage\"},\"image\":{\"@id\":\"http:\/\/jososabadell.cat\/es\/2015\/12\/16\/masterclass-den-jonathan-cantero-a-lescola-joso-sabadell\/#primaryimage\"},\"thumbnailUrl\":\"http:\/\/3.bp.blogspot.com\/-oEOEdwe-nN8\/VnGOwUWR_XI\/AAAAAAAATKw\/KWDSAieBb5o\/s320\/12244487_1021038307916506_4979972834827234970_o.jpg\",\"datePublished\":\"2015-12-16T16:22:00+00:00\",\"dateModified\":\"2018-04-13T12:59:40+00:00\",\"author\":{\"@id\":\"https:\/\/jososabadell.cat\/#\/schema\/person\/233e57003be70aa898d35bfb3ee0fb72\"},\"breadcrumb\":{\"@id\":\"http:\/\/jososabadell.cat\/es\/2015\/12\/16\/masterclass-den-jonathan-cantero-a-lescola-joso-sabadell\/#breadcrumb\"},\"inLanguage\":\"es\",\"potentialAction\":[{\"@type\":\"ReadAction\",\"target\":[\"http:\/\/jososabadell.cat\/es\/2015\/12\/16\/masterclass-den-jonathan-cantero-a-lescola-joso-sabadell\/\"]}]},{\"@type\":\"ImageObject\",\"inLanguage\":\"es\",\"@id\":\"http:\/\/jososabadell.cat\/es\/2015\/12\/16\/masterclass-den-jonathan-cantero-a-lescola-joso-sabadell\/#primaryimage\",\"url\":\"http:\/\/3.bp.blogspot.com\/-oEOEdwe-nN8\/VnGOwUWR_XI\/AAAAAAAATKw\/KWDSAieBb5o\/s320\/12244487_1021038307916506_4979972834827234970_o.jpg\",\"contentUrl\":\"http:\/\/3.bp.blogspot.com\/-oEOEdwe-nN8\/VnGOwUWR_XI\/AAAAAAAATKw\/KWDSAieBb5o\/s320\/12244487_1021038307916506_4979972834827234970_o.jpg\"},{\"@type\":\"BreadcrumbList\",\"@id\":\"http:\/\/jososabadell.cat\/es\/2015\/12\/16\/masterclass-den-jonathan-cantero-a-lescola-joso-sabadell\/#breadcrumb\",\"itemListElement\":[{\"@type\":\"ListItem\",\"position\":1,\"name\":\"Inici\",\"item\":\"https:\/\/jososabadell.cat\/\"},{\"@type\":\"ListItem\",\"position\":2,\"name\":\"&#8220;MASTERCLASS&#8221; D&#8217;EN JONATHAN CANTERO A L&#8217;ESCOLA JOSO SABADELL.\"}]},{\"@type\":\"WebSite\",\"@id\":\"https:\/\/jososabadell.cat\/#website\",\"url\":\"https:\/\/jososabadell.cat\/\",\"name\":\"Escola Joso Sabadell\",\"description\":\"\",\"potentialAction\":[{\"@type\":\"SearchAction\",\"target\":{\"@type\":\"EntryPoint\",\"urlTemplate\":\"https:\/\/jososabadell.cat\/?s={search_term_string}\"},\"query-input\":{\"@type\":\"PropertyValueSpecification\",\"valueRequired\":true,\"valueName\":\"search_term_string\"}}],\"inLanguage\":\"es\"},{\"@type\":\"Person\",\"@id\":\"https:\/\/jososabadell.cat\/#\/schema\/person\/233e57003be70aa898d35bfb3ee0fb72\",\"name\":\"Joso Sabadell\",\"image\":{\"@type\":\"ImageObject\",\"inLanguage\":\"es\",\"@id\":\"https:\/\/jososabadell.cat\/#\/schema\/person\/image\/\",\"url\":\"https:\/\/secure.gravatar.com\/avatar\/5aa9d058168d026c6f8d651849c8cf5d?s=96&d=mm&r=g\",\"contentUrl\":\"https:\/\/secure.gravatar.com\/avatar\/5aa9d058168d026c6f8d651849c8cf5d?s=96&d=mm&r=g\",\"caption\":\"Joso Sabadell\"},\"sameAs\":[\"http:\/\/jososabadell.cat\"]}]}<\/script>\n<!-- \/ Yoast SEO plugin. -->","yoast_head_json":{"title":"\"MASTERCLASS\" D'EN JONATHAN CANTERO A L'ESCOLA JOSO SABADELL. - Escola Joso Sabadell","robots":{"index":"index","follow":"follow","max-snippet":"max-snippet:-1","max-image-preview":"max-image-preview:large","max-video-preview":"max-video-preview:-1"},"canonical":"http:\/\/jososabadell.cat\/es\/2015\/12\/16\/masterclass-den-jonathan-cantero-a-lescola-joso-sabadell\/","og_locale":"es_ES","og_type":"article","og_title":"\"MASTERCLASS\" D'EN JONATHAN CANTERO A L'ESCOLA JOSO SABADELL. - Escola Joso Sabadell","og_description":"Aquest \u00e9s un petit recull fotogr\u00e0fic de la xerrada-confer\u00e8ncia, que el nostre ex alumne Joanthan Cantero, va impartir el passat dijous 10 de desembre per iniciativa dels dos professors titulars de 1er. i 2 on. d&#8217;Art-gr\u00e0fic. L&#8217;Ernest i la Mado, respectivament, que tamb\u00e9 son els responsables d&#8217;organitzar aquesta activitat.Durant una bona estona, va explicar de [&hellip;]","og_url":"http:\/\/jososabadell.cat\/es\/2015\/12\/16\/masterclass-den-jonathan-cantero-a-lescola-joso-sabadell\/","og_site_name":"Escola Joso Sabadell","article_publisher":"https:\/\/www.facebook.com\/escolajososabadell\/","article_published_time":"2015-12-16T16:22:00+00:00","article_modified_time":"2018-04-13T12:59:40+00:00","og_image":[{"url":"http:\/\/3.bp.blogspot.com\/-oEOEdwe-nN8\/VnGOwUWR_XI\/AAAAAAAATKw\/KWDSAieBb5o\/s320\/12244487_1021038307916506_4979972834827234970_o.jpg","type":"","width":"","height":""}],"author":"Joso Sabadell","twitter_card":"summary_large_image","twitter_creator":"@EscolaJosoSbd","twitter_site":"@EscolaJosoSbd","twitter_misc":{"Escrito por":"Joso Sabadell","Tiempo de lectura":"1 minuto"},"schema":{"@context":"https:\/\/schema.org","@graph":[{"@type":"WebPage","@id":"http:\/\/jososabadell.cat\/es\/2015\/12\/16\/masterclass-den-jonathan-cantero-a-lescola-joso-sabadell\/","url":"http:\/\/jososabadell.cat\/es\/2015\/12\/16\/masterclass-den-jonathan-cantero-a-lescola-joso-sabadell\/","name":"\"MASTERCLASS\" D'EN JONATHAN CANTERO A L'ESCOLA JOSO SABADELL. - Escola Joso Sabadell","isPartOf":{"@id":"https:\/\/jososabadell.cat\/#website"},"primaryImageOfPage":{"@id":"http:\/\/jososabadell.cat\/es\/2015\/12\/16\/masterclass-den-jonathan-cantero-a-lescola-joso-sabadell\/#primaryimage"},"image":{"@id":"http:\/\/jososabadell.cat\/es\/2015\/12\/16\/masterclass-den-jonathan-cantero-a-lescola-joso-sabadell\/#primaryimage"},"thumbnailUrl":"http:\/\/3.bp.blogspot.com\/-oEOEdwe-nN8\/VnGOwUWR_XI\/AAAAAAAATKw\/KWDSAieBb5o\/s320\/12244487_1021038307916506_4979972834827234970_o.jpg","datePublished":"2015-12-16T16:22:00+00:00","dateModified":"2018-04-13T12:59:40+00:00","author":{"@id":"https:\/\/jososabadell.cat\/#\/schema\/person\/233e57003be70aa898d35bfb3ee0fb72"},"breadcrumb":{"@id":"http:\/\/jososabadell.cat\/es\/2015\/12\/16\/masterclass-den-jonathan-cantero-a-lescola-joso-sabadell\/#breadcrumb"},"inLanguage":"es","potentialAction":[{"@type":"ReadAction","target":["http:\/\/jososabadell.cat\/es\/2015\/12\/16\/masterclass-den-jonathan-cantero-a-lescola-joso-sabadell\/"]}]},{"@type":"ImageObject","inLanguage":"es","@id":"http:\/\/jososabadell.cat\/es\/2015\/12\/16\/masterclass-den-jonathan-cantero-a-lescola-joso-sabadell\/#primaryimage","url":"http:\/\/3.bp.blogspot.com\/-oEOEdwe-nN8\/VnGOwUWR_XI\/AAAAAAAATKw\/KWDSAieBb5o\/s320\/12244487_1021038307916506_4979972834827234970_o.jpg","contentUrl":"http:\/\/3.bp.blogspot.com\/-oEOEdwe-nN8\/VnGOwUWR_XI\/AAAAAAAATKw\/KWDSAieBb5o\/s320\/12244487_1021038307916506_4979972834827234970_o.jpg"},{"@type":"BreadcrumbList","@id":"http:\/\/jososabadell.cat\/es\/2015\/12\/16\/masterclass-den-jonathan-cantero-a-lescola-joso-sabadell\/#breadcrumb","itemListElement":[{"@type":"ListItem","position":1,"name":"Inici","item":"https:\/\/jososabadell.cat\/"},{"@type":"ListItem","position":2,"name":"&#8220;MASTERCLASS&#8221; D&#8217;EN JONATHAN CANTERO A L&#8217;ESCOLA JOSO SABADELL."}]},{"@type":"WebSite","@id":"https:\/\/jososabadell.cat\/#website","url":"https:\/\/jososabadell.cat\/","name":"&nbsp;Escola Joso Sabadell","description":"","potentialAction":[{"@type":"SearchAction","target":{"@type":"EntryPoint","urlTemplate":"https:\/\/jososabadell.cat\/?s={search_term_string}"},"query-input":{"@type":"PropertyValueSpecification","valueRequired":true,"valueName":"search_term_string"}}],"inLanguage":"es"},{"@type":"Person","@id":"https:\/\/jososabadell.cat\/#\/schema\/person\/233e57003be70aa898d35bfb3ee0fb72","name":"Joso Sabadell","image":{"@type":"ImageObject","inLanguage":"es","@id":"https:\/\/jososabadell.cat\/#\/schema\/person\/image\/","url":"https:\/\/secure.gravatar.com\/avatar\/5aa9d058168d026c6f8d651849c8cf5d?s=96&d=mm&r=g","contentUrl":"https:\/\/secure.gravatar.com\/avatar\/5aa9d058168d026c6f8d651849c8cf5d?s=96&d=mm&r=g","caption":"Joso Sabadell"},"sameAs":["http:\/\/jososabadell.cat"]}]}},"_links":{"self":[{"href":"https:\/\/jososabadell.cat\/es\/wp-json\/wp\/v2\/posts\/144"}],"collection":[{"href":"https:\/\/jososabadell.cat\/es\/wp-json\/wp\/v2\/posts"}],"about":[{"href":"https:\/\/jososabadell.cat\/es\/wp-json\/wp\/v2\/types\/post"}],"author":[{"embeddable":true,"href":"https:\/\/jososabadell.cat\/es\/wp-json\/wp\/v2\/users\/2"}],"replies":[{"embeddable":true,"href":"https:\/\/jososabadell.cat\/es\/wp-json\/wp\/v2\/comments?post=144"}],"version-history":[{"count":1,"href":"https:\/\/jososabadell.cat\/es\/wp-json\/wp\/v2\/posts\/144\/revisions"}],"predecessor-version":[{"id":580,"href":"https:\/\/jososabadell.cat\/es\/wp-json\/wp\/v2\/posts\/144\/revisions\/580"}],"wp:attachment":[{"href":"https:\/\/jososabadell.cat\/es\/wp-json\/wp\/v2\/media?parent=144"}],"wp:term":[{"taxonomy":"category","embeddable":true,"href":"https:\/\/jososabadell.cat\/es\/wp-json\/wp\/v2\/categories?post=144"},{"taxonomy":"post_tag","embeddable":true,"href":"https:\/\/jososabadell.cat\/es\/wp-json\/wp\/v2\/tags?post=144"}],"curies":[{"name":"wp","href":"https:\/\/api.w.org\/{rel}","templated":true}]}}