{"id":151,"date":"2015-10-26T13:55:00","date_gmt":"2015-10-26T11:55:00","guid":{"rendered":"http:\/\/jososabadell.cat\/2015\/10\/26\/escola-joso-sabadell-a-la-festa-del-comic-i-el-llibre-infantil-2015\/"},"modified":"2018-04-13T14:59:50","modified_gmt":"2018-04-13T12:59:50","slug":"escola-joso-sabadell-a-la-festa-del-comic-i-el-llibre-infantil-2015","status":"publish","type":"post","link":"https:\/\/jososabadell.cat\/es\/2015\/10\/26\/escola-joso-sabadell-a-la-festa-del-comic-i-el-llibre-infantil-2015\/","title":{"rendered":"ESCOLA JOSO SABADELL A LA FESTA DEL C\u00d2MIC I EL LLIBRE INFANTIL 2015."},"content":{"rendered":"<div style=\"clear: both; text-align: center;\"><a href=\"http:\/\/3.bp.blogspot.com\/-2Xe1TmvnYqQ\/Vi4SPnurYBI\/AAAAAAAASg4\/q5L5QrgyO9g\/s1600\/20151024_122427.jpg\" style=\"margin-left: 1em; margin-right: 1em;\" data-rel=\"lightbox-image-0\" data-rl_title=\"\" data-rl_caption=\"\" title=\"\"><img loading=\"lazy\" decoding=\"async\" border=\"0\" height=\"180\" src=\"http:\/\/3.bp.blogspot.com\/-2Xe1TmvnYqQ\/Vi4SPnurYBI\/AAAAAAAASg4\/q5L5QrgyO9g\/s320\/20151024_122427.jpg\" width=\"320\" \/><\/a><\/div>\n<p><\/p>\n<div style=\"clear: both; text-align: center;\"><a href=\"http:\/\/2.bp.blogspot.com\/-6KUDarssaW4\/Vi4SON5DZrI\/AAAAAAAASgw\/XGnzMzNEoYo\/s1600\/20151024_122542.jpg\" style=\"margin-left: 1em; margin-right: 1em;\" data-rel=\"lightbox-image-1\" data-rl_title=\"\" data-rl_caption=\"\" title=\"\"><img loading=\"lazy\" decoding=\"async\" border=\"0\" height=\"180\" src=\"http:\/\/2.bp.blogspot.com\/-6KUDarssaW4\/Vi4SON5DZrI\/AAAAAAAASgw\/XGnzMzNEoYo\/s320\/20151024_122542.jpg\" width=\"320\" \/><\/a><\/div>\n<p><\/p>\n<div style=\"clear: both; text-align: center;\"><a href=\"http:\/\/3.bp.blogspot.com\/-HrK8xPW8dZQ\/Vi4SJ08QI-I\/AAAAAAAASgo\/Iy4a244-E6Y\/s1600\/20151024_173038.jpg\" style=\"margin-left: 1em; margin-right: 1em;\" data-rel=\"lightbox-image-2\" data-rl_title=\"\" data-rl_caption=\"\" title=\"\"><img loading=\"lazy\" decoding=\"async\" border=\"0\" height=\"180\" src=\"http:\/\/3.bp.blogspot.com\/-HrK8xPW8dZQ\/Vi4SJ08QI-I\/AAAAAAAASgo\/Iy4a244-E6Y\/s320\/20151024_173038.jpg\" width=\"320\" \/><\/a><\/div>\n<p><\/p>\n<div style=\"clear: both; text-align: center;\"><a href=\"http:\/\/1.bp.blogspot.com\/-bWnRNjxcYvg\/Vi4SyRjfdHI\/AAAAAAAAShQ\/VxpFdL3H-20\/s1600\/20151024_184245.jpg\" style=\"margin-left: 1em; margin-right: 1em;\" data-rel=\"lightbox-image-3\" data-rl_title=\"\" data-rl_caption=\"\" title=\"\"><img loading=\"lazy\" decoding=\"async\" border=\"0\" height=\"180\" src=\"http:\/\/1.bp.blogspot.com\/-bWnRNjxcYvg\/Vi4SyRjfdHI\/AAAAAAAAShQ\/VxpFdL3H-20\/s320\/20151024_184245.jpg\" width=\"320\" \/><\/a><\/div>\n<p><\/p>\n<div style=\"clear: both; text-align: center;\"><a href=\"http:\/\/4.bp.blogspot.com\/-ywOP8WdnWGU\/Vi4SpYRoPRI\/AAAAAAAAShI\/etFKmZWH7rc\/s1600\/DSC_0697.JPG\" style=\"margin-left: 1em; margin-right: 1em;\" data-rel=\"lightbox-image-4\" data-rl_title=\"\" data-rl_caption=\"\" title=\"\"><img loading=\"lazy\" decoding=\"async\" border=\"0\" height=\"212\" src=\"http:\/\/4.bp.blogspot.com\/-ywOP8WdnWGU\/Vi4SpYRoPRI\/AAAAAAAAShI\/etFKmZWH7rc\/s320\/DSC_0697.JPG\" width=\"320\" \/><\/a><\/div>\n<p><\/p>\n<div style=\"clear: both; text-align: center;\"><a href=\"http:\/\/2.bp.blogspot.com\/-bW2jz3g2D6g\/Vi4SoNxG5BI\/AAAAAAAAShA\/_3aHNj-3A0U\/s1600\/DSC_0698.JPG\" style=\"margin-left: 1em; margin-right: 1em;\" data-rel=\"lightbox-image-5\" data-rl_title=\"\" data-rl_caption=\"\" title=\"\"><img loading=\"lazy\" decoding=\"async\" border=\"0\" height=\"212\" src=\"http:\/\/2.bp.blogspot.com\/-bW2jz3g2D6g\/Vi4SoNxG5BI\/AAAAAAAAShA\/_3aHNj-3A0U\/s320\/DSC_0698.JPG\" width=\"320\" \/><\/a><\/div>\n<p><\/p>\n<div style=\"clear: both; text-align: center;\"><a href=\"http:\/\/1.bp.blogspot.com\/-Ck8ad0SBLeE\/Vi4S_gi31_I\/AAAAAAAAShY\/pAco8L3DaNI\/s1600\/DSC_0701.JPG\" style=\"margin-left: 1em; margin-right: 1em;\" data-rel=\"lightbox-image-6\" data-rl_title=\"\" data-rl_caption=\"\" title=\"\"><img loading=\"lazy\" decoding=\"async\" border=\"0\" height=\"212\" src=\"http:\/\/1.bp.blogspot.com\/-Ck8ad0SBLeE\/Vi4S_gi31_I\/AAAAAAAAShY\/pAco8L3DaNI\/s320\/DSC_0701.JPG\" width=\"320\" \/><\/a><\/div>\n<p><\/p>\n<div style=\"clear: both; text-align: center;\"><a href=\"http:\/\/2.bp.blogspot.com\/-o7B7Aw_WNDI\/Vi4TBtIYlQI\/AAAAAAAAShg\/w3Ia_NnB7TI\/s1600\/DSC_0703.JPG\" style=\"margin-left: 1em; margin-right: 1em;\" data-rel=\"lightbox-image-7\" data-rl_title=\"\" data-rl_caption=\"\" title=\"\"><img loading=\"lazy\" decoding=\"async\" border=\"0\" height=\"212\" src=\"http:\/\/2.bp.blogspot.com\/-o7B7Aw_WNDI\/Vi4TBtIYlQI\/AAAAAAAAShg\/w3Ia_NnB7TI\/s320\/DSC_0703.JPG\" width=\"320\" \/><\/a><\/div>\n<p><\/p>\n<div style=\"clear: both; text-align: center;\"><a href=\"http:\/\/4.bp.blogspot.com\/-LQ2nfLnhs4g\/Vi4TMiNk4cI\/AAAAAAAASho\/aVxfx5ZyOrk\/s1600\/DSC_0705.JPG\" style=\"margin-left: 1em; margin-right: 1em;\" data-rel=\"lightbox-image-8\" data-rl_title=\"\" data-rl_caption=\"\" title=\"\"><img loading=\"lazy\" decoding=\"async\" border=\"0\" height=\"212\" src=\"http:\/\/4.bp.blogspot.com\/-LQ2nfLnhs4g\/Vi4TMiNk4cI\/AAAAAAAASho\/aVxfx5ZyOrk\/s320\/DSC_0705.JPG\" width=\"320\" \/><\/a><\/div>\n<p><\/p>\n<div style=\"clear: both; text-align: center;\"><a href=\"http:\/\/3.bp.blogspot.com\/-V3QTTiQsr0Y\/Vi4TbNvb3KI\/AAAAAAAASh0\/xjseVrt0zYU\/s1600\/DSC_0709.JPG\" style=\"margin-left: 1em; margin-right: 1em;\" data-rel=\"lightbox-image-9\" data-rl_title=\"\" data-rl_caption=\"\" title=\"\"><img loading=\"lazy\" decoding=\"async\" border=\"0\" height=\"212\" src=\"http:\/\/3.bp.blogspot.com\/-V3QTTiQsr0Y\/Vi4TbNvb3KI\/AAAAAAAASh0\/xjseVrt0zYU\/s320\/DSC_0709.JPG\" width=\"320\" \/><\/a><\/div>\n<p><\/p>\n<div style=\"clear: both; text-align: center;\"><a href=\"http:\/\/2.bp.blogspot.com\/-uAN5JzuljKc\/Vi4TbQK_x6I\/AAAAAAAAShw\/zw6NFmAMNxQ\/s1600\/DSC_0710.JPG\" style=\"margin-left: 1em; margin-right: 1em;\" data-rel=\"lightbox-image-10\" data-rl_title=\"\" data-rl_caption=\"\" title=\"\"><img loading=\"lazy\" decoding=\"async\" border=\"0\" height=\"212\" src=\"http:\/\/2.bp.blogspot.com\/-uAN5JzuljKc\/Vi4TbQK_x6I\/AAAAAAAAShw\/zw6NFmAMNxQ\/s320\/DSC_0710.JPG\" width=\"320\" \/><\/a><\/div>\n<p><\/p>\n<div style=\"clear: both; text-align: center;\"><a href=\"http:\/\/3.bp.blogspot.com\/-XLb0ayJlAu0\/Vi4TgvX_5II\/AAAAAAAASiA\/nQZGP3H8vwc\/s1600\/DSC_0711.JPG\" style=\"margin-left: 1em; margin-right: 1em;\" data-rel=\"lightbox-image-11\" data-rl_title=\"\" data-rl_caption=\"\" title=\"\"><img loading=\"lazy\" decoding=\"async\" border=\"0\" height=\"212\" src=\"http:\/\/3.bp.blogspot.com\/-XLb0ayJlAu0\/Vi4TgvX_5II\/AAAAAAAASiA\/nQZGP3H8vwc\/s320\/DSC_0711.JPG\" width=\"320\" \/><\/a><\/div>\n<p><\/p>\n<div style=\"clear: both; text-align: center;\"><a href=\"http:\/\/2.bp.blogspot.com\/-cYDBARRVIpA\/Vi4T26IaOKI\/AAAAAAAASiI\/8zWyJH8sIOI\/s1600\/DSC_0712.JPG\" style=\"margin-left: 1em; margin-right: 1em;\" data-rel=\"lightbox-image-12\" data-rl_title=\"\" data-rl_caption=\"\" title=\"\"><img loading=\"lazy\" decoding=\"async\" border=\"0\" height=\"212\" src=\"http:\/\/2.bp.blogspot.com\/-cYDBARRVIpA\/Vi4T26IaOKI\/AAAAAAAASiI\/8zWyJH8sIOI\/s320\/DSC_0712.JPG\" width=\"320\" \/><\/a><\/div>\n<p><\/p>\n<div style=\"clear: both; text-align: center;\"><a href=\"http:\/\/1.bp.blogspot.com\/-Iz4eVYWoahY\/Vi4T3zKOFuI\/AAAAAAAASiQ\/w_I7svymfcA\/s1600\/DSC_0714.JPG\" style=\"margin-left: 1em; margin-right: 1em;\" data-rel=\"lightbox-image-13\" data-rl_title=\"\" data-rl_caption=\"\" title=\"\"><img loading=\"lazy\" decoding=\"async\" border=\"0\" height=\"212\" src=\"http:\/\/1.bp.blogspot.com\/-Iz4eVYWoahY\/Vi4T3zKOFuI\/AAAAAAAASiQ\/w_I7svymfcA\/s320\/DSC_0714.JPG\" width=\"320\" \/><\/a><\/div>\n<p><\/p>\n<div style=\"clear: both; text-align: center;\"><a href=\"http:\/\/3.bp.blogspot.com\/-tJcBje3rjXM\/Vi4T9ApxnAI\/AAAAAAAASiY\/Pxq-hAvaBns\/s1600\/DSC_0718.JPG\" style=\"margin-left: 1em; margin-right: 1em;\" data-rel=\"lightbox-image-14\" data-rl_title=\"\" data-rl_caption=\"\" title=\"\"><img loading=\"lazy\" decoding=\"async\" border=\"0\" height=\"320\" src=\"http:\/\/3.bp.blogspot.com\/-tJcBje3rjXM\/Vi4T9ApxnAI\/AAAAAAAASiY\/Pxq-hAvaBns\/s320\/DSC_0718.JPG\" width=\"212\" \/><\/a><\/div>\n<p><\/p>\n<div style=\"clear: both; text-align: center;\"><a href=\"http:\/\/2.bp.blogspot.com\/-U5NWOl2EMAo\/Vi4UPW9A8TI\/AAAAAAAASig\/nitilqdyK4c\/s1600\/DSC_0720.JPG\" style=\"margin-left: 1em; margin-right: 1em;\" data-rel=\"lightbox-image-15\" data-rl_title=\"\" data-rl_caption=\"\" title=\"\"><img loading=\"lazy\" decoding=\"async\" border=\"0\" height=\"320\" src=\"http:\/\/2.bp.blogspot.com\/-U5NWOl2EMAo\/Vi4UPW9A8TI\/AAAAAAAASig\/nitilqdyK4c\/s320\/DSC_0720.JPG\" width=\"212\" \/><\/a><\/div>\n<p><\/p>\n<div style=\"clear: both; text-align: center;\"><a href=\"http:\/\/4.bp.blogspot.com\/-gg893UsbJUQ\/Vi4UThJ7ODI\/AAAAAAAASio\/gcMglI10_6Y\/s1600\/DSC_0721.JPG\" style=\"margin-left: 1em; margin-right: 1em;\" data-rel=\"lightbox-image-16\" data-rl_title=\"\" data-rl_caption=\"\" title=\"\"><img loading=\"lazy\" decoding=\"async\" border=\"0\" height=\"212\" src=\"http:\/\/4.bp.blogspot.com\/-gg893UsbJUQ\/Vi4UThJ7ODI\/AAAAAAAASio\/gcMglI10_6Y\/s320\/DSC_0721.JPG\" width=\"320\" \/><\/a><\/div>\n<p><\/p>\n<div style=\"clear: both; text-align: center;\"><a href=\"http:\/\/4.bp.blogspot.com\/-f7N03a_V9g4\/Vi4UVSU-WnI\/AAAAAAAASiw\/Up223Tgwep0\/s1600\/DSC_0722.JPG\" style=\"margin-left: 1em; margin-right: 1em;\" data-rel=\"lightbox-image-17\" data-rl_title=\"\" data-rl_caption=\"\" title=\"\"><img loading=\"lazy\" decoding=\"async\" border=\"0\" height=\"212\" src=\"http:\/\/4.bp.blogspot.com\/-f7N03a_V9g4\/Vi4UVSU-WnI\/AAAAAAAASiw\/Up223Tgwep0\/s320\/DSC_0722.JPG\" width=\"320\" \/><\/a><\/div>\n<p><\/p>\n<div style=\"clear: both; text-align: center;\"><a href=\"http:\/\/2.bp.blogspot.com\/-ITFhSV2hCxo\/Vi4Ue_k3UaI\/AAAAAAAASjI\/3oMsTSLe8es\/s1600\/DSC_0724.JPG\" style=\"margin-left: 1em; margin-right: 1em;\" data-rel=\"lightbox-image-18\" data-rl_title=\"\" data-rl_caption=\"\" title=\"\"><img loading=\"lazy\" decoding=\"async\" border=\"0\" height=\"212\" src=\"http:\/\/2.bp.blogspot.com\/-ITFhSV2hCxo\/Vi4Ue_k3UaI\/AAAAAAAASjI\/3oMsTSLe8es\/s320\/DSC_0724.JPG\" width=\"320\" \/><\/a><\/div>\n<p><\/p>\n<div style=\"clear: both; text-align: center;\"><a href=\"http:\/\/4.bp.blogspot.com\/-O3hyDzB3LUY\/Vi4Uafxs_QI\/AAAAAAAASi4\/UZm9hvyrBj8\/s1600\/IMG-20151024-WA0000.jpg\" style=\"margin-left: 1em; margin-right: 1em;\" data-rel=\"lightbox-image-19\" data-rl_title=\"\" data-rl_caption=\"\" title=\"\"><img loading=\"lazy\" decoding=\"async\" border=\"0\" height=\"240\" src=\"http:\/\/4.bp.blogspot.com\/-O3hyDzB3LUY\/Vi4Uafxs_QI\/AAAAAAAASi4\/UZm9hvyrBj8\/s320\/IMG-20151024-WA0000.jpg\" width=\"320\" \/><\/a><\/div>\n<p><\/p>\n<div style=\"clear: both; text-align: center;\"><a href=\"http:\/\/2.bp.blogspot.com\/-VoLdwDxg2Bw\/Vi4Ua295jaI\/AAAAAAAASi8\/q2LpMX-ppwk\/s1600\/IMG-20151024-WA0001.jpg\" style=\"margin-left: 1em; margin-right: 1em;\" data-rel=\"lightbox-image-20\" data-rl_title=\"\" data-rl_caption=\"\" title=\"\"><img loading=\"lazy\" decoding=\"async\" border=\"0\" height=\"240\" src=\"http:\/\/2.bp.blogspot.com\/-VoLdwDxg2Bw\/Vi4Ua295jaI\/AAAAAAAASi8\/q2LpMX-ppwk\/s320\/IMG-20151024-WA0001.jpg\" width=\"320\" \/><\/a><\/div>\n<p><span style=\"background-color: white; color: #141823; font-family: helvetica, arial, sans-serif; font-size: 13px; line-height: 18px;\">Durant tot el dissabte 24 d&#8217;octubre de 2015. es va celebrar al carrer de Sant Antoni de <b>Sabadell<\/b>, la<b> festa del c\u00f2mic i el llibre infantil<\/b>, que organitzen, entre d&#8217;altres, els nostres amics de<b> Norma c\u00f2mics Sabadell<\/b>.<\/span><br style=\"background-color: white; color: #141823; font-family: helvetica, arial, sans-serif; font-size: 13px; line-height: 18px;\" \/><span style=\"background-color: white; color: #141823; font-family: helvetica, arial, sans-serif; font-size: 13px; line-height: 18px;\">Gr\u00e0cies a la implicaci\u00f3 d&#8217;alguns dels nostres alumnes, que es van oferir de forma volunt\u00e0ria, el nostre centre va poder participar en un petit espai de demostraci\u00f3, informaci\u00f3 i concurs als vianant que es van apropar durant tota la jornada.Volem donar les gr\u00e0cies als organitzadors per les facilitats per a poder participar en aquesta activitat i sobretot, als alumnes, (sobretot els que van estar a la tarda), per el seu comprom\u00eds desinteressat en ajudar-nos en aquesta tasca de participaci\u00f3 !<\/span><\/p>","protected":false},"excerpt":{"rendered":"<p>Durant tot el dissabte 24 d&#8217;octubre de 2015. es va celebrar al carrer de Sant Antoni de Sabadell, la festa del c\u00f2mic i el llibre infantil, que organitzen, entre d&#8217;altres, els nostres amics de Norma c\u00f2mics Sabadell.Gr\u00e0cies a la implicaci\u00f3 d&#8217;alguns dels nostres alumnes, que es van oferir de forma volunt\u00e0ria, el nostre centre va [&hellip;]<\/p>\n","protected":false},"author":2,"featured_media":0,"comment_status":"open","ping_status":"open","sticky":false,"template":"","format":"standard","meta":{"_monsterinsights_skip_tracking":false,"_monsterinsights_sitenote_active":false,"_monsterinsights_sitenote_note":"","_monsterinsights_sitenote_category":0,"footnotes":""},"categories":[1],"tags":[],"class_list":["post-151","post","type-post","status-publish","format-standard","hentry","category-general"],"yoast_head":"<!-- This site is optimized with the Yoast SEO plugin v25.6 - https:\/\/yoast.com\/wordpress\/plugins\/seo\/ -->\n<title>ESCOLA JOSO SABADELL A LA FESTA DEL C\u00d2MIC I EL LLIBRE INFANTIL 2015. - Escola Joso Sabadell<\/title>\n<meta name=\"robots\" content=\"index, follow, max-snippet:-1, max-image-preview:large, max-video-preview:-1\" \/>\n<link rel=\"canonical\" href=\"https:\/\/jososabadell.cat\/es\/2015\/10\/26\/escola-joso-sabadell-a-la-festa-del-comic-i-el-llibre-infantil-2015\/\" \/>\n<meta property=\"og:locale\" content=\"es_ES\" \/>\n<meta property=\"og:type\" content=\"article\" \/>\n<meta property=\"og:title\" content=\"ESCOLA JOSO SABADELL A LA FESTA DEL C\u00d2MIC I EL LLIBRE INFANTIL 2015. - Escola Joso Sabadell\" \/>\n<meta property=\"og:description\" content=\"Durant tot el dissabte 24 d&#8217;octubre de 2015. es va celebrar al carrer de Sant Antoni de Sabadell, la festa del c\u00f2mic i el llibre infantil, que organitzen, entre d&#8217;altres, els nostres amics de Norma c\u00f2mics Sabadell.Gr\u00e0cies a la implicaci\u00f3 d&#8217;alguns dels nostres alumnes, que es van oferir de forma volunt\u00e0ria, el nostre centre va [&hellip;]\" \/>\n<meta property=\"og:url\" content=\"https:\/\/jososabadell.cat\/es\/2015\/10\/26\/escola-joso-sabadell-a-la-festa-del-comic-i-el-llibre-infantil-2015\/\" \/>\n<meta property=\"og:site_name\" content=\"Escola Joso Sabadell\" \/>\n<meta property=\"article:publisher\" content=\"https:\/\/www.facebook.com\/escolajososabadell\/\" \/>\n<meta property=\"article:published_time\" content=\"2015-10-26T11:55:00+00:00\" \/>\n<meta property=\"article:modified_time\" content=\"2018-04-13T12:59:50+00:00\" \/>\n<meta property=\"og:image\" content=\"http:\/\/3.bp.blogspot.com\/-2Xe1TmvnYqQ\/Vi4SPnurYBI\/AAAAAAAASg4\/q5L5QrgyO9g\/s320\/20151024_122427.jpg\" \/>\n<meta name=\"author\" content=\"Joso Sabadell\" \/>\n<meta name=\"twitter:card\" content=\"summary_large_image\" \/>\n<meta name=\"twitter:creator\" content=\"@EscolaJosoSbd\" \/>\n<meta name=\"twitter:site\" content=\"@EscolaJosoSbd\" \/>\n<meta name=\"twitter:label1\" content=\"Escrito por\" \/>\n\t<meta name=\"twitter:data1\" content=\"Joso Sabadell\" \/>\n\t<meta name=\"twitter:label2\" content=\"Tiempo de lectura\" \/>\n\t<meta name=\"twitter:data2\" content=\"1 minuto\" \/>\n<script type=\"application\/ld+json\" class=\"yoast-schema-graph\">{\"@context\":\"https:\/\/schema.org\",\"@graph\":[{\"@type\":\"WebPage\",\"@id\":\"https:\/\/jososabadell.cat\/es\/2015\/10\/26\/escola-joso-sabadell-a-la-festa-del-comic-i-el-llibre-infantil-2015\/\",\"url\":\"https:\/\/jososabadell.cat\/es\/2015\/10\/26\/escola-joso-sabadell-a-la-festa-del-comic-i-el-llibre-infantil-2015\/\",\"name\":\"ESCOLA JOSO SABADELL A LA FESTA DEL C\u00d2MIC I EL LLIBRE INFANTIL 2015. - Escola Joso Sabadell\",\"isPartOf\":{\"@id\":\"https:\/\/jososabadell.cat\/#website\"},\"primaryImageOfPage\":{\"@id\":\"https:\/\/jososabadell.cat\/es\/2015\/10\/26\/escola-joso-sabadell-a-la-festa-del-comic-i-el-llibre-infantil-2015\/#primaryimage\"},\"image\":{\"@id\":\"https:\/\/jososabadell.cat\/es\/2015\/10\/26\/escola-joso-sabadell-a-la-festa-del-comic-i-el-llibre-infantil-2015\/#primaryimage\"},\"thumbnailUrl\":\"http:\/\/3.bp.blogspot.com\/-2Xe1TmvnYqQ\/Vi4SPnurYBI\/AAAAAAAASg4\/q5L5QrgyO9g\/s320\/20151024_122427.jpg\",\"datePublished\":\"2015-10-26T11:55:00+00:00\",\"dateModified\":\"2018-04-13T12:59:50+00:00\",\"author\":{\"@id\":\"https:\/\/jososabadell.cat\/#\/schema\/person\/233e57003be70aa898d35bfb3ee0fb72\"},\"breadcrumb\":{\"@id\":\"https:\/\/jososabadell.cat\/es\/2015\/10\/26\/escola-joso-sabadell-a-la-festa-del-comic-i-el-llibre-infantil-2015\/#breadcrumb\"},\"inLanguage\":\"es\",\"potentialAction\":[{\"@type\":\"ReadAction\",\"target\":[\"https:\/\/jososabadell.cat\/es\/2015\/10\/26\/escola-joso-sabadell-a-la-festa-del-comic-i-el-llibre-infantil-2015\/\"]}]},{\"@type\":\"ImageObject\",\"inLanguage\":\"es\",\"@id\":\"https:\/\/jososabadell.cat\/es\/2015\/10\/26\/escola-joso-sabadell-a-la-festa-del-comic-i-el-llibre-infantil-2015\/#primaryimage\",\"url\":\"http:\/\/3.bp.blogspot.com\/-2Xe1TmvnYqQ\/Vi4SPnurYBI\/AAAAAAAASg4\/q5L5QrgyO9g\/s320\/20151024_122427.jpg\",\"contentUrl\":\"http:\/\/3.bp.blogspot.com\/-2Xe1TmvnYqQ\/Vi4SPnurYBI\/AAAAAAAASg4\/q5L5QrgyO9g\/s320\/20151024_122427.jpg\"},{\"@type\":\"BreadcrumbList\",\"@id\":\"https:\/\/jososabadell.cat\/es\/2015\/10\/26\/escola-joso-sabadell-a-la-festa-del-comic-i-el-llibre-infantil-2015\/#breadcrumb\",\"itemListElement\":[{\"@type\":\"ListItem\",\"position\":1,\"name\":\"Inici\",\"item\":\"https:\/\/jososabadell.cat\/\"},{\"@type\":\"ListItem\",\"position\":2,\"name\":\"ESCOLA JOSO SABADELL A LA FESTA DEL C\u00d2MIC I EL LLIBRE INFANTIL 2015.\"}]},{\"@type\":\"WebSite\",\"@id\":\"https:\/\/jososabadell.cat\/#website\",\"url\":\"https:\/\/jososabadell.cat\/\",\"name\":\"Escola Joso Sabadell\",\"description\":\"\",\"potentialAction\":[{\"@type\":\"SearchAction\",\"target\":{\"@type\":\"EntryPoint\",\"urlTemplate\":\"https:\/\/jososabadell.cat\/?s={search_term_string}\"},\"query-input\":{\"@type\":\"PropertyValueSpecification\",\"valueRequired\":true,\"valueName\":\"search_term_string\"}}],\"inLanguage\":\"es\"},{\"@type\":\"Person\",\"@id\":\"https:\/\/jososabadell.cat\/#\/schema\/person\/233e57003be70aa898d35bfb3ee0fb72\",\"name\":\"Joso Sabadell\",\"image\":{\"@type\":\"ImageObject\",\"inLanguage\":\"es\",\"@id\":\"https:\/\/jososabadell.cat\/#\/schema\/person\/image\/\",\"url\":\"https:\/\/secure.gravatar.com\/avatar\/5aa9d058168d026c6f8d651849c8cf5d?s=96&d=mm&r=g\",\"contentUrl\":\"https:\/\/secure.gravatar.com\/avatar\/5aa9d058168d026c6f8d651849c8cf5d?s=96&d=mm&r=g\",\"caption\":\"Joso Sabadell\"},\"sameAs\":[\"http:\/\/jososabadell.cat\"]}]}<\/script>\n<!-- \/ Yoast SEO plugin. -->","yoast_head_json":{"title":"ESCOLA JOSO SABADELL A LA FESTA DEL C\u00d2MIC I EL LLIBRE INFANTIL 2015. - Escola Joso Sabadell","robots":{"index":"index","follow":"follow","max-snippet":"max-snippet:-1","max-image-preview":"max-image-preview:large","max-video-preview":"max-video-preview:-1"},"canonical":"https:\/\/jososabadell.cat\/es\/2015\/10\/26\/escola-joso-sabadell-a-la-festa-del-comic-i-el-llibre-infantil-2015\/","og_locale":"es_ES","og_type":"article","og_title":"ESCOLA JOSO SABADELL A LA FESTA DEL C\u00d2MIC I EL LLIBRE INFANTIL 2015. - Escola Joso Sabadell","og_description":"Durant tot el dissabte 24 d&#8217;octubre de 2015. es va celebrar al carrer de Sant Antoni de Sabadell, la festa del c\u00f2mic i el llibre infantil, que organitzen, entre d&#8217;altres, els nostres amics de Norma c\u00f2mics Sabadell.Gr\u00e0cies a la implicaci\u00f3 d&#8217;alguns dels nostres alumnes, que es van oferir de forma volunt\u00e0ria, el nostre centre va [&hellip;]","og_url":"https:\/\/jososabadell.cat\/es\/2015\/10\/26\/escola-joso-sabadell-a-la-festa-del-comic-i-el-llibre-infantil-2015\/","og_site_name":"Escola Joso Sabadell","article_publisher":"https:\/\/www.facebook.com\/escolajososabadell\/","article_published_time":"2015-10-26T11:55:00+00:00","article_modified_time":"2018-04-13T12:59:50+00:00","og_image":[{"url":"http:\/\/3.bp.blogspot.com\/-2Xe1TmvnYqQ\/Vi4SPnurYBI\/AAAAAAAASg4\/q5L5QrgyO9g\/s320\/20151024_122427.jpg","type":"","width":"","height":""}],"author":"Joso Sabadell","twitter_card":"summary_large_image","twitter_creator":"@EscolaJosoSbd","twitter_site":"@EscolaJosoSbd","twitter_misc":{"Escrito por":"Joso Sabadell","Tiempo de lectura":"1 minuto"},"schema":{"@context":"https:\/\/schema.org","@graph":[{"@type":"WebPage","@id":"https:\/\/jososabadell.cat\/es\/2015\/10\/26\/escola-joso-sabadell-a-la-festa-del-comic-i-el-llibre-infantil-2015\/","url":"https:\/\/jososabadell.cat\/es\/2015\/10\/26\/escola-joso-sabadell-a-la-festa-del-comic-i-el-llibre-infantil-2015\/","name":"ESCOLA JOSO SABADELL A LA FESTA DEL C\u00d2MIC I EL LLIBRE INFANTIL 2015. - Escola Joso Sabadell","isPartOf":{"@id":"https:\/\/jososabadell.cat\/#website"},"primaryImageOfPage":{"@id":"https:\/\/jososabadell.cat\/es\/2015\/10\/26\/escola-joso-sabadell-a-la-festa-del-comic-i-el-llibre-infantil-2015\/#primaryimage"},"image":{"@id":"https:\/\/jososabadell.cat\/es\/2015\/10\/26\/escola-joso-sabadell-a-la-festa-del-comic-i-el-llibre-infantil-2015\/#primaryimage"},"thumbnailUrl":"http:\/\/3.bp.blogspot.com\/-2Xe1TmvnYqQ\/Vi4SPnurYBI\/AAAAAAAASg4\/q5L5QrgyO9g\/s320\/20151024_122427.jpg","datePublished":"2015-10-26T11:55:00+00:00","dateModified":"2018-04-13T12:59:50+00:00","author":{"@id":"https:\/\/jososabadell.cat\/#\/schema\/person\/233e57003be70aa898d35bfb3ee0fb72"},"breadcrumb":{"@id":"https:\/\/jososabadell.cat\/es\/2015\/10\/26\/escola-joso-sabadell-a-la-festa-del-comic-i-el-llibre-infantil-2015\/#breadcrumb"},"inLanguage":"es","potentialAction":[{"@type":"ReadAction","target":["https:\/\/jososabadell.cat\/es\/2015\/10\/26\/escola-joso-sabadell-a-la-festa-del-comic-i-el-llibre-infantil-2015\/"]}]},{"@type":"ImageObject","inLanguage":"es","@id":"https:\/\/jososabadell.cat\/es\/2015\/10\/26\/escola-joso-sabadell-a-la-festa-del-comic-i-el-llibre-infantil-2015\/#primaryimage","url":"http:\/\/3.bp.blogspot.com\/-2Xe1TmvnYqQ\/Vi4SPnurYBI\/AAAAAAAASg4\/q5L5QrgyO9g\/s320\/20151024_122427.jpg","contentUrl":"http:\/\/3.bp.blogspot.com\/-2Xe1TmvnYqQ\/Vi4SPnurYBI\/AAAAAAAASg4\/q5L5QrgyO9g\/s320\/20151024_122427.jpg"},{"@type":"BreadcrumbList","@id":"https:\/\/jososabadell.cat\/es\/2015\/10\/26\/escola-joso-sabadell-a-la-festa-del-comic-i-el-llibre-infantil-2015\/#breadcrumb","itemListElement":[{"@type":"ListItem","position":1,"name":"Inici","item":"https:\/\/jososabadell.cat\/"},{"@type":"ListItem","position":2,"name":"ESCOLA JOSO SABADELL A LA FESTA DEL C\u00d2MIC I EL LLIBRE INFANTIL 2015."}]},{"@type":"WebSite","@id":"https:\/\/jososabadell.cat\/#website","url":"https:\/\/jososabadell.cat\/","name":"&nbsp;Escola Joso Sabadell","description":"","potentialAction":[{"@type":"SearchAction","target":{"@type":"EntryPoint","urlTemplate":"https:\/\/jososabadell.cat\/?s={search_term_string}"},"query-input":{"@type":"PropertyValueSpecification","valueRequired":true,"valueName":"search_term_string"}}],"inLanguage":"es"},{"@type":"Person","@id":"https:\/\/jososabadell.cat\/#\/schema\/person\/233e57003be70aa898d35bfb3ee0fb72","name":"Joso Sabadell","image":{"@type":"ImageObject","inLanguage":"es","@id":"https:\/\/jososabadell.cat\/#\/schema\/person\/image\/","url":"https:\/\/secure.gravatar.com\/avatar\/5aa9d058168d026c6f8d651849c8cf5d?s=96&d=mm&r=g","contentUrl":"https:\/\/secure.gravatar.com\/avatar\/5aa9d058168d026c6f8d651849c8cf5d?s=96&d=mm&r=g","caption":"Joso Sabadell"},"sameAs":["http:\/\/jososabadell.cat"]}]}},"_links":{"self":[{"href":"https:\/\/jososabadell.cat\/es\/wp-json\/wp\/v2\/posts\/151"}],"collection":[{"href":"https:\/\/jososabadell.cat\/es\/wp-json\/wp\/v2\/posts"}],"about":[{"href":"https:\/\/jososabadell.cat\/es\/wp-json\/wp\/v2\/types\/post"}],"author":[{"embeddable":true,"href":"https:\/\/jososabadell.cat\/es\/wp-json\/wp\/v2\/users\/2"}],"replies":[{"embeddable":true,"href":"https:\/\/jososabadell.cat\/es\/wp-json\/wp\/v2\/comments?post=151"}],"version-history":[{"count":1,"href":"https:\/\/jososabadell.cat\/es\/wp-json\/wp\/v2\/posts\/151\/revisions"}],"predecessor-version":[{"id":587,"href":"https:\/\/jososabadell.cat\/es\/wp-json\/wp\/v2\/posts\/151\/revisions\/587"}],"wp:attachment":[{"href":"https:\/\/jososabadell.cat\/es\/wp-json\/wp\/v2\/media?parent=151"}],"wp:term":[{"taxonomy":"category","embeddable":true,"href":"https:\/\/jososabadell.cat\/es\/wp-json\/wp\/v2\/categories?post=151"},{"taxonomy":"post_tag","embeddable":true,"href":"https:\/\/jososabadell.cat\/es\/wp-json\/wp\/v2\/tags?post=151"}],"curies":[{"name":"wp","href":"https:\/\/api.w.org\/{rel}","templated":true}]}}