{"id":168,"date":"2015-08-17T12:33:00","date_gmt":"2015-08-17T10:33:00","guid":{"rendered":"http:\/\/jososabadell.cat\/2015\/08\/17\/donacio-a-la-biblioteca-de-lescola-joso-sabadell-dspaceman-books\/"},"modified":"2018-04-13T14:59:51","modified_gmt":"2018-04-13T12:59:51","slug":"donacio-a-la-biblioteca-de-lescola-joso-sabadell-dspaceman-books","status":"publish","type":"post","link":"https:\/\/jososabadell.cat\/es\/2015\/08\/17\/donacio-a-la-biblioteca-de-lescola-joso-sabadell-dspaceman-books\/","title":{"rendered":"DONACI\u00d3 A LA BIBLIOTECA DE L&#8217;ESCOLA  JOSO SABADELL D&#8217;SPACEMAN BOOKS."},"content":{"rendered":"<p>Venir un dia de vacances a treballar per obligaci\u00f3, ha estat una mica trist fins que en recollir de correus el paquet que ens han enviat, l&#8217;obres i veus el tresor que hi ha dins..<br \/>Gr\u00e0cies a les gestions de la nostra professora de t\u00e8cnica digital, <b>Mado Pe\u00f1a<\/b>, els amics de <b>Spaceman Book<\/b>s ens han enviat quasi una vintena de volums del deu fons editorial, per a que tots els nostres alumnes, pudin gaudir d&#8217;uns treballs que, fullejats per sobre, tenen un nivell extraordinari de t\u00e8cnica i tem\u00e0tica. Estem impacients per poder revisar-los amb m\u00e9s calma en retornar al setembre.<br \/>Moltes gr\u00e0cies !<\/p>\n<div style=\"clear: both; text-align: center;\"><a href=\"http:\/\/3.bp.blogspot.com\/-k0ZSCjCNir8\/VdG4I8rvYnI\/AAAAAAAAQkc\/1Bol35v-3pI\/s1600\/baixa.jpg\" style=\"margin-left: 1em; margin-right: 1em;\" data-rel=\"lightbox-image-0\" data-rl_title=\"\" data-rl_caption=\"\" title=\"\"><img decoding=\"async\" border=\"0\" src=\"http:\/\/3.bp.blogspot.com\/-k0ZSCjCNir8\/VdG4I8rvYnI\/AAAAAAAAQkc\/1Bol35v-3pI\/s1600\/baixa.jpg\" \/><\/a><\/div>\n<p><\/p>\n<div style=\"clear: both; text-align: center;\"><a href=\"http:\/\/2.bp.blogspot.com\/-ejqex9Gf0fM\/VdG4JNf5dOI\/AAAAAAAAQko\/o8MUIaIsryY\/s1600\/unnamed%2B%25281%2529.jpg\" style=\"margin-left: 1em; margin-right: 1em;\" data-rel=\"lightbox-image-1\" data-rl_title=\"\" data-rl_caption=\"\" title=\"\"><img loading=\"lazy\" decoding=\"async\" border=\"0\" height=\"179\" src=\"http:\/\/2.bp.blogspot.com\/-ejqex9Gf0fM\/VdG4JNf5dOI\/AAAAAAAAQko\/o8MUIaIsryY\/s320\/unnamed%2B%25281%2529.jpg\" width=\"320\" \/><\/a><\/div>\n<p><\/p>\n<div style=\"clear: both; text-align: center;\"><a href=\"http:\/\/2.bp.blogspot.com\/-TIcrxEsMnwU\/VdG4IkL8zvI\/AAAAAAAAQkY\/OM1THKcqqyg\/s1600\/unnamed.jpg\" style=\"margin-left: 1em; margin-right: 1em;\" data-rel=\"lightbox-image-2\" data-rl_title=\"\" data-rl_caption=\"\" title=\"\"><img loading=\"lazy\" decoding=\"async\" border=\"0\" height=\"179\" src=\"http:\/\/2.bp.blogspot.com\/-TIcrxEsMnwU\/VdG4IkL8zvI\/AAAAAAAAQkY\/OM1THKcqqyg\/s320\/unnamed.jpg\" width=\"320\" \/><\/a><\/div>","protected":false},"excerpt":{"rendered":"<p>Venir un dia de vacances a treballar per obligaci\u00f3, ha estat una mica trist fins que en recollir de correus el paquet que ens han enviat, l&#8217;obres i veus el tresor que hi ha dins..Gr\u00e0cies a les gestions de la nostra professora de t\u00e8cnica digital, Mado Pe\u00f1a, els amics de Spaceman Books ens han enviat [&hellip;]<\/p>\n","protected":false},"author":2,"featured_media":0,"comment_status":"open","ping_status":"open","sticky":false,"template":"","format":"standard","meta":{"_monsterinsights_skip_tracking":false,"_monsterinsights_sitenote_active":false,"_monsterinsights_sitenote_note":"","_monsterinsights_sitenote_category":0,"footnotes":""},"categories":[1],"tags":[],"class_list":["post-168","post","type-post","status-publish","format-standard","hentry","category-general"],"yoast_head":"<!-- This site is optimized with the Yoast SEO plugin v25.6 - https:\/\/yoast.com\/wordpress\/plugins\/seo\/ -->\n<title>DONACI\u00d3 A LA BIBLIOTECA DE L&#039;ESCOLA JOSO SABADELL D&#039;SPACEMAN BOOKS. - Escola Joso Sabadell<\/title>\n<meta name=\"robots\" content=\"index, follow, max-snippet:-1, max-image-preview:large, max-video-preview:-1\" \/>\n<link rel=\"canonical\" href=\"https:\/\/jososabadell.cat\/es\/2015\/08\/17\/donacio-a-la-biblioteca-de-lescola-joso-sabadell-dspaceman-books\/\" \/>\n<meta property=\"og:locale\" content=\"es_ES\" \/>\n<meta property=\"og:type\" content=\"article\" \/>\n<meta property=\"og:title\" content=\"DONACI\u00d3 A LA BIBLIOTECA DE L&#039;ESCOLA JOSO SABADELL D&#039;SPACEMAN BOOKS. - Escola Joso Sabadell\" \/>\n<meta property=\"og:description\" content=\"Venir un dia de vacances a treballar per obligaci\u00f3, ha estat una mica trist fins que en recollir de correus el paquet que ens han enviat, l&#8217;obres i veus el tresor que hi ha dins..Gr\u00e0cies a les gestions de la nostra professora de t\u00e8cnica digital, Mado Pe\u00f1a, els amics de Spaceman Books ens han enviat [&hellip;]\" \/>\n<meta property=\"og:url\" content=\"https:\/\/jososabadell.cat\/es\/2015\/08\/17\/donacio-a-la-biblioteca-de-lescola-joso-sabadell-dspaceman-books\/\" \/>\n<meta property=\"og:site_name\" content=\"Escola Joso Sabadell\" \/>\n<meta property=\"article:publisher\" content=\"https:\/\/www.facebook.com\/escolajososabadell\/\" \/>\n<meta property=\"article:published_time\" content=\"2015-08-17T10:33:00+00:00\" \/>\n<meta property=\"article:modified_time\" content=\"2018-04-13T12:59:51+00:00\" \/>\n<meta property=\"og:image\" content=\"http:\/\/3.bp.blogspot.com\/-k0ZSCjCNir8\/VdG4I8rvYnI\/AAAAAAAAQkc\/1Bol35v-3pI\/s1600\/baixa.jpg\" \/>\n<meta name=\"author\" content=\"Joso Sabadell\" \/>\n<meta name=\"twitter:card\" content=\"summary_large_image\" \/>\n<meta name=\"twitter:creator\" content=\"@EscolaJosoSbd\" \/>\n<meta name=\"twitter:site\" content=\"@EscolaJosoSbd\" \/>\n<meta name=\"twitter:label1\" content=\"Escrito por\" \/>\n\t<meta name=\"twitter:data1\" content=\"Joso Sabadell\" \/>\n\t<meta name=\"twitter:label2\" content=\"Tiempo de lectura\" \/>\n\t<meta name=\"twitter:data2\" content=\"1 minuto\" \/>\n<script type=\"application\/ld+json\" class=\"yoast-schema-graph\">{\"@context\":\"https:\/\/schema.org\",\"@graph\":[{\"@type\":\"WebPage\",\"@id\":\"https:\/\/jososabadell.cat\/es\/2015\/08\/17\/donacio-a-la-biblioteca-de-lescola-joso-sabadell-dspaceman-books\/\",\"url\":\"https:\/\/jososabadell.cat\/es\/2015\/08\/17\/donacio-a-la-biblioteca-de-lescola-joso-sabadell-dspaceman-books\/\",\"name\":\"DONACI\u00d3 A LA BIBLIOTECA DE L'ESCOLA JOSO SABADELL D'SPACEMAN BOOKS. - Escola Joso Sabadell\",\"isPartOf\":{\"@id\":\"https:\/\/jososabadell.cat\/#website\"},\"primaryImageOfPage\":{\"@id\":\"https:\/\/jososabadell.cat\/es\/2015\/08\/17\/donacio-a-la-biblioteca-de-lescola-joso-sabadell-dspaceman-books\/#primaryimage\"},\"image\":{\"@id\":\"https:\/\/jososabadell.cat\/es\/2015\/08\/17\/donacio-a-la-biblioteca-de-lescola-joso-sabadell-dspaceman-books\/#primaryimage\"},\"thumbnailUrl\":\"http:\/\/3.bp.blogspot.com\/-k0ZSCjCNir8\/VdG4I8rvYnI\/AAAAAAAAQkc\/1Bol35v-3pI\/s1600\/baixa.jpg\",\"datePublished\":\"2015-08-17T10:33:00+00:00\",\"dateModified\":\"2018-04-13T12:59:51+00:00\",\"author\":{\"@id\":\"https:\/\/jososabadell.cat\/#\/schema\/person\/233e57003be70aa898d35bfb3ee0fb72\"},\"breadcrumb\":{\"@id\":\"https:\/\/jososabadell.cat\/es\/2015\/08\/17\/donacio-a-la-biblioteca-de-lescola-joso-sabadell-dspaceman-books\/#breadcrumb\"},\"inLanguage\":\"es\",\"potentialAction\":[{\"@type\":\"ReadAction\",\"target\":[\"https:\/\/jososabadell.cat\/es\/2015\/08\/17\/donacio-a-la-biblioteca-de-lescola-joso-sabadell-dspaceman-books\/\"]}]},{\"@type\":\"ImageObject\",\"inLanguage\":\"es\",\"@id\":\"https:\/\/jososabadell.cat\/es\/2015\/08\/17\/donacio-a-la-biblioteca-de-lescola-joso-sabadell-dspaceman-books\/#primaryimage\",\"url\":\"http:\/\/3.bp.blogspot.com\/-k0ZSCjCNir8\/VdG4I8rvYnI\/AAAAAAAAQkc\/1Bol35v-3pI\/s1600\/baixa.jpg\",\"contentUrl\":\"http:\/\/3.bp.blogspot.com\/-k0ZSCjCNir8\/VdG4I8rvYnI\/AAAAAAAAQkc\/1Bol35v-3pI\/s1600\/baixa.jpg\"},{\"@type\":\"BreadcrumbList\",\"@id\":\"https:\/\/jososabadell.cat\/es\/2015\/08\/17\/donacio-a-la-biblioteca-de-lescola-joso-sabadell-dspaceman-books\/#breadcrumb\",\"itemListElement\":[{\"@type\":\"ListItem\",\"position\":1,\"name\":\"Inici\",\"item\":\"https:\/\/jososabadell.cat\/\"},{\"@type\":\"ListItem\",\"position\":2,\"name\":\"DONACI\u00d3 A LA BIBLIOTECA DE L&#8217;ESCOLA JOSO SABADELL D&#8217;SPACEMAN BOOKS.\"}]},{\"@type\":\"WebSite\",\"@id\":\"https:\/\/jososabadell.cat\/#website\",\"url\":\"https:\/\/jososabadell.cat\/\",\"name\":\"Escola Joso Sabadell\",\"description\":\"\",\"potentialAction\":[{\"@type\":\"SearchAction\",\"target\":{\"@type\":\"EntryPoint\",\"urlTemplate\":\"https:\/\/jososabadell.cat\/?s={search_term_string}\"},\"query-input\":{\"@type\":\"PropertyValueSpecification\",\"valueRequired\":true,\"valueName\":\"search_term_string\"}}],\"inLanguage\":\"es\"},{\"@type\":\"Person\",\"@id\":\"https:\/\/jososabadell.cat\/#\/schema\/person\/233e57003be70aa898d35bfb3ee0fb72\",\"name\":\"Joso Sabadell\",\"image\":{\"@type\":\"ImageObject\",\"inLanguage\":\"es\",\"@id\":\"https:\/\/jososabadell.cat\/#\/schema\/person\/image\/\",\"url\":\"https:\/\/secure.gravatar.com\/avatar\/5aa9d058168d026c6f8d651849c8cf5d?s=96&d=mm&r=g\",\"contentUrl\":\"https:\/\/secure.gravatar.com\/avatar\/5aa9d058168d026c6f8d651849c8cf5d?s=96&d=mm&r=g\",\"caption\":\"Joso Sabadell\"},\"sameAs\":[\"http:\/\/jososabadell.cat\"]}]}<\/script>\n<!-- \/ Yoast SEO plugin. -->","yoast_head_json":{"title":"DONACI\u00d3 A LA BIBLIOTECA DE L'ESCOLA JOSO SABADELL D'SPACEMAN BOOKS. - Escola Joso Sabadell","robots":{"index":"index","follow":"follow","max-snippet":"max-snippet:-1","max-image-preview":"max-image-preview:large","max-video-preview":"max-video-preview:-1"},"canonical":"https:\/\/jososabadell.cat\/es\/2015\/08\/17\/donacio-a-la-biblioteca-de-lescola-joso-sabadell-dspaceman-books\/","og_locale":"es_ES","og_type":"article","og_title":"DONACI\u00d3 A LA BIBLIOTECA DE L'ESCOLA JOSO SABADELL D'SPACEMAN BOOKS. - Escola Joso Sabadell","og_description":"Venir un dia de vacances a treballar per obligaci\u00f3, ha estat una mica trist fins que en recollir de correus el paquet que ens han enviat, l&#8217;obres i veus el tresor que hi ha dins..Gr\u00e0cies a les gestions de la nostra professora de t\u00e8cnica digital, Mado Pe\u00f1a, els amics de Spaceman Books ens han enviat [&hellip;]","og_url":"https:\/\/jososabadell.cat\/es\/2015\/08\/17\/donacio-a-la-biblioteca-de-lescola-joso-sabadell-dspaceman-books\/","og_site_name":"Escola Joso Sabadell","article_publisher":"https:\/\/www.facebook.com\/escolajososabadell\/","article_published_time":"2015-08-17T10:33:00+00:00","article_modified_time":"2018-04-13T12:59:51+00:00","og_image":[{"url":"http:\/\/3.bp.blogspot.com\/-k0ZSCjCNir8\/VdG4I8rvYnI\/AAAAAAAAQkc\/1Bol35v-3pI\/s1600\/baixa.jpg","type":"","width":"","height":""}],"author":"Joso Sabadell","twitter_card":"summary_large_image","twitter_creator":"@EscolaJosoSbd","twitter_site":"@EscolaJosoSbd","twitter_misc":{"Escrito por":"Joso Sabadell","Tiempo de lectura":"1 minuto"},"schema":{"@context":"https:\/\/schema.org","@graph":[{"@type":"WebPage","@id":"https:\/\/jososabadell.cat\/es\/2015\/08\/17\/donacio-a-la-biblioteca-de-lescola-joso-sabadell-dspaceman-books\/","url":"https:\/\/jososabadell.cat\/es\/2015\/08\/17\/donacio-a-la-biblioteca-de-lescola-joso-sabadell-dspaceman-books\/","name":"DONACI\u00d3 A LA BIBLIOTECA DE L'ESCOLA JOSO SABADELL D'SPACEMAN BOOKS. - Escola Joso Sabadell","isPartOf":{"@id":"https:\/\/jososabadell.cat\/#website"},"primaryImageOfPage":{"@id":"https:\/\/jososabadell.cat\/es\/2015\/08\/17\/donacio-a-la-biblioteca-de-lescola-joso-sabadell-dspaceman-books\/#primaryimage"},"image":{"@id":"https:\/\/jososabadell.cat\/es\/2015\/08\/17\/donacio-a-la-biblioteca-de-lescola-joso-sabadell-dspaceman-books\/#primaryimage"},"thumbnailUrl":"http:\/\/3.bp.blogspot.com\/-k0ZSCjCNir8\/VdG4I8rvYnI\/AAAAAAAAQkc\/1Bol35v-3pI\/s1600\/baixa.jpg","datePublished":"2015-08-17T10:33:00+00:00","dateModified":"2018-04-13T12:59:51+00:00","author":{"@id":"https:\/\/jososabadell.cat\/#\/schema\/person\/233e57003be70aa898d35bfb3ee0fb72"},"breadcrumb":{"@id":"https:\/\/jososabadell.cat\/es\/2015\/08\/17\/donacio-a-la-biblioteca-de-lescola-joso-sabadell-dspaceman-books\/#breadcrumb"},"inLanguage":"es","potentialAction":[{"@type":"ReadAction","target":["https:\/\/jososabadell.cat\/es\/2015\/08\/17\/donacio-a-la-biblioteca-de-lescola-joso-sabadell-dspaceman-books\/"]}]},{"@type":"ImageObject","inLanguage":"es","@id":"https:\/\/jososabadell.cat\/es\/2015\/08\/17\/donacio-a-la-biblioteca-de-lescola-joso-sabadell-dspaceman-books\/#primaryimage","url":"http:\/\/3.bp.blogspot.com\/-k0ZSCjCNir8\/VdG4I8rvYnI\/AAAAAAAAQkc\/1Bol35v-3pI\/s1600\/baixa.jpg","contentUrl":"http:\/\/3.bp.blogspot.com\/-k0ZSCjCNir8\/VdG4I8rvYnI\/AAAAAAAAQkc\/1Bol35v-3pI\/s1600\/baixa.jpg"},{"@type":"BreadcrumbList","@id":"https:\/\/jososabadell.cat\/es\/2015\/08\/17\/donacio-a-la-biblioteca-de-lescola-joso-sabadell-dspaceman-books\/#breadcrumb","itemListElement":[{"@type":"ListItem","position":1,"name":"Inici","item":"https:\/\/jososabadell.cat\/"},{"@type":"ListItem","position":2,"name":"DONACI\u00d3 A LA BIBLIOTECA DE L&#8217;ESCOLA JOSO SABADELL D&#8217;SPACEMAN BOOKS."}]},{"@type":"WebSite","@id":"https:\/\/jososabadell.cat\/#website","url":"https:\/\/jososabadell.cat\/","name":"&nbsp;Escola Joso Sabadell","description":"","potentialAction":[{"@type":"SearchAction","target":{"@type":"EntryPoint","urlTemplate":"https:\/\/jososabadell.cat\/?s={search_term_string}"},"query-input":{"@type":"PropertyValueSpecification","valueRequired":true,"valueName":"search_term_string"}}],"inLanguage":"es"},{"@type":"Person","@id":"https:\/\/jososabadell.cat\/#\/schema\/person\/233e57003be70aa898d35bfb3ee0fb72","name":"Joso Sabadell","image":{"@type":"ImageObject","inLanguage":"es","@id":"https:\/\/jososabadell.cat\/#\/schema\/person\/image\/","url":"https:\/\/secure.gravatar.com\/avatar\/5aa9d058168d026c6f8d651849c8cf5d?s=96&d=mm&r=g","contentUrl":"https:\/\/secure.gravatar.com\/avatar\/5aa9d058168d026c6f8d651849c8cf5d?s=96&d=mm&r=g","caption":"Joso Sabadell"},"sameAs":["http:\/\/jososabadell.cat"]}]}},"_links":{"self":[{"href":"https:\/\/jososabadell.cat\/es\/wp-json\/wp\/v2\/posts\/168"}],"collection":[{"href":"https:\/\/jososabadell.cat\/es\/wp-json\/wp\/v2\/posts"}],"about":[{"href":"https:\/\/jososabadell.cat\/es\/wp-json\/wp\/v2\/types\/post"}],"author":[{"embeddable":true,"href":"https:\/\/jososabadell.cat\/es\/wp-json\/wp\/v2\/users\/2"}],"replies":[{"embeddable":true,"href":"https:\/\/jososabadell.cat\/es\/wp-json\/wp\/v2\/comments?post=168"}],"version-history":[{"count":1,"href":"https:\/\/jososabadell.cat\/es\/wp-json\/wp\/v2\/posts\/168\/revisions"}],"predecessor-version":[{"id":604,"href":"https:\/\/jososabadell.cat\/es\/wp-json\/wp\/v2\/posts\/168\/revisions\/604"}],"wp:attachment":[{"href":"https:\/\/jososabadell.cat\/es\/wp-json\/wp\/v2\/media?parent=168"}],"wp:term":[{"taxonomy":"category","embeddable":true,"href":"https:\/\/jososabadell.cat\/es\/wp-json\/wp\/v2\/categories?post=168"},{"taxonomy":"post_tag","embeddable":true,"href":"https:\/\/jososabadell.cat\/es\/wp-json\/wp\/v2\/tags?post=168"}],"curies":[{"name":"wp","href":"https:\/\/api.w.org\/{rel}","templated":true}]}}