{"id":16968,"date":"2025-09-17T11:18:43","date_gmt":"2025-09-17T09:18:43","guid":{"rendered":"https:\/\/jososabadell.cat\/?p=16968"},"modified":"2025-09-17T11:19:31","modified_gmt":"2025-09-17T09:19:31","slug":"participem-a-la-43a-hispacon","status":"publish","type":"post","link":"https:\/\/jososabadell.cat\/es\/2025\/09\/17\/participem-a-la-43a-hispacon\/","title":{"rendered":"Participem a la 43a Hispacon"},"content":{"rendered":"<p><strong>Del 19 al 21 de setembre, Sabadell es converteix en capital de la fantasia, la ci\u00e8ncia-ficci\u00f3 i el terror amb la celebraci\u00f3 de la 43a edici\u00f3 de la Hispacon. <\/strong><\/p>\n\n\n\n<p>La <a href=\"https:\/\/hispacon.org\/\">HispaCon<\/a> \u00e9s la convenci\u00f3 estatal m\u00e9s important dedicada als g\u00e8neres fant\u00e0stics, organitzada per l\u2019Associaci\u00f3 P\u00f3rtico, i aquest any tindr\u00e0 lloc al <strong>Casal Pere Quart<\/strong> (Rambla 69). La programaci\u00f3 \u00e9s brutal: xerrades, tallers, presentacions editorials, taules rodones, fira del llibre\u2026 i, com a plat fort, la Gala dels <strong>Premis Ignotus<\/strong>, el dissabte 20 a les 19h, amb la pres\u00e8ncia de grans noms de la literatura fant\u00e0stica. Tamb\u00e9 cal destacar la participaci\u00f3 internacional de l\u2019autora <strong>Stark Holborn<\/strong>, que oferir\u00e0 una xerrada el mateix dissabte a les 12h. I tot aix\u00f2, amb entrada gratu\u00efta i sense inscripci\u00f3 pr\u00e8via!<\/p>\n\n\n\n<p class=\"has-vivid-red-color has-text-color has-link-color wp-elements-82196fd9fe39827c621b972852c159c6\"><strong>I nosaltres, qu\u00e8 hi pintem?<\/strong> <\/p>\n\n\n\n<p>Des de l\u2019Escola Joso Sabadell hi participarem donant-li el nostre toc art\u00edstic: durant les diferents xerrades, profes i alumnes ens llen\u00e7arem al repte de dibuixar en directe tot el que ens suggereixin les paraules, les idees i les hist\u00f2ries que s\u2019hi expliquin.<\/p>\n\n\n\n<p>No es tracta de fer obres acabades ni perfectes, sin\u00f3 de deixar-se portar per la imaginaci\u00f3. Podreu veure com els nostres artistes experimenten en viu: caricatures dels ponents, escenes de fantasia, reinterpretacions de personatges, vinyetes expr\u00e9s, collages visuals\u2026 Una mena de jam session de dibuix, on el paper i la tauleta digital es converteixen en la porta d\u2019entrada a altres mons.<\/p>\n\n\n\n<p>L\u2019objectiu \u00e9s molt clar: jugar, improvisar i entrenar la creativitat. Sense pressi\u00f3, nom\u00e9s el plaer de transformar paraules en imatges.<\/p>\n\n\n\n<p>Si us agrada el c\u00f2mic, la il\u00b7lustraci\u00f3, el manga o qualsevol forma de fantasia visual, no us podeu perdre aquesta oportunitat. <strong>L\u2019entrada \u00e9s lliure<\/strong> i nom\u00e9s cal recollir l\u2019acreditaci\u00f3 al mateix Casal Pere Quart. All\u00e0 <strong>tamb\u00e9 podreu dibuixar en una paret que habilitarem<\/strong> perqu\u00e8 tothom pugueu fer un dibuix de terror, fantasia o ci\u00e8ncia ficci\u00f3. De nou, <strong>no es tracta de dur a terme les millors il\u00b7lustracions<\/strong>, sino de deixar un record il\u00b7lustrat per passar una bona estona fent-ho! <\/p>\n\n\n\n<figure class=\"wp-block-image size-large\"><img loading=\"lazy\" decoding=\"async\" width=\"726\" height=\"1024\" src=\"https:\/\/jososabadell.cat\/wp-content\/uploads\/2025\/09\/HispaCon-2025-web-726x1024.jpg\" alt=\"\" class=\"wp-image-16969\" srcset=\"https:\/\/jososabadell.cat\/wp-content\/uploads\/2025\/09\/HispaCon-2025-web-726x1024.jpg 726w, https:\/\/jososabadell.cat\/wp-content\/uploads\/2025\/09\/HispaCon-2025-web-354x500.jpg 354w, https:\/\/jososabadell.cat\/wp-content\/uploads\/2025\/09\/HispaCon-2025-web-768x1084.jpg 768w, https:\/\/jososabadell.cat\/wp-content\/uploads\/2025\/09\/HispaCon-2025-web-9x12.jpg 9w, https:\/\/jososabadell.cat\/wp-content\/uploads\/2025\/09\/HispaCon-2025-web-320x452.jpg 320w, https:\/\/jososabadell.cat\/wp-content\/uploads\/2025\/09\/HispaCon-2025-web-480x677.jpg 480w, https:\/\/jososabadell.cat\/wp-content\/uploads\/2025\/09\/HispaCon-2025-web.jpg 800w\" sizes=\"(max-width: 726px) 100vw, 726px\" \/><\/figure>\n\n\n\n<p><\/p>\n\n\n\n<p>\ud83d\udcc5 19, 20 i 21 de setembre de 2025<br>\ud83d\udccd Casal Pere Quart, Rambla 69 \u2013 Sabadell<br>\ud83d\udd17 M\u00e9s info: <a href=\"https:\/\/hispacon.org\/\">hispacon.org<\/a><\/p>\n\n\n\n<p><strong>Ens veiem a la Hispacon!<\/strong> \ud83d\ude80\ud83d\udc7e<\/p>","protected":false},"excerpt":{"rendered":"<p>Del 19 al 21 de setembre, Sabadell es converteix en capital de la fantasia, la ci\u00e8ncia-ficci\u00f3 i el terror amb la celebraci\u00f3 de la 43a edici\u00f3 de la Hispacon. La HispaCon \u00e9s la convenci\u00f3 estatal m\u00e9s important dedicada als g\u00e8neres fant\u00e0stics, organitzada per l\u2019Associaci\u00f3 P\u00f3rtico, i aquest any tindr\u00e0 lloc al Casal Pere Quart (Rambla [&hellip;]<\/p>\n","protected":false},"author":2,"featured_media":16970,"comment_status":"open","ping_status":"open","sticky":false,"template":"","format":"standard","meta":{"_monsterinsights_skip_tracking":false,"_monsterinsights_sitenote_active":false,"_monsterinsights_sitenote_note":"","_monsterinsights_sitenote_category":0,"footnotes":""},"categories":[1297,1],"tags":[1469,1471,1467,1468,1470],"class_list":["post-16968","post","type-post","status-publish","format-standard","has-post-thumbnail","hentry","category-activitats","category-general","tag-ciencia-ficcio","tag-fantasia","tag-hispacon","tag-sabadell","tag-terror"],"yoast_head":"<!-- This site is optimized with the Yoast SEO plugin v25.6 - https:\/\/yoast.com\/wordpress\/plugins\/seo\/ -->\n<title>Participem a la 43a Hispacon - Escola Joso Sabadell<\/title>\n<meta name=\"robots\" content=\"index, follow, max-snippet:-1, max-image-preview:large, max-video-preview:-1\" \/>\n<link rel=\"canonical\" href=\"https:\/\/jososabadell.cat\/es\/2025\/09\/17\/participem-a-la-43a-hispacon\/\" \/>\n<meta property=\"og:locale\" content=\"es_ES\" \/>\n<meta property=\"og:type\" content=\"article\" \/>\n<meta property=\"og:title\" content=\"Participem a la 43a Hispacon - Escola Joso Sabadell\" \/>\n<meta property=\"og:description\" content=\"Del 19 al 21 de setembre, Sabadell es converteix en capital de la fantasia, la ci\u00e8ncia-ficci\u00f3 i el terror amb la celebraci\u00f3 de la 43a edici\u00f3 de la Hispacon. La HispaCon \u00e9s la convenci\u00f3 estatal m\u00e9s important dedicada als g\u00e8neres fant\u00e0stics, organitzada per l\u2019Associaci\u00f3 P\u00f3rtico, i aquest any tindr\u00e0 lloc al Casal Pere Quart (Rambla [&hellip;]\" \/>\n<meta property=\"og:url\" content=\"https:\/\/jososabadell.cat\/es\/2025\/09\/17\/participem-a-la-43a-hispacon\/\" \/>\n<meta property=\"og:site_name\" content=\"Escola Joso Sabadell\" \/>\n<meta property=\"article:publisher\" content=\"https:\/\/www.facebook.com\/escolajososabadell\/\" \/>\n<meta property=\"article:published_time\" content=\"2025-09-17T09:18:43+00:00\" \/>\n<meta property=\"article:modified_time\" content=\"2025-09-17T09:19:31+00:00\" \/>\n<meta property=\"og:image\" content=\"https:\/\/jososabadell.cat\/wp-content\/uploads\/2025\/09\/HispaCon-2025-noti-web.jpg\" \/>\n\t<meta property=\"og:image:width\" content=\"1636\" \/>\n\t<meta property=\"og:image:height\" content=\"740\" \/>\n\t<meta property=\"og:image:type\" content=\"image\/jpeg\" \/>\n<meta name=\"author\" content=\"Joso Sabadell\" \/>\n<meta name=\"twitter:card\" content=\"summary_large_image\" \/>\n<meta name=\"twitter:creator\" content=\"@EscolaJosoSbd\" \/>\n<meta name=\"twitter:site\" content=\"@EscolaJosoSbd\" \/>\n<meta name=\"twitter:label1\" content=\"Escrito por\" \/>\n\t<meta name=\"twitter:data1\" content=\"Joso Sabadell\" \/>\n\t<meta name=\"twitter:label2\" content=\"Tiempo de lectura\" \/>\n\t<meta name=\"twitter:data2\" content=\"3 minutos\" \/>\n<script type=\"application\/ld+json\" class=\"yoast-schema-graph\">{\"@context\":\"https:\/\/schema.org\",\"@graph\":[{\"@type\":\"WebPage\",\"@id\":\"https:\/\/jososabadell.cat\/2025\/09\/17\/participem-a-la-43a-hispacon\/\",\"url\":\"https:\/\/jososabadell.cat\/2025\/09\/17\/participem-a-la-43a-hispacon\/\",\"name\":\"Participem a la 43a Hispacon - Escola Joso Sabadell\",\"isPartOf\":{\"@id\":\"https:\/\/jososabadell.cat\/#website\"},\"primaryImageOfPage\":{\"@id\":\"https:\/\/jososabadell.cat\/2025\/09\/17\/participem-a-la-43a-hispacon\/#primaryimage\"},\"image\":{\"@id\":\"https:\/\/jososabadell.cat\/2025\/09\/17\/participem-a-la-43a-hispacon\/#primaryimage\"},\"thumbnailUrl\":\"https:\/\/jososabadell.cat\/wp-content\/uploads\/2025\/09\/HispaCon-2025-noti-web.jpg\",\"datePublished\":\"2025-09-17T09:18:43+00:00\",\"dateModified\":\"2025-09-17T09:19:31+00:00\",\"author\":{\"@id\":\"https:\/\/jososabadell.cat\/#\/schema\/person\/233e57003be70aa898d35bfb3ee0fb72\"},\"breadcrumb\":{\"@id\":\"https:\/\/jososabadell.cat\/2025\/09\/17\/participem-a-la-43a-hispacon\/#breadcrumb\"},\"inLanguage\":\"es\",\"potentialAction\":[{\"@type\":\"ReadAction\",\"target\":[\"https:\/\/jososabadell.cat\/2025\/09\/17\/participem-a-la-43a-hispacon\/\"]}]},{\"@type\":\"ImageObject\",\"inLanguage\":\"es\",\"@id\":\"https:\/\/jososabadell.cat\/2025\/09\/17\/participem-a-la-43a-hispacon\/#primaryimage\",\"url\":\"https:\/\/jososabadell.cat\/wp-content\/uploads\/2025\/09\/HispaCon-2025-noti-web.jpg\",\"contentUrl\":\"https:\/\/jososabadell.cat\/wp-content\/uploads\/2025\/09\/HispaCon-2025-noti-web.jpg\",\"width\":1636,\"height\":740,\"caption\":\"HispaCon 2025\"},{\"@type\":\"BreadcrumbList\",\"@id\":\"https:\/\/jososabadell.cat\/2025\/09\/17\/participem-a-la-43a-hispacon\/#breadcrumb\",\"itemListElement\":[{\"@type\":\"ListItem\",\"position\":1,\"name\":\"Inici\",\"item\":\"https:\/\/jososabadell.cat\/\"},{\"@type\":\"ListItem\",\"position\":2,\"name\":\"Participem a la 43a Hispacon\"}]},{\"@type\":\"WebSite\",\"@id\":\"https:\/\/jososabadell.cat\/#website\",\"url\":\"https:\/\/jososabadell.cat\/\",\"name\":\"Escola Joso Sabadell\",\"description\":\"\",\"potentialAction\":[{\"@type\":\"SearchAction\",\"target\":{\"@type\":\"EntryPoint\",\"urlTemplate\":\"https:\/\/jososabadell.cat\/?s={search_term_string}\"},\"query-input\":{\"@type\":\"PropertyValueSpecification\",\"valueRequired\":true,\"valueName\":\"search_term_string\"}}],\"inLanguage\":\"es\"},{\"@type\":\"Person\",\"@id\":\"https:\/\/jososabadell.cat\/#\/schema\/person\/233e57003be70aa898d35bfb3ee0fb72\",\"name\":\"Joso Sabadell\",\"image\":{\"@type\":\"ImageObject\",\"inLanguage\":\"es\",\"@id\":\"https:\/\/jososabadell.cat\/#\/schema\/person\/image\/\",\"url\":\"https:\/\/secure.gravatar.com\/avatar\/5aa9d058168d026c6f8d651849c8cf5d?s=96&d=mm&r=g\",\"contentUrl\":\"https:\/\/secure.gravatar.com\/avatar\/5aa9d058168d026c6f8d651849c8cf5d?s=96&d=mm&r=g\",\"caption\":\"Joso Sabadell\"},\"sameAs\":[\"http:\/\/jososabadell.cat\"]}]}<\/script>\n<!-- \/ Yoast SEO plugin. -->","yoast_head_json":{"title":"Participem a la 43a Hispacon - Escola Joso Sabadell","robots":{"index":"index","follow":"follow","max-snippet":"max-snippet:-1","max-image-preview":"max-image-preview:large","max-video-preview":"max-video-preview:-1"},"canonical":"https:\/\/jososabadell.cat\/es\/2025\/09\/17\/participem-a-la-43a-hispacon\/","og_locale":"es_ES","og_type":"article","og_title":"Participem a la 43a Hispacon - Escola Joso Sabadell","og_description":"Del 19 al 21 de setembre, Sabadell es converteix en capital de la fantasia, la ci\u00e8ncia-ficci\u00f3 i el terror amb la celebraci\u00f3 de la 43a edici\u00f3 de la Hispacon. La HispaCon \u00e9s la convenci\u00f3 estatal m\u00e9s important dedicada als g\u00e8neres fant\u00e0stics, organitzada per l\u2019Associaci\u00f3 P\u00f3rtico, i aquest any tindr\u00e0 lloc al Casal Pere Quart (Rambla [&hellip;]","og_url":"https:\/\/jososabadell.cat\/es\/2025\/09\/17\/participem-a-la-43a-hispacon\/","og_site_name":"Escola Joso Sabadell","article_publisher":"https:\/\/www.facebook.com\/escolajososabadell\/","article_published_time":"2025-09-17T09:18:43+00:00","article_modified_time":"2025-09-17T09:19:31+00:00","og_image":[{"width":1636,"height":740,"url":"https:\/\/jososabadell.cat\/wp-content\/uploads\/2025\/09\/HispaCon-2025-noti-web.jpg","type":"image\/jpeg"}],"author":"Joso Sabadell","twitter_card":"summary_large_image","twitter_creator":"@EscolaJosoSbd","twitter_site":"@EscolaJosoSbd","twitter_misc":{"Escrito por":"Joso Sabadell","Tiempo de lectura":"3 minutos"},"schema":{"@context":"https:\/\/schema.org","@graph":[{"@type":"WebPage","@id":"https:\/\/jososabadell.cat\/2025\/09\/17\/participem-a-la-43a-hispacon\/","url":"https:\/\/jososabadell.cat\/2025\/09\/17\/participem-a-la-43a-hispacon\/","name":"Participem a la 43a Hispacon - Escola Joso Sabadell","isPartOf":{"@id":"https:\/\/jososabadell.cat\/#website"},"primaryImageOfPage":{"@id":"https:\/\/jososabadell.cat\/2025\/09\/17\/participem-a-la-43a-hispacon\/#primaryimage"},"image":{"@id":"https:\/\/jososabadell.cat\/2025\/09\/17\/participem-a-la-43a-hispacon\/#primaryimage"},"thumbnailUrl":"https:\/\/jososabadell.cat\/wp-content\/uploads\/2025\/09\/HispaCon-2025-noti-web.jpg","datePublished":"2025-09-17T09:18:43+00:00","dateModified":"2025-09-17T09:19:31+00:00","author":{"@id":"https:\/\/jososabadell.cat\/#\/schema\/person\/233e57003be70aa898d35bfb3ee0fb72"},"breadcrumb":{"@id":"https:\/\/jososabadell.cat\/2025\/09\/17\/participem-a-la-43a-hispacon\/#breadcrumb"},"inLanguage":"es","potentialAction":[{"@type":"ReadAction","target":["https:\/\/jososabadell.cat\/2025\/09\/17\/participem-a-la-43a-hispacon\/"]}]},{"@type":"ImageObject","inLanguage":"es","@id":"https:\/\/jososabadell.cat\/2025\/09\/17\/participem-a-la-43a-hispacon\/#primaryimage","url":"https:\/\/jososabadell.cat\/wp-content\/uploads\/2025\/09\/HispaCon-2025-noti-web.jpg","contentUrl":"https:\/\/jososabadell.cat\/wp-content\/uploads\/2025\/09\/HispaCon-2025-noti-web.jpg","width":1636,"height":740,"caption":"HispaCon 2025"},{"@type":"BreadcrumbList","@id":"https:\/\/jososabadell.cat\/2025\/09\/17\/participem-a-la-43a-hispacon\/#breadcrumb","itemListElement":[{"@type":"ListItem","position":1,"name":"Inici","item":"https:\/\/jososabadell.cat\/"},{"@type":"ListItem","position":2,"name":"Participem a la 43a Hispacon"}]},{"@type":"WebSite","@id":"https:\/\/jososabadell.cat\/#website","url":"https:\/\/jososabadell.cat\/","name":"&nbsp;Escola Joso Sabadell","description":"","potentialAction":[{"@type":"SearchAction","target":{"@type":"EntryPoint","urlTemplate":"https:\/\/jososabadell.cat\/?s={search_term_string}"},"query-input":{"@type":"PropertyValueSpecification","valueRequired":true,"valueName":"search_term_string"}}],"inLanguage":"es"},{"@type":"Person","@id":"https:\/\/jososabadell.cat\/#\/schema\/person\/233e57003be70aa898d35bfb3ee0fb72","name":"Joso Sabadell","image":{"@type":"ImageObject","inLanguage":"es","@id":"https:\/\/jososabadell.cat\/#\/schema\/person\/image\/","url":"https:\/\/secure.gravatar.com\/avatar\/5aa9d058168d026c6f8d651849c8cf5d?s=96&d=mm&r=g","contentUrl":"https:\/\/secure.gravatar.com\/avatar\/5aa9d058168d026c6f8d651849c8cf5d?s=96&d=mm&r=g","caption":"Joso Sabadell"},"sameAs":["http:\/\/jososabadell.cat"]}]}},"_links":{"self":[{"href":"https:\/\/jososabadell.cat\/es\/wp-json\/wp\/v2\/posts\/16968"}],"collection":[{"href":"https:\/\/jososabadell.cat\/es\/wp-json\/wp\/v2\/posts"}],"about":[{"href":"https:\/\/jososabadell.cat\/es\/wp-json\/wp\/v2\/types\/post"}],"author":[{"embeddable":true,"href":"https:\/\/jososabadell.cat\/es\/wp-json\/wp\/v2\/users\/2"}],"replies":[{"embeddable":true,"href":"https:\/\/jososabadell.cat\/es\/wp-json\/wp\/v2\/comments?post=16968"}],"version-history":[{"count":2,"href":"https:\/\/jososabadell.cat\/es\/wp-json\/wp\/v2\/posts\/16968\/revisions"}],"predecessor-version":[{"id":16972,"href":"https:\/\/jososabadell.cat\/es\/wp-json\/wp\/v2\/posts\/16968\/revisions\/16972"}],"wp:featuredmedia":[{"embeddable":true,"href":"https:\/\/jososabadell.cat\/es\/wp-json\/wp\/v2\/media\/16970"}],"wp:attachment":[{"href":"https:\/\/jososabadell.cat\/es\/wp-json\/wp\/v2\/media?parent=16968"}],"wp:term":[{"taxonomy":"category","embeddable":true,"href":"https:\/\/jososabadell.cat\/es\/wp-json\/wp\/v2\/categories?post=16968"},{"taxonomy":"post_tag","embeddable":true,"href":"https:\/\/jososabadell.cat\/es\/wp-json\/wp\/v2\/tags?post=16968"}],"curies":[{"name":"wp","href":"https:\/\/api.w.org\/{rel}","templated":true}]}}