{"id":177,"date":"2015-05-07T11:08:00","date_gmt":"2015-05-07T09:08:00","guid":{"rendered":"http:\/\/jososabadell.cat\/2015\/05\/07\/meritxell-bosch-nominada-als-premis-eisner\/"},"modified":"2018-04-13T15:00:05","modified_gmt":"2018-04-13T13:00:05","slug":"meritxell-bosch-nominada-als-premis-eisner","status":"publish","type":"post","link":"https:\/\/jososabadell.cat\/es\/2015\/05\/07\/meritxell-bosch-nominada-als-premis-eisner\/","title":{"rendered":"MERITXELL BOSCH NOMINADA ALS PREMIS EISNER."},"content":{"rendered":"<p><span style=\"background-color: white; color: #141823; font-family: helvetica, arial, 'lucida grande', sans-serif; font-size: 14px; line-height: 19.3199996948242px;\">\u00c9s un plaer i una satisfacci\u00f3, (com dir\u00edem si estigu\u00e9ssim emparentats amb la reialesa), anunciar-vos per boca de la mateixa interessada, que la nostra ex alumna <b>Meritxell Bosch<\/b>, ha estat nominada com a aspirant per als <b>premis Eisner<\/b> en la categoria de c\u00f2mic o novel\u00b7la gr\u00e0fica per a menors de 7 anys per la seva obra <b>&#8220;Bird cat dog&#8221;<\/b>. No cal dir que aquesta fita tant important mereix una aplaudiment i felicitaci\u00f3 de la mateixa magnitud !!!<\/span><\/p>\n<div style=\"clear: both; text-align: center;\"><a href=\"http:\/\/4.bp.blogspot.com\/-aYPut2ZSJ-s\/VUsrH0-kLHI\/AAAAAAAANXw\/AOppVbIH4kE\/s1600\/11210407_924159400937731_6942963420438850662_n.jpg\" style=\"margin-left: 1em; margin-right: 1em;\" data-rel=\"lightbox-image-0\" data-rl_title=\"\" data-rl_caption=\"\" title=\"\"><img loading=\"lazy\" decoding=\"async\" border=\"0\" height=\"320\" src=\"http:\/\/4.bp.blogspot.com\/-aYPut2ZSJ-s\/VUsrH0-kLHI\/AAAAAAAANXw\/AOppVbIH4kE\/s320\/11210407_924159400937731_6942963420438850662_n.jpg\" width=\"243\" \/><\/a><\/div>","protected":false},"excerpt":{"rendered":"<p>\u00c9s un plaer i una satisfacci\u00f3, (com dir\u00edem si estigu\u00e9ssim emparentats amb la reialesa), anunciar-vos per boca de la mateixa interessada, que la nostra ex alumna Meritxell Bosch, ha estat nominada com a aspirant per als premis Eisner en la categoria de c\u00f2mic o novel\u00b7la gr\u00e0fica per a menors de 7 anys per la seva [&hellip;]<\/p>\n","protected":false},"author":2,"featured_media":0,"comment_status":"open","ping_status":"open","sticky":false,"template":"","format":"standard","meta":{"_monsterinsights_skip_tracking":false,"_monsterinsights_sitenote_active":false,"_monsterinsights_sitenote_note":"","_monsterinsights_sitenote_category":0,"footnotes":""},"categories":[1],"tags":[],"class_list":["post-177","post","type-post","status-publish","format-standard","hentry","category-general"],"yoast_head":"<!-- This site is optimized with the Yoast SEO plugin v25.6 - https:\/\/yoast.com\/wordpress\/plugins\/seo\/ -->\n<title>MERITXELL BOSCH NOMINADA ALS PREMIS EISNER. - Escola Joso Sabadell<\/title>\n<meta name=\"robots\" content=\"index, follow, max-snippet:-1, max-image-preview:large, max-video-preview:-1\" \/>\n<link rel=\"canonical\" href=\"http:\/\/jososabadell.cat\/es\/2015\/05\/07\/meritxell-bosch-nominada-als-premis-eisner\/\" \/>\n<meta property=\"og:locale\" content=\"es_ES\" \/>\n<meta property=\"og:type\" content=\"article\" \/>\n<meta property=\"og:title\" content=\"MERITXELL BOSCH NOMINADA ALS PREMIS EISNER. - Escola Joso Sabadell\" \/>\n<meta property=\"og:description\" content=\"\u00c9s un plaer i una satisfacci\u00f3, (com dir\u00edem si estigu\u00e9ssim emparentats amb la reialesa), anunciar-vos per boca de la mateixa interessada, que la nostra ex alumna Meritxell Bosch, ha estat nominada com a aspirant per als premis Eisner en la categoria de c\u00f2mic o novel\u00b7la gr\u00e0fica per a menors de 7 anys per la seva [&hellip;]\" \/>\n<meta property=\"og:url\" content=\"http:\/\/jososabadell.cat\/es\/2015\/05\/07\/meritxell-bosch-nominada-als-premis-eisner\/\" \/>\n<meta property=\"og:site_name\" content=\"Escola Joso Sabadell\" \/>\n<meta property=\"article:publisher\" content=\"https:\/\/www.facebook.com\/escolajososabadell\/\" \/>\n<meta property=\"article:published_time\" content=\"2015-05-07T09:08:00+00:00\" \/>\n<meta property=\"article:modified_time\" content=\"2018-04-13T13:00:05+00:00\" \/>\n<meta property=\"og:image\" content=\"http:\/\/4.bp.blogspot.com\/-aYPut2ZSJ-s\/VUsrH0-kLHI\/AAAAAAAANXw\/AOppVbIH4kE\/s320\/11210407_924159400937731_6942963420438850662_n.jpg\" \/>\n<meta name=\"author\" content=\"Joso Sabadell\" \/>\n<meta name=\"twitter:card\" content=\"summary_large_image\" \/>\n<meta name=\"twitter:creator\" content=\"@EscolaJosoSbd\" \/>\n<meta name=\"twitter:site\" content=\"@EscolaJosoSbd\" \/>\n<meta name=\"twitter:label1\" content=\"Escrito por\" \/>\n\t<meta name=\"twitter:data1\" content=\"Joso Sabadell\" \/>\n<script type=\"application\/ld+json\" class=\"yoast-schema-graph\">{\"@context\":\"https:\/\/schema.org\",\"@graph\":[{\"@type\":\"WebPage\",\"@id\":\"http:\/\/jososabadell.cat\/es\/2015\/05\/07\/meritxell-bosch-nominada-als-premis-eisner\/\",\"url\":\"http:\/\/jososabadell.cat\/es\/2015\/05\/07\/meritxell-bosch-nominada-als-premis-eisner\/\",\"name\":\"MERITXELL BOSCH NOMINADA ALS PREMIS EISNER. - Escola Joso Sabadell\",\"isPartOf\":{\"@id\":\"https:\/\/jososabadell.cat\/#website\"},\"primaryImageOfPage\":{\"@id\":\"http:\/\/jososabadell.cat\/es\/2015\/05\/07\/meritxell-bosch-nominada-als-premis-eisner\/#primaryimage\"},\"image\":{\"@id\":\"http:\/\/jososabadell.cat\/es\/2015\/05\/07\/meritxell-bosch-nominada-als-premis-eisner\/#primaryimage\"},\"thumbnailUrl\":\"http:\/\/4.bp.blogspot.com\/-aYPut2ZSJ-s\/VUsrH0-kLHI\/AAAAAAAANXw\/AOppVbIH4kE\/s320\/11210407_924159400937731_6942963420438850662_n.jpg\",\"datePublished\":\"2015-05-07T09:08:00+00:00\",\"dateModified\":\"2018-04-13T13:00:05+00:00\",\"author\":{\"@id\":\"https:\/\/jososabadell.cat\/#\/schema\/person\/233e57003be70aa898d35bfb3ee0fb72\"},\"breadcrumb\":{\"@id\":\"http:\/\/jososabadell.cat\/es\/2015\/05\/07\/meritxell-bosch-nominada-als-premis-eisner\/#breadcrumb\"},\"inLanguage\":\"es\",\"potentialAction\":[{\"@type\":\"ReadAction\",\"target\":[\"http:\/\/jososabadell.cat\/es\/2015\/05\/07\/meritxell-bosch-nominada-als-premis-eisner\/\"]}]},{\"@type\":\"ImageObject\",\"inLanguage\":\"es\",\"@id\":\"http:\/\/jososabadell.cat\/es\/2015\/05\/07\/meritxell-bosch-nominada-als-premis-eisner\/#primaryimage\",\"url\":\"http:\/\/4.bp.blogspot.com\/-aYPut2ZSJ-s\/VUsrH0-kLHI\/AAAAAAAANXw\/AOppVbIH4kE\/s320\/11210407_924159400937731_6942963420438850662_n.jpg\",\"contentUrl\":\"http:\/\/4.bp.blogspot.com\/-aYPut2ZSJ-s\/VUsrH0-kLHI\/AAAAAAAANXw\/AOppVbIH4kE\/s320\/11210407_924159400937731_6942963420438850662_n.jpg\"},{\"@type\":\"BreadcrumbList\",\"@id\":\"http:\/\/jososabadell.cat\/es\/2015\/05\/07\/meritxell-bosch-nominada-als-premis-eisner\/#breadcrumb\",\"itemListElement\":[{\"@type\":\"ListItem\",\"position\":1,\"name\":\"Inici\",\"item\":\"https:\/\/jososabadell.cat\/\"},{\"@type\":\"ListItem\",\"position\":2,\"name\":\"MERITXELL BOSCH NOMINADA ALS PREMIS EISNER.\"}]},{\"@type\":\"WebSite\",\"@id\":\"https:\/\/jososabadell.cat\/#website\",\"url\":\"https:\/\/jososabadell.cat\/\",\"name\":\"Escola Joso Sabadell\",\"description\":\"\",\"potentialAction\":[{\"@type\":\"SearchAction\",\"target\":{\"@type\":\"EntryPoint\",\"urlTemplate\":\"https:\/\/jososabadell.cat\/?s={search_term_string}\"},\"query-input\":{\"@type\":\"PropertyValueSpecification\",\"valueRequired\":true,\"valueName\":\"search_term_string\"}}],\"inLanguage\":\"es\"},{\"@type\":\"Person\",\"@id\":\"https:\/\/jososabadell.cat\/#\/schema\/person\/233e57003be70aa898d35bfb3ee0fb72\",\"name\":\"Joso Sabadell\",\"image\":{\"@type\":\"ImageObject\",\"inLanguage\":\"es\",\"@id\":\"https:\/\/jososabadell.cat\/#\/schema\/person\/image\/\",\"url\":\"https:\/\/secure.gravatar.com\/avatar\/5aa9d058168d026c6f8d651849c8cf5d?s=96&d=mm&r=g\",\"contentUrl\":\"https:\/\/secure.gravatar.com\/avatar\/5aa9d058168d026c6f8d651849c8cf5d?s=96&d=mm&r=g\",\"caption\":\"Joso Sabadell\"},\"sameAs\":[\"http:\/\/jososabadell.cat\"]}]}<\/script>\n<!-- \/ Yoast SEO plugin. -->","yoast_head_json":{"title":"MERITXELL BOSCH NOMINADA ALS PREMIS EISNER. - Escola Joso Sabadell","robots":{"index":"index","follow":"follow","max-snippet":"max-snippet:-1","max-image-preview":"max-image-preview:large","max-video-preview":"max-video-preview:-1"},"canonical":"http:\/\/jososabadell.cat\/es\/2015\/05\/07\/meritxell-bosch-nominada-als-premis-eisner\/","og_locale":"es_ES","og_type":"article","og_title":"MERITXELL BOSCH NOMINADA ALS PREMIS EISNER. - Escola Joso Sabadell","og_description":"\u00c9s un plaer i una satisfacci\u00f3, (com dir\u00edem si estigu\u00e9ssim emparentats amb la reialesa), anunciar-vos per boca de la mateixa interessada, que la nostra ex alumna Meritxell Bosch, ha estat nominada com a aspirant per als premis Eisner en la categoria de c\u00f2mic o novel\u00b7la gr\u00e0fica per a menors de 7 anys per la seva [&hellip;]","og_url":"http:\/\/jososabadell.cat\/es\/2015\/05\/07\/meritxell-bosch-nominada-als-premis-eisner\/","og_site_name":"Escola Joso Sabadell","article_publisher":"https:\/\/www.facebook.com\/escolajososabadell\/","article_published_time":"2015-05-07T09:08:00+00:00","article_modified_time":"2018-04-13T13:00:05+00:00","og_image":[{"url":"http:\/\/4.bp.blogspot.com\/-aYPut2ZSJ-s\/VUsrH0-kLHI\/AAAAAAAANXw\/AOppVbIH4kE\/s320\/11210407_924159400937731_6942963420438850662_n.jpg","type":"","width":"","height":""}],"author":"Joso Sabadell","twitter_card":"summary_large_image","twitter_creator":"@EscolaJosoSbd","twitter_site":"@EscolaJosoSbd","twitter_misc":{"Escrito por":"Joso Sabadell"},"schema":{"@context":"https:\/\/schema.org","@graph":[{"@type":"WebPage","@id":"http:\/\/jososabadell.cat\/es\/2015\/05\/07\/meritxell-bosch-nominada-als-premis-eisner\/","url":"http:\/\/jososabadell.cat\/es\/2015\/05\/07\/meritxell-bosch-nominada-als-premis-eisner\/","name":"MERITXELL BOSCH NOMINADA ALS PREMIS EISNER. - Escola Joso Sabadell","isPartOf":{"@id":"https:\/\/jososabadell.cat\/#website"},"primaryImageOfPage":{"@id":"http:\/\/jososabadell.cat\/es\/2015\/05\/07\/meritxell-bosch-nominada-als-premis-eisner\/#primaryimage"},"image":{"@id":"http:\/\/jososabadell.cat\/es\/2015\/05\/07\/meritxell-bosch-nominada-als-premis-eisner\/#primaryimage"},"thumbnailUrl":"http:\/\/4.bp.blogspot.com\/-aYPut2ZSJ-s\/VUsrH0-kLHI\/AAAAAAAANXw\/AOppVbIH4kE\/s320\/11210407_924159400937731_6942963420438850662_n.jpg","datePublished":"2015-05-07T09:08:00+00:00","dateModified":"2018-04-13T13:00:05+00:00","author":{"@id":"https:\/\/jososabadell.cat\/#\/schema\/person\/233e57003be70aa898d35bfb3ee0fb72"},"breadcrumb":{"@id":"http:\/\/jososabadell.cat\/es\/2015\/05\/07\/meritxell-bosch-nominada-als-premis-eisner\/#breadcrumb"},"inLanguage":"es","potentialAction":[{"@type":"ReadAction","target":["http:\/\/jososabadell.cat\/es\/2015\/05\/07\/meritxell-bosch-nominada-als-premis-eisner\/"]}]},{"@type":"ImageObject","inLanguage":"es","@id":"http:\/\/jososabadell.cat\/es\/2015\/05\/07\/meritxell-bosch-nominada-als-premis-eisner\/#primaryimage","url":"http:\/\/4.bp.blogspot.com\/-aYPut2ZSJ-s\/VUsrH0-kLHI\/AAAAAAAANXw\/AOppVbIH4kE\/s320\/11210407_924159400937731_6942963420438850662_n.jpg","contentUrl":"http:\/\/4.bp.blogspot.com\/-aYPut2ZSJ-s\/VUsrH0-kLHI\/AAAAAAAANXw\/AOppVbIH4kE\/s320\/11210407_924159400937731_6942963420438850662_n.jpg"},{"@type":"BreadcrumbList","@id":"http:\/\/jososabadell.cat\/es\/2015\/05\/07\/meritxell-bosch-nominada-als-premis-eisner\/#breadcrumb","itemListElement":[{"@type":"ListItem","position":1,"name":"Inici","item":"https:\/\/jososabadell.cat\/"},{"@type":"ListItem","position":2,"name":"MERITXELL BOSCH NOMINADA ALS PREMIS EISNER."}]},{"@type":"WebSite","@id":"https:\/\/jososabadell.cat\/#website","url":"https:\/\/jososabadell.cat\/","name":"&nbsp;Escola Joso Sabadell","description":"","potentialAction":[{"@type":"SearchAction","target":{"@type":"EntryPoint","urlTemplate":"https:\/\/jososabadell.cat\/?s={search_term_string}"},"query-input":{"@type":"PropertyValueSpecification","valueRequired":true,"valueName":"search_term_string"}}],"inLanguage":"es"},{"@type":"Person","@id":"https:\/\/jososabadell.cat\/#\/schema\/person\/233e57003be70aa898d35bfb3ee0fb72","name":"Joso Sabadell","image":{"@type":"ImageObject","inLanguage":"es","@id":"https:\/\/jososabadell.cat\/#\/schema\/person\/image\/","url":"https:\/\/secure.gravatar.com\/avatar\/5aa9d058168d026c6f8d651849c8cf5d?s=96&d=mm&r=g","contentUrl":"https:\/\/secure.gravatar.com\/avatar\/5aa9d058168d026c6f8d651849c8cf5d?s=96&d=mm&r=g","caption":"Joso Sabadell"},"sameAs":["http:\/\/jososabadell.cat"]}]}},"_links":{"self":[{"href":"https:\/\/jososabadell.cat\/es\/wp-json\/wp\/v2\/posts\/177"}],"collection":[{"href":"https:\/\/jososabadell.cat\/es\/wp-json\/wp\/v2\/posts"}],"about":[{"href":"https:\/\/jososabadell.cat\/es\/wp-json\/wp\/v2\/types\/post"}],"author":[{"embeddable":true,"href":"https:\/\/jososabadell.cat\/es\/wp-json\/wp\/v2\/users\/2"}],"replies":[{"embeddable":true,"href":"https:\/\/jososabadell.cat\/es\/wp-json\/wp\/v2\/comments?post=177"}],"version-history":[{"count":1,"href":"https:\/\/jososabadell.cat\/es\/wp-json\/wp\/v2\/posts\/177\/revisions"}],"predecessor-version":[{"id":613,"href":"https:\/\/jososabadell.cat\/es\/wp-json\/wp\/v2\/posts\/177\/revisions\/613"}],"wp:attachment":[{"href":"https:\/\/jososabadell.cat\/es\/wp-json\/wp\/v2\/media?parent=177"}],"wp:term":[{"taxonomy":"category","embeddable":true,"href":"https:\/\/jososabadell.cat\/es\/wp-json\/wp\/v2\/categories?post=177"},{"taxonomy":"post_tag","embeddable":true,"href":"https:\/\/jososabadell.cat\/es\/wp-json\/wp\/v2\/tags?post=177"}],"curies":[{"name":"wp","href":"https:\/\/api.w.org\/{rel}","templated":true}]}}