{"id":18373,"date":"2026-03-06T11:46:53","date_gmt":"2026-03-06T09:46:53","guid":{"rendered":"https:\/\/jososabadell.cat\/?p=18373"},"modified":"2026-03-06T11:49:51","modified_gmt":"2026-03-06T09:49:51","slug":"concurs-de-comics-la-creu-alta-2026","status":"publish","type":"post","link":"https:\/\/jososabadell.cat\/es\/2026\/03\/06\/concurs-de-comics-la-creu-alta-2026\/","title":{"rendered":"Concurs de C\u00f2mics La Creu Alta 2026"},"content":{"rendered":"<p><strong>L\u2019Associaci\u00f3 Ve\u00efnal de La Creu Alta (<a href=\"https:\/\/lacreualta.cat\/\">AVLCA<\/a>) convoca els amants de les vinyetes a narrar hist\u00f2ries que transcorren total o parcialment al barri, amb total llibertat creativa per\u00f2 amb un punt de trobada: La Creu Alta. Les obres es podran presentar fins a les 24h del 20 d\u2019abril de 2026<\/strong>.<\/p>\n\n\n\n<p>El concurs est\u00e0 <strong>obert a totes les persones<\/strong> aficionades al dibuix i al c\u00f2mic, en categoria \u00fanica i amb possibilitat de presentar fins a dues obres per autor o autora. Les historietes han de transcorre totalment o parcialment a La Creu Alta, amb personatges i situacions originals i in\u00e8dites. <strong>La t\u00e8cnica \u00e9s lliure<\/strong> (color o blanc i negre) per\u00f2 l\u2019obra ha de consistir en <strong>4 p\u00e0gines acabades<\/strong>, de <strong>16,8cm x 25,9cm<\/strong>, i un <strong>resum escrit de tota la hist\u00f2ria<\/strong> (que constar\u00e0 de 12 p\u00e0gines).<\/p>\n\n\n\n<p>L\u2019obra guanyadora ser\u00e0 editada i publicada per la Biblioteca d\u2019Estudis Creualtencs (BEC) per Sant Jordi 2027 i hi ha una dotaci\u00f3 econ\u00f2mica de 500\u20ac patrocinada per Mas Av\u00edcola.<\/p>\n\n\n\n<figure class=\"wp-block-image size-large\"><img loading=\"lazy\" decoding=\"async\" width=\"723\" height=\"1024\" src=\"https:\/\/jososabadell.cat\/wp-content\/uploads\/2026\/03\/Concurs-de-Comics-La-Creu-Alta-2026-723x1024.jpg\" alt=\"\" class=\"wp-image-18374\" srcset=\"https:\/\/jososabadell.cat\/wp-content\/uploads\/2026\/03\/Concurs-de-Comics-La-Creu-Alta-2026-723x1024.jpg 723w, https:\/\/jososabadell.cat\/wp-content\/uploads\/2026\/03\/Concurs-de-Comics-La-Creu-Alta-2026-353x500.jpg 353w, https:\/\/jososabadell.cat\/wp-content\/uploads\/2026\/03\/Concurs-de-Comics-La-Creu-Alta-2026-768x1088.jpg 768w, https:\/\/jososabadell.cat\/wp-content\/uploads\/2026\/03\/Concurs-de-Comics-La-Creu-Alta-2026-8x12.jpg 8w, https:\/\/jososabadell.cat\/wp-content\/uploads\/2026\/03\/Concurs-de-Comics-La-Creu-Alta-2026-320x453.jpg 320w, https:\/\/jososabadell.cat\/wp-content\/uploads\/2026\/03\/Concurs-de-Comics-La-Creu-Alta-2026-480x680.jpg 480w, https:\/\/jososabadell.cat\/wp-content\/uploads\/2026\/03\/Concurs-de-Comics-La-Creu-Alta-2026.jpg 800w\" sizes=\"(max-width: 723px) 100vw, 723px\" \/><\/figure>\n\n\n\n<div style=\"height:20px\" aria-hidden=\"true\" class=\"wp-block-spacer\"><\/div>\n\n\n\n<p>Aquest concurs no \u00e9s nom\u00e9s una oportunitat per mostrar el vostre talent gr\u00e0fic, sin\u00f3 tamb\u00e9 per connectar amb un projecte cultural arrelat al barri de la Creu Alta i podreu comptar amb suport d\u2019historiadors locals disponibles per als participants que vulguin treballar un gui\u00f3 vinculat a la hist\u00f2ria del barri.&nbsp;<\/p>\n\n\n\n<p>\u00c9s una oportunitat ideal per aprendre, experimentar i fer visible la vostra veu art\u00edstica, participant a m\u00e9s en el teixit cultural local. <a href=\"https:\/\/lacreualta.cat\/concurs-de-comics-la-creu-alta-2026\">Al web de l&#8217;associaci\u00f3 teniu les bases i tota la info<\/a>. <\/p>","protected":false},"excerpt":{"rendered":"<p>L\u2019Associaci\u00f3 Ve\u00efnal de La Creu Alta (AVLCA) convoca els amants de les vinyetes a narrar hist\u00f2ries que transcorren total o parcialment al barri, amb total llibertat creativa per\u00f2 amb un punt de trobada: La Creu Alta. Les obres es podran presentar fins a les 24h del 20 d\u2019abril de 2026. El concurs est\u00e0 obert a [&hellip;]<\/p>\n","protected":false},"author":2,"featured_media":18376,"comment_status":"open","ping_status":"open","sticky":false,"template":"","format":"standard","meta":{"_monsterinsights_skip_tracking":false,"_monsterinsights_sitenote_active":false,"_monsterinsights_sitenote_note":"","_monsterinsights_sitenote_category":0,"footnotes":""},"categories":[1297],"tags":[1479,1408,1480],"class_list":["post-18373","post","type-post","status-publish","format-standard","has-post-thumbnail","hentry","category-activitats","tag-associacio-veinal-la-creu-alta","tag-concurs","tag-concurs-de-comics-la-creu-alta"],"yoast_head":"<!-- This site is optimized with the Yoast SEO plugin v25.6 - https:\/\/yoast.com\/wordpress\/plugins\/seo\/ -->\n<title>Concurs de C\u00f2mics La Creu Alta 2026 - Escola Joso Sabadell<\/title>\n<meta name=\"robots\" content=\"index, follow, max-snippet:-1, max-image-preview:large, max-video-preview:-1\" \/>\n<link rel=\"canonical\" href=\"https:\/\/jososabadell.cat\/es\/2026\/03\/06\/concurs-de-comics-la-creu-alta-2026\/\" \/>\n<meta property=\"og:locale\" content=\"es_ES\" \/>\n<meta property=\"og:type\" content=\"article\" \/>\n<meta property=\"og:title\" content=\"Concurs de C\u00f2mics La Creu Alta 2026 - Escola Joso Sabadell\" \/>\n<meta property=\"og:description\" content=\"L\u2019Associaci\u00f3 Ve\u00efnal de La Creu Alta (AVLCA) convoca els amants de les vinyetes a narrar hist\u00f2ries que transcorren total o parcialment al barri, amb total llibertat creativa per\u00f2 amb un punt de trobada: La Creu Alta. Les obres es podran presentar fins a les 24h del 20 d\u2019abril de 2026. El concurs est\u00e0 obert a [&hellip;]\" \/>\n<meta property=\"og:url\" content=\"https:\/\/jososabadell.cat\/es\/2026\/03\/06\/concurs-de-comics-la-creu-alta-2026\/\" \/>\n<meta property=\"og:site_name\" content=\"Escola Joso Sabadell\" \/>\n<meta property=\"article:publisher\" content=\"https:\/\/www.facebook.com\/escolajososabadell\/\" \/>\n<meta property=\"article:published_time\" content=\"2026-03-06T09:46:53+00:00\" \/>\n<meta property=\"article:modified_time\" content=\"2026-03-06T09:49:51+00:00\" \/>\n<meta property=\"og:image\" content=\"https:\/\/jososabadell.cat\/wp-content\/uploads\/2026\/03\/Concurs-de-Comics-La-Creu-Alta-2026-web.jpg\" \/>\n\t<meta property=\"og:image:width\" content=\"1636\" \/>\n\t<meta property=\"og:image:height\" content=\"740\" \/>\n\t<meta property=\"og:image:type\" content=\"image\/jpeg\" \/>\n<meta name=\"author\" content=\"Joso Sabadell\" \/>\n<meta name=\"twitter:card\" content=\"summary_large_image\" \/>\n<meta name=\"twitter:creator\" content=\"@EscolaJosoSbd\" \/>\n<meta name=\"twitter:site\" content=\"@EscolaJosoSbd\" \/>\n<meta name=\"twitter:label1\" content=\"Escrito por\" \/>\n\t<meta name=\"twitter:data1\" content=\"Joso Sabadell\" \/>\n\t<meta name=\"twitter:label2\" content=\"Tiempo de lectura\" \/>\n\t<meta name=\"twitter:data2\" content=\"2 minutos\" \/>\n<script type=\"application\/ld+json\" class=\"yoast-schema-graph\">{\"@context\":\"https:\/\/schema.org\",\"@graph\":[{\"@type\":\"WebPage\",\"@id\":\"https:\/\/jososabadell.cat\/2026\/03\/06\/concurs-de-comics-la-creu-alta-2026\/\",\"url\":\"https:\/\/jososabadell.cat\/2026\/03\/06\/concurs-de-comics-la-creu-alta-2026\/\",\"name\":\"Concurs de C\u00f2mics La Creu Alta 2026 - Escola Joso Sabadell\",\"isPartOf\":{\"@id\":\"https:\/\/jososabadell.cat\/#website\"},\"primaryImageOfPage\":{\"@id\":\"https:\/\/jososabadell.cat\/2026\/03\/06\/concurs-de-comics-la-creu-alta-2026\/#primaryimage\"},\"image\":{\"@id\":\"https:\/\/jososabadell.cat\/2026\/03\/06\/concurs-de-comics-la-creu-alta-2026\/#primaryimage\"},\"thumbnailUrl\":\"https:\/\/jososabadell.cat\/wp-content\/uploads\/2026\/03\/Concurs-de-Comics-La-Creu-Alta-2026-web.jpg\",\"datePublished\":\"2026-03-06T09:46:53+00:00\",\"dateModified\":\"2026-03-06T09:49:51+00:00\",\"author\":{\"@id\":\"https:\/\/jososabadell.cat\/#\/schema\/person\/233e57003be70aa898d35bfb3ee0fb72\"},\"breadcrumb\":{\"@id\":\"https:\/\/jososabadell.cat\/2026\/03\/06\/concurs-de-comics-la-creu-alta-2026\/#breadcrumb\"},\"inLanguage\":\"es\",\"potentialAction\":[{\"@type\":\"ReadAction\",\"target\":[\"https:\/\/jososabadell.cat\/2026\/03\/06\/concurs-de-comics-la-creu-alta-2026\/\"]}]},{\"@type\":\"ImageObject\",\"inLanguage\":\"es\",\"@id\":\"https:\/\/jososabadell.cat\/2026\/03\/06\/concurs-de-comics-la-creu-alta-2026\/#primaryimage\",\"url\":\"https:\/\/jososabadell.cat\/wp-content\/uploads\/2026\/03\/Concurs-de-Comics-La-Creu-Alta-2026-web.jpg\",\"contentUrl\":\"https:\/\/jososabadell.cat\/wp-content\/uploads\/2026\/03\/Concurs-de-Comics-La-Creu-Alta-2026-web.jpg\",\"width\":1636,\"height\":740},{\"@type\":\"BreadcrumbList\",\"@id\":\"https:\/\/jososabadell.cat\/2026\/03\/06\/concurs-de-comics-la-creu-alta-2026\/#breadcrumb\",\"itemListElement\":[{\"@type\":\"ListItem\",\"position\":1,\"name\":\"Inici\",\"item\":\"https:\/\/jososabadell.cat\/\"},{\"@type\":\"ListItem\",\"position\":2,\"name\":\"Concurs de C\u00f2mics La Creu Alta 2026\"}]},{\"@type\":\"WebSite\",\"@id\":\"https:\/\/jososabadell.cat\/#website\",\"url\":\"https:\/\/jososabadell.cat\/\",\"name\":\"Escola Joso Sabadell\",\"description\":\"\",\"potentialAction\":[{\"@type\":\"SearchAction\",\"target\":{\"@type\":\"EntryPoint\",\"urlTemplate\":\"https:\/\/jososabadell.cat\/?s={search_term_string}\"},\"query-input\":{\"@type\":\"PropertyValueSpecification\",\"valueRequired\":true,\"valueName\":\"search_term_string\"}}],\"inLanguage\":\"es\"},{\"@type\":\"Person\",\"@id\":\"https:\/\/jososabadell.cat\/#\/schema\/person\/233e57003be70aa898d35bfb3ee0fb72\",\"name\":\"Joso Sabadell\",\"image\":{\"@type\":\"ImageObject\",\"inLanguage\":\"es\",\"@id\":\"https:\/\/jososabadell.cat\/#\/schema\/person\/image\/\",\"url\":\"https:\/\/secure.gravatar.com\/avatar\/5aa9d058168d026c6f8d651849c8cf5d?s=96&d=mm&r=g\",\"contentUrl\":\"https:\/\/secure.gravatar.com\/avatar\/5aa9d058168d026c6f8d651849c8cf5d?s=96&d=mm&r=g\",\"caption\":\"Joso Sabadell\"},\"sameAs\":[\"http:\/\/jososabadell.cat\"]}]}<\/script>\n<!-- \/ Yoast SEO plugin. -->","yoast_head_json":{"title":"Concurs de C\u00f2mics La Creu Alta 2026 - Escola Joso Sabadell","robots":{"index":"index","follow":"follow","max-snippet":"max-snippet:-1","max-image-preview":"max-image-preview:large","max-video-preview":"max-video-preview:-1"},"canonical":"https:\/\/jososabadell.cat\/es\/2026\/03\/06\/concurs-de-comics-la-creu-alta-2026\/","og_locale":"es_ES","og_type":"article","og_title":"Concurs de C\u00f2mics La Creu Alta 2026 - Escola Joso Sabadell","og_description":"L\u2019Associaci\u00f3 Ve\u00efnal de La Creu Alta (AVLCA) convoca els amants de les vinyetes a narrar hist\u00f2ries que transcorren total o parcialment al barri, amb total llibertat creativa per\u00f2 amb un punt de trobada: La Creu Alta. Les obres es podran presentar fins a les 24h del 20 d\u2019abril de 2026. El concurs est\u00e0 obert a [&hellip;]","og_url":"https:\/\/jososabadell.cat\/es\/2026\/03\/06\/concurs-de-comics-la-creu-alta-2026\/","og_site_name":"Escola Joso Sabadell","article_publisher":"https:\/\/www.facebook.com\/escolajososabadell\/","article_published_time":"2026-03-06T09:46:53+00:00","article_modified_time":"2026-03-06T09:49:51+00:00","og_image":[{"width":1636,"height":740,"url":"https:\/\/jososabadell.cat\/wp-content\/uploads\/2026\/03\/Concurs-de-Comics-La-Creu-Alta-2026-web.jpg","type":"image\/jpeg"}],"author":"Joso Sabadell","twitter_card":"summary_large_image","twitter_creator":"@EscolaJosoSbd","twitter_site":"@EscolaJosoSbd","twitter_misc":{"Escrito por":"Joso Sabadell","Tiempo de lectura":"2 minutos"},"schema":{"@context":"https:\/\/schema.org","@graph":[{"@type":"WebPage","@id":"https:\/\/jososabadell.cat\/2026\/03\/06\/concurs-de-comics-la-creu-alta-2026\/","url":"https:\/\/jososabadell.cat\/2026\/03\/06\/concurs-de-comics-la-creu-alta-2026\/","name":"Concurs de C\u00f2mics La Creu Alta 2026 - Escola Joso Sabadell","isPartOf":{"@id":"https:\/\/jososabadell.cat\/#website"},"primaryImageOfPage":{"@id":"https:\/\/jososabadell.cat\/2026\/03\/06\/concurs-de-comics-la-creu-alta-2026\/#primaryimage"},"image":{"@id":"https:\/\/jososabadell.cat\/2026\/03\/06\/concurs-de-comics-la-creu-alta-2026\/#primaryimage"},"thumbnailUrl":"https:\/\/jososabadell.cat\/wp-content\/uploads\/2026\/03\/Concurs-de-Comics-La-Creu-Alta-2026-web.jpg","datePublished":"2026-03-06T09:46:53+00:00","dateModified":"2026-03-06T09:49:51+00:00","author":{"@id":"https:\/\/jososabadell.cat\/#\/schema\/person\/233e57003be70aa898d35bfb3ee0fb72"},"breadcrumb":{"@id":"https:\/\/jososabadell.cat\/2026\/03\/06\/concurs-de-comics-la-creu-alta-2026\/#breadcrumb"},"inLanguage":"es","potentialAction":[{"@type":"ReadAction","target":["https:\/\/jososabadell.cat\/2026\/03\/06\/concurs-de-comics-la-creu-alta-2026\/"]}]},{"@type":"ImageObject","inLanguage":"es","@id":"https:\/\/jososabadell.cat\/2026\/03\/06\/concurs-de-comics-la-creu-alta-2026\/#primaryimage","url":"https:\/\/jososabadell.cat\/wp-content\/uploads\/2026\/03\/Concurs-de-Comics-La-Creu-Alta-2026-web.jpg","contentUrl":"https:\/\/jososabadell.cat\/wp-content\/uploads\/2026\/03\/Concurs-de-Comics-La-Creu-Alta-2026-web.jpg","width":1636,"height":740},{"@type":"BreadcrumbList","@id":"https:\/\/jososabadell.cat\/2026\/03\/06\/concurs-de-comics-la-creu-alta-2026\/#breadcrumb","itemListElement":[{"@type":"ListItem","position":1,"name":"Inici","item":"https:\/\/jososabadell.cat\/"},{"@type":"ListItem","position":2,"name":"Concurs de C\u00f2mics La Creu Alta 2026"}]},{"@type":"WebSite","@id":"https:\/\/jososabadell.cat\/#website","url":"https:\/\/jososabadell.cat\/","name":"&nbsp;Escola Joso Sabadell","description":"","potentialAction":[{"@type":"SearchAction","target":{"@type":"EntryPoint","urlTemplate":"https:\/\/jososabadell.cat\/?s={search_term_string}"},"query-input":{"@type":"PropertyValueSpecification","valueRequired":true,"valueName":"search_term_string"}}],"inLanguage":"es"},{"@type":"Person","@id":"https:\/\/jososabadell.cat\/#\/schema\/person\/233e57003be70aa898d35bfb3ee0fb72","name":"Joso Sabadell","image":{"@type":"ImageObject","inLanguage":"es","@id":"https:\/\/jososabadell.cat\/#\/schema\/person\/image\/","url":"https:\/\/secure.gravatar.com\/avatar\/5aa9d058168d026c6f8d651849c8cf5d?s=96&d=mm&r=g","contentUrl":"https:\/\/secure.gravatar.com\/avatar\/5aa9d058168d026c6f8d651849c8cf5d?s=96&d=mm&r=g","caption":"Joso Sabadell"},"sameAs":["http:\/\/jososabadell.cat"]}]}},"_links":{"self":[{"href":"https:\/\/jososabadell.cat\/es\/wp-json\/wp\/v2\/posts\/18373"}],"collection":[{"href":"https:\/\/jososabadell.cat\/es\/wp-json\/wp\/v2\/posts"}],"about":[{"href":"https:\/\/jososabadell.cat\/es\/wp-json\/wp\/v2\/types\/post"}],"author":[{"embeddable":true,"href":"https:\/\/jososabadell.cat\/es\/wp-json\/wp\/v2\/users\/2"}],"replies":[{"embeddable":true,"href":"https:\/\/jososabadell.cat\/es\/wp-json\/wp\/v2\/comments?post=18373"}],"version-history":[{"count":2,"href":"https:\/\/jososabadell.cat\/es\/wp-json\/wp\/v2\/posts\/18373\/revisions"}],"predecessor-version":[{"id":18377,"href":"https:\/\/jososabadell.cat\/es\/wp-json\/wp\/v2\/posts\/18373\/revisions\/18377"}],"wp:featuredmedia":[{"embeddable":true,"href":"https:\/\/jososabadell.cat\/es\/wp-json\/wp\/v2\/media\/18376"}],"wp:attachment":[{"href":"https:\/\/jososabadell.cat\/es\/wp-json\/wp\/v2\/media?parent=18373"}],"wp:term":[{"taxonomy":"category","embeddable":true,"href":"https:\/\/jososabadell.cat\/es\/wp-json\/wp\/v2\/categories?post=18373"},{"taxonomy":"post_tag","embeddable":true,"href":"https:\/\/jososabadell.cat\/es\/wp-json\/wp\/v2\/tags?post=18373"}],"curies":[{"name":"wp","href":"https:\/\/api.w.org\/{rel}","templated":true}]}}