{"id":198,"date":"2015-01-07T13:31:00","date_gmt":"2015-01-07T11:31:00","guid":{"rendered":"http:\/\/jososabadell.cat\/2015\/01\/07\/jaime-calderon-a-lescola-joso-sabadell\/"},"modified":"2018-04-13T15:00:16","modified_gmt":"2018-04-13T13:00:16","slug":"jaime-calderon-a-lescola-joso-sabadell","status":"publish","type":"post","link":"https:\/\/jososabadell.cat\/es\/2015\/01\/07\/jaime-calderon-a-lescola-joso-sabadell\/","title":{"rendered":"JAIME CALDER\u00d3N A L&#8217;ESCOLA JOSO SABADELL."},"content":{"rendered":"<div style=\"clear: both; text-align: center;\"><a href=\"http:\/\/2.bp.blogspot.com\/-_oAvwNy1UmI\/VK0YEmGdfBI\/AAAAAAAAJkQ\/iuA-LPd4Ixo\/s1600\/DSC_0470.JPG\" style=\"margin-left: 1em; margin-right: 1em;\" data-rel=\"lightbox-image-0\" data-rl_title=\"\" data-rl_caption=\"\" title=\"\"><img loading=\"lazy\" decoding=\"async\" border=\"0\" src=\"http:\/\/2.bp.blogspot.com\/-_oAvwNy1UmI\/VK0YEmGdfBI\/AAAAAAAAJkQ\/iuA-LPd4Ixo\/s1600\/DSC_0470.JPG\" height=\"212\" width=\"320\" \/><\/a><\/div>\n<p><\/p>\n<div style=\"clear: both; text-align: center;\"><a href=\"http:\/\/2.bp.blogspot.com\/-Kx5lh3-GHq8\/VK0YHdbNdjI\/AAAAAAAAJkY\/At5nN5Idysw\/s1600\/DSC_0474.JPG\" style=\"margin-left: 1em; margin-right: 1em;\" data-rel=\"lightbox-image-1\" data-rl_title=\"\" data-rl_caption=\"\" title=\"\"><img loading=\"lazy\" decoding=\"async\" border=\"0\" src=\"http:\/\/2.bp.blogspot.com\/-Kx5lh3-GHq8\/VK0YHdbNdjI\/AAAAAAAAJkY\/At5nN5Idysw\/s1600\/DSC_0474.JPG\" height=\"212\" width=\"320\" \/><\/a><\/div>\n<p><\/p>\n<div style=\"clear: both; text-align: center;\"><a href=\"http:\/\/3.bp.blogspot.com\/-qE98Wr0EqZE\/VK0YH3QOu6I\/AAAAAAAAJkc\/b78lHNP9xek\/s1600\/DSC_0476.JPG\" style=\"margin-left: 1em; margin-right: 1em;\" data-rel=\"lightbox-image-2\" data-rl_title=\"\" data-rl_caption=\"\" title=\"\"><img loading=\"lazy\" decoding=\"async\" border=\"0\" src=\"http:\/\/3.bp.blogspot.com\/-qE98Wr0EqZE\/VK0YH3QOu6I\/AAAAAAAAJkc\/b78lHNP9xek\/s1600\/DSC_0476.JPG\" height=\"320\" width=\"212\" \/><\/a><\/div>\n<p><\/p>\n<div style=\"clear: both; text-align: center;\"><a href=\"http:\/\/2.bp.blogspot.com\/-ytARGimTxzw\/VK0YVT7mg1I\/AAAAAAAAJko\/BiaLYbdzam4\/s1600\/DSC_0477.JPG\" style=\"margin-left: 1em; margin-right: 1em;\" data-rel=\"lightbox-image-3\" data-rl_title=\"\" data-rl_caption=\"\" title=\"\"><img loading=\"lazy\" decoding=\"async\" border=\"0\" src=\"http:\/\/2.bp.blogspot.com\/-ytARGimTxzw\/VK0YVT7mg1I\/AAAAAAAAJko\/BiaLYbdzam4\/s1600\/DSC_0477.JPG\" height=\"212\" width=\"320\" \/><\/a><\/div>\n<p><\/p>\n<div style=\"clear: both; text-align: center;\"><a href=\"http:\/\/1.bp.blogspot.com\/-Gmt0Xtb60vs\/VK0Yjpq-oZI\/AAAAAAAAJk0\/TEruceKw0pc\/s1600\/DSC_0478.JPG\" style=\"margin-left: 1em; margin-right: 1em;\" data-rel=\"lightbox-image-4\" data-rl_title=\"\" data-rl_caption=\"\" title=\"\"><img loading=\"lazy\" decoding=\"async\" border=\"0\" src=\"http:\/\/1.bp.blogspot.com\/-Gmt0Xtb60vs\/VK0Yjpq-oZI\/AAAAAAAAJk0\/TEruceKw0pc\/s1600\/DSC_0478.JPG\" height=\"212\" width=\"320\" \/><\/a><\/div>\n<p><\/p>\n<div style=\"clear: both; text-align: center;\"><a href=\"http:\/\/3.bp.blogspot.com\/-ElSnfMRmqBk\/VK0Yjqn8IWI\/AAAAAAAAJkw\/SqaG1llLPYM\/s1600\/DSC_0481.JPG\" style=\"margin-left: 1em; margin-right: 1em;\" data-rel=\"lightbox-image-5\" data-rl_title=\"\" data-rl_caption=\"\" title=\"\"><img loading=\"lazy\" decoding=\"async\" border=\"0\" src=\"http:\/\/3.bp.blogspot.com\/-ElSnfMRmqBk\/VK0Yjqn8IWI\/AAAAAAAAJkw\/SqaG1llLPYM\/s1600\/DSC_0481.JPG\" height=\"212\" width=\"320\" \/><\/a><\/div>\n<p><\/p>\n<div style=\"clear: both; text-align: center;\"><a href=\"http:\/\/4.bp.blogspot.com\/-b5W-XOOxfuE\/VK0Yotf9w0I\/AAAAAAAAJlA\/MSSMY1urb-A\/s1600\/DSC_0483.JPG\" style=\"margin-left: 1em; margin-right: 1em;\" data-rel=\"lightbox-image-6\" data-rl_title=\"\" data-rl_caption=\"\" title=\"\"><img loading=\"lazy\" decoding=\"async\" border=\"0\" src=\"http:\/\/4.bp.blogspot.com\/-b5W-XOOxfuE\/VK0Yotf9w0I\/AAAAAAAAJlA\/MSSMY1urb-A\/s1600\/DSC_0483.JPG\" height=\"212\" width=\"320\" \/><\/a><\/div>\n<p><span style=\"background-color: white; color: #141823; font-family: Helvetica, Arial, 'lucida grande', tahoma, verdana, arial, sans-serif; font-size: 12px; line-height: 15.3599996566772px;\"><\/span><\/p>\n<div style=\"clear: both; text-align: center;\"><a href=\"http:\/\/4.bp.blogspot.com\/-zkuZWqKFxwE\/VK0XgDaUD9I\/AAAAAAAAJkE\/nRhzqrVnsF8\/s1600\/10409664_308801449319160_7658145834831275570_n.jpg\" style=\"margin-left: 1em; margin-right: 1em;\" data-rel=\"lightbox-image-7\" data-rl_title=\"\" data-rl_caption=\"\" title=\"\"><img loading=\"lazy\" decoding=\"async\" border=\"0\" src=\"http:\/\/4.bp.blogspot.com\/-zkuZWqKFxwE\/VK0XgDaUD9I\/AAAAAAAAJkE\/nRhzqrVnsF8\/s1600\/10409664_308801449319160_7658145834831275570_n.jpg\" height=\"320\" width=\"177\" \/><\/a><\/div>\n<p><\/p>\n<div style=\"clear: both; text-align: center;\"><a href=\"http:\/\/2.bp.blogspot.com\/-FPu-9NIzkxw\/VK0XfvBSidI\/AAAAAAAAJkA\/b9WtbrAdUng\/s1600\/10675635_10204405374128274_9061084538179236393_n.jpg\" style=\"margin-left: 1em; margin-right: 1em;\" data-rel=\"lightbox-image-8\" data-rl_title=\"\" data-rl_caption=\"\" title=\"\"><img loading=\"lazy\" decoding=\"async\" border=\"0\" src=\"http:\/\/2.bp.blogspot.com\/-FPu-9NIzkxw\/VK0XfvBSidI\/AAAAAAAAJkA\/b9WtbrAdUng\/s1600\/10675635_10204405374128274_9061084538179236393_n.jpg\" height=\"320\" width=\"320\" \/><\/a><\/div>\n<p><span style=\"background-color: white; color: #141823; font-family: Helvetica, Arial, 'lucida grande', tahoma, verdana, arial, sans-serif; font-size: 12px; line-height: 15.3599996566772px;\">Gr\u00e0cies a la intervenci\u00f3 d&#8217;en Rafel, de la botiga <b>Norma C\u00f2mics Sabadell<\/b>, ahir divendres 19 de desembre de 2014, en <b>Jaime Cal<\/b><\/span><span style=\"background-color: white; color: #141823; font-family: Helvetica, Arial, 'lucida grande', tahoma, verdana, arial, sans-serif; font-size: 12px; line-height: 15.3599996566772px;\"><b>der\u00f3n<\/b>, va venir al nostre centre a presentar el seu \u00faltim treball: <b>ISABEL, LA LOBA DE FRANCIA, VOLUM 2<\/b>.<\/span><br style=\"background-color: white; color: #141823; font-family: Helvetica, Arial, 'lucida grande', tahoma, verdana, arial, sans-serif; font-size: 12px; line-height: 15.3599996566772px;\" \/><span style=\"background-color: white; color: #141823; font-family: Helvetica, Arial, 'lucida grande', tahoma, verdana, arial, sans-serif; font-size: 12px; line-height: 15.3599996566772px;\">En acabar la&nbsp;<\/span><span style=\"background-color: white; color: #141823; display: inline; font-family: Helvetica, Arial, 'lucida grande', tahoma, verdana, arial, sans-serif; font-size: 12px; line-height: 15.3599996566772px;\">confer\u00e8ncia, tenia programada una sessi\u00f3 de signatures i dedicat\u00f2ries a la botiga d&#8217;en Rafel acompanyat per en Carles, editor de <b>YERMO EDICIONES<\/b> i responsable de la publicaci\u00f3 d&#8217;aquesta prestigiosa obra publicada per Delcourt originalment, que tamb\u00e9 va intervenir en la confer\u00e8ncia puntualment.<br \/>M\u00e9s que una presentaci\u00f3 a l&#8217;\u00fas, la xerrada, va transc\u00f3rrer fluida per les preguntes d&#8217;un auditori compost d&#8217;alumnes, ex alumnes, visitants espontanis i professors, que es va interessar per temes tant t\u00e8cnics, professionals o art\u00edstics, las quals en Jaime, es va prestar a contestar extensa i detalladament, mostrant un material gr\u00e0fic incre\u00efble i d&#8217;una qualitat envejable que portava per l&#8217;ocasi\u00f3.<br \/>Com a resum, es pot dir que va ser un veritable privilegi que un artista d&#8217;aquest nivell, es prest\u00e9s durant una bona estona a explicar-nos els processos, experi\u00e8ncies i m\u00e8todes del seu treball.<br \/>Cal agrair les fotografies de l&#8217;activitat al<b> Joan Carles Claveria<\/b> que va fer de fot\u00f2graf improvisat.<\/span><\/p>","protected":false},"excerpt":{"rendered":"<p>Gr\u00e0cies a la intervenci\u00f3 d&#8217;en Rafel, de la botiga Norma C\u00f2mics Sabadell, ahir divendres 19 de desembre de 2014, en Jaime Calder\u00f3n, va venir al nostre centre a presentar el seu \u00faltim treball: ISABEL, LA LOBA DE FRANCIA, VOLUM 2.En acabar la&nbsp;confer\u00e8ncia, tenia programada una sessi\u00f3 de signatures i dedicat\u00f2ries a la botiga d&#8217;en Rafel [&hellip;]<\/p>\n","protected":false},"author":2,"featured_media":0,"comment_status":"open","ping_status":"open","sticky":false,"template":"","format":"standard","meta":{"_monsterinsights_skip_tracking":false,"_monsterinsights_sitenote_active":false,"_monsterinsights_sitenote_note":"","_monsterinsights_sitenote_category":0,"footnotes":""},"categories":[1],"tags":[],"class_list":["post-198","post","type-post","status-publish","format-standard","hentry","category-general"],"yoast_head":"<!-- This site is optimized with the Yoast SEO plugin v25.6 - https:\/\/yoast.com\/wordpress\/plugins\/seo\/ -->\n<title>JAIME CALDER\u00d3N A L&#039;ESCOLA JOSO SABADELL. - Escola Joso Sabadell<\/title>\n<meta name=\"robots\" content=\"index, follow, max-snippet:-1, max-image-preview:large, max-video-preview:-1\" \/>\n<link rel=\"canonical\" href=\"http:\/\/jososabadell.cat\/es\/2015\/01\/07\/jaime-calderon-a-lescola-joso-sabadell\/\" \/>\n<meta property=\"og:locale\" content=\"es_ES\" \/>\n<meta property=\"og:type\" content=\"article\" \/>\n<meta property=\"og:title\" content=\"JAIME CALDER\u00d3N A L&#039;ESCOLA JOSO SABADELL. - Escola Joso Sabadell\" \/>\n<meta property=\"og:description\" content=\"Gr\u00e0cies a la intervenci\u00f3 d&#8217;en Rafel, de la botiga Norma C\u00f2mics Sabadell, ahir divendres 19 de desembre de 2014, en Jaime Calder\u00f3n, va venir al nostre centre a presentar el seu \u00faltim treball: ISABEL, LA LOBA DE FRANCIA, VOLUM 2.En acabar la&nbsp;confer\u00e8ncia, tenia programada una sessi\u00f3 de signatures i dedicat\u00f2ries a la botiga d&#8217;en Rafel [&hellip;]\" \/>\n<meta property=\"og:url\" content=\"http:\/\/jososabadell.cat\/es\/2015\/01\/07\/jaime-calderon-a-lescola-joso-sabadell\/\" \/>\n<meta property=\"og:site_name\" content=\"Escola Joso Sabadell\" \/>\n<meta property=\"article:publisher\" content=\"https:\/\/www.facebook.com\/escolajososabadell\/\" \/>\n<meta property=\"article:published_time\" content=\"2015-01-07T11:31:00+00:00\" \/>\n<meta property=\"article:modified_time\" content=\"2018-04-13T13:00:16+00:00\" \/>\n<meta property=\"og:image\" content=\"http:\/\/2.bp.blogspot.com\/-_oAvwNy1UmI\/VK0YEmGdfBI\/AAAAAAAAJkQ\/iuA-LPd4Ixo\/s1600\/DSC_0470.JPG\" \/>\n<meta name=\"author\" content=\"Joso Sabadell\" \/>\n<meta name=\"twitter:card\" content=\"summary_large_image\" \/>\n<meta name=\"twitter:creator\" content=\"@EscolaJosoSbd\" \/>\n<meta name=\"twitter:site\" content=\"@EscolaJosoSbd\" \/>\n<meta name=\"twitter:label1\" content=\"Escrito por\" \/>\n\t<meta name=\"twitter:data1\" content=\"Joso Sabadell\" \/>\n\t<meta name=\"twitter:label2\" content=\"Tiempo de lectura\" \/>\n\t<meta name=\"twitter:data2\" content=\"1 minuto\" \/>\n<script type=\"application\/ld+json\" class=\"yoast-schema-graph\">{\"@context\":\"https:\/\/schema.org\",\"@graph\":[{\"@type\":\"WebPage\",\"@id\":\"http:\/\/jososabadell.cat\/es\/2015\/01\/07\/jaime-calderon-a-lescola-joso-sabadell\/\",\"url\":\"http:\/\/jososabadell.cat\/es\/2015\/01\/07\/jaime-calderon-a-lescola-joso-sabadell\/\",\"name\":\"JAIME CALDER\u00d3N A L'ESCOLA JOSO SABADELL. - Escola Joso Sabadell\",\"isPartOf\":{\"@id\":\"https:\/\/jososabadell.cat\/#website\"},\"primaryImageOfPage\":{\"@id\":\"http:\/\/jososabadell.cat\/es\/2015\/01\/07\/jaime-calderon-a-lescola-joso-sabadell\/#primaryimage\"},\"image\":{\"@id\":\"http:\/\/jososabadell.cat\/es\/2015\/01\/07\/jaime-calderon-a-lescola-joso-sabadell\/#primaryimage\"},\"thumbnailUrl\":\"http:\/\/2.bp.blogspot.com\/-_oAvwNy1UmI\/VK0YEmGdfBI\/AAAAAAAAJkQ\/iuA-LPd4Ixo\/s1600\/DSC_0470.JPG\",\"datePublished\":\"2015-01-07T11:31:00+00:00\",\"dateModified\":\"2018-04-13T13:00:16+00:00\",\"author\":{\"@id\":\"https:\/\/jososabadell.cat\/#\/schema\/person\/233e57003be70aa898d35bfb3ee0fb72\"},\"breadcrumb\":{\"@id\":\"http:\/\/jososabadell.cat\/es\/2015\/01\/07\/jaime-calderon-a-lescola-joso-sabadell\/#breadcrumb\"},\"inLanguage\":\"es\",\"potentialAction\":[{\"@type\":\"ReadAction\",\"target\":[\"http:\/\/jososabadell.cat\/es\/2015\/01\/07\/jaime-calderon-a-lescola-joso-sabadell\/\"]}]},{\"@type\":\"ImageObject\",\"inLanguage\":\"es\",\"@id\":\"http:\/\/jososabadell.cat\/es\/2015\/01\/07\/jaime-calderon-a-lescola-joso-sabadell\/#primaryimage\",\"url\":\"http:\/\/2.bp.blogspot.com\/-_oAvwNy1UmI\/VK0YEmGdfBI\/AAAAAAAAJkQ\/iuA-LPd4Ixo\/s1600\/DSC_0470.JPG\",\"contentUrl\":\"http:\/\/2.bp.blogspot.com\/-_oAvwNy1UmI\/VK0YEmGdfBI\/AAAAAAAAJkQ\/iuA-LPd4Ixo\/s1600\/DSC_0470.JPG\"},{\"@type\":\"BreadcrumbList\",\"@id\":\"http:\/\/jososabadell.cat\/es\/2015\/01\/07\/jaime-calderon-a-lescola-joso-sabadell\/#breadcrumb\",\"itemListElement\":[{\"@type\":\"ListItem\",\"position\":1,\"name\":\"Inici\",\"item\":\"https:\/\/jososabadell.cat\/\"},{\"@type\":\"ListItem\",\"position\":2,\"name\":\"JAIME CALDER\u00d3N A L&#8217;ESCOLA JOSO SABADELL.\"}]},{\"@type\":\"WebSite\",\"@id\":\"https:\/\/jososabadell.cat\/#website\",\"url\":\"https:\/\/jososabadell.cat\/\",\"name\":\"Escola Joso Sabadell\",\"description\":\"\",\"potentialAction\":[{\"@type\":\"SearchAction\",\"target\":{\"@type\":\"EntryPoint\",\"urlTemplate\":\"https:\/\/jososabadell.cat\/?s={search_term_string}\"},\"query-input\":{\"@type\":\"PropertyValueSpecification\",\"valueRequired\":true,\"valueName\":\"search_term_string\"}}],\"inLanguage\":\"es\"},{\"@type\":\"Person\",\"@id\":\"https:\/\/jososabadell.cat\/#\/schema\/person\/233e57003be70aa898d35bfb3ee0fb72\",\"name\":\"Joso Sabadell\",\"image\":{\"@type\":\"ImageObject\",\"inLanguage\":\"es\",\"@id\":\"https:\/\/jososabadell.cat\/#\/schema\/person\/image\/\",\"url\":\"https:\/\/secure.gravatar.com\/avatar\/5aa9d058168d026c6f8d651849c8cf5d?s=96&d=mm&r=g\",\"contentUrl\":\"https:\/\/secure.gravatar.com\/avatar\/5aa9d058168d026c6f8d651849c8cf5d?s=96&d=mm&r=g\",\"caption\":\"Joso Sabadell\"},\"sameAs\":[\"http:\/\/jososabadell.cat\"]}]}<\/script>\n<!-- \/ Yoast SEO plugin. -->","yoast_head_json":{"title":"JAIME CALDER\u00d3N A L'ESCOLA JOSO SABADELL. - Escola Joso Sabadell","robots":{"index":"index","follow":"follow","max-snippet":"max-snippet:-1","max-image-preview":"max-image-preview:large","max-video-preview":"max-video-preview:-1"},"canonical":"http:\/\/jososabadell.cat\/es\/2015\/01\/07\/jaime-calderon-a-lescola-joso-sabadell\/","og_locale":"es_ES","og_type":"article","og_title":"JAIME CALDER\u00d3N A L'ESCOLA JOSO SABADELL. - Escola Joso Sabadell","og_description":"Gr\u00e0cies a la intervenci\u00f3 d&#8217;en Rafel, de la botiga Norma C\u00f2mics Sabadell, ahir divendres 19 de desembre de 2014, en Jaime Calder\u00f3n, va venir al nostre centre a presentar el seu \u00faltim treball: ISABEL, LA LOBA DE FRANCIA, VOLUM 2.En acabar la&nbsp;confer\u00e8ncia, tenia programada una sessi\u00f3 de signatures i dedicat\u00f2ries a la botiga d&#8217;en Rafel [&hellip;]","og_url":"http:\/\/jososabadell.cat\/es\/2015\/01\/07\/jaime-calderon-a-lescola-joso-sabadell\/","og_site_name":"Escola Joso Sabadell","article_publisher":"https:\/\/www.facebook.com\/escolajososabadell\/","article_published_time":"2015-01-07T11:31:00+00:00","article_modified_time":"2018-04-13T13:00:16+00:00","og_image":[{"url":"http:\/\/2.bp.blogspot.com\/-_oAvwNy1UmI\/VK0YEmGdfBI\/AAAAAAAAJkQ\/iuA-LPd4Ixo\/s1600\/DSC_0470.JPG","type":"","width":"","height":""}],"author":"Joso Sabadell","twitter_card":"summary_large_image","twitter_creator":"@EscolaJosoSbd","twitter_site":"@EscolaJosoSbd","twitter_misc":{"Escrito por":"Joso Sabadell","Tiempo de lectura":"1 minuto"},"schema":{"@context":"https:\/\/schema.org","@graph":[{"@type":"WebPage","@id":"http:\/\/jososabadell.cat\/es\/2015\/01\/07\/jaime-calderon-a-lescola-joso-sabadell\/","url":"http:\/\/jososabadell.cat\/es\/2015\/01\/07\/jaime-calderon-a-lescola-joso-sabadell\/","name":"JAIME CALDER\u00d3N A L'ESCOLA JOSO SABADELL. - Escola Joso Sabadell","isPartOf":{"@id":"https:\/\/jososabadell.cat\/#website"},"primaryImageOfPage":{"@id":"http:\/\/jososabadell.cat\/es\/2015\/01\/07\/jaime-calderon-a-lescola-joso-sabadell\/#primaryimage"},"image":{"@id":"http:\/\/jososabadell.cat\/es\/2015\/01\/07\/jaime-calderon-a-lescola-joso-sabadell\/#primaryimage"},"thumbnailUrl":"http:\/\/2.bp.blogspot.com\/-_oAvwNy1UmI\/VK0YEmGdfBI\/AAAAAAAAJkQ\/iuA-LPd4Ixo\/s1600\/DSC_0470.JPG","datePublished":"2015-01-07T11:31:00+00:00","dateModified":"2018-04-13T13:00:16+00:00","author":{"@id":"https:\/\/jososabadell.cat\/#\/schema\/person\/233e57003be70aa898d35bfb3ee0fb72"},"breadcrumb":{"@id":"http:\/\/jososabadell.cat\/es\/2015\/01\/07\/jaime-calderon-a-lescola-joso-sabadell\/#breadcrumb"},"inLanguage":"es","potentialAction":[{"@type":"ReadAction","target":["http:\/\/jososabadell.cat\/es\/2015\/01\/07\/jaime-calderon-a-lescola-joso-sabadell\/"]}]},{"@type":"ImageObject","inLanguage":"es","@id":"http:\/\/jososabadell.cat\/es\/2015\/01\/07\/jaime-calderon-a-lescola-joso-sabadell\/#primaryimage","url":"http:\/\/2.bp.blogspot.com\/-_oAvwNy1UmI\/VK0YEmGdfBI\/AAAAAAAAJkQ\/iuA-LPd4Ixo\/s1600\/DSC_0470.JPG","contentUrl":"http:\/\/2.bp.blogspot.com\/-_oAvwNy1UmI\/VK0YEmGdfBI\/AAAAAAAAJkQ\/iuA-LPd4Ixo\/s1600\/DSC_0470.JPG"},{"@type":"BreadcrumbList","@id":"http:\/\/jososabadell.cat\/es\/2015\/01\/07\/jaime-calderon-a-lescola-joso-sabadell\/#breadcrumb","itemListElement":[{"@type":"ListItem","position":1,"name":"Inici","item":"https:\/\/jososabadell.cat\/"},{"@type":"ListItem","position":2,"name":"JAIME CALDER\u00d3N A L&#8217;ESCOLA JOSO SABADELL."}]},{"@type":"WebSite","@id":"https:\/\/jososabadell.cat\/#website","url":"https:\/\/jososabadell.cat\/","name":"&nbsp;Escola Joso Sabadell","description":"","potentialAction":[{"@type":"SearchAction","target":{"@type":"EntryPoint","urlTemplate":"https:\/\/jososabadell.cat\/?s={search_term_string}"},"query-input":{"@type":"PropertyValueSpecification","valueRequired":true,"valueName":"search_term_string"}}],"inLanguage":"es"},{"@type":"Person","@id":"https:\/\/jososabadell.cat\/#\/schema\/person\/233e57003be70aa898d35bfb3ee0fb72","name":"Joso Sabadell","image":{"@type":"ImageObject","inLanguage":"es","@id":"https:\/\/jososabadell.cat\/#\/schema\/person\/image\/","url":"https:\/\/secure.gravatar.com\/avatar\/5aa9d058168d026c6f8d651849c8cf5d?s=96&d=mm&r=g","contentUrl":"https:\/\/secure.gravatar.com\/avatar\/5aa9d058168d026c6f8d651849c8cf5d?s=96&d=mm&r=g","caption":"Joso Sabadell"},"sameAs":["http:\/\/jososabadell.cat"]}]}},"_links":{"self":[{"href":"https:\/\/jososabadell.cat\/es\/wp-json\/wp\/v2\/posts\/198"}],"collection":[{"href":"https:\/\/jososabadell.cat\/es\/wp-json\/wp\/v2\/posts"}],"about":[{"href":"https:\/\/jososabadell.cat\/es\/wp-json\/wp\/v2\/types\/post"}],"author":[{"embeddable":true,"href":"https:\/\/jososabadell.cat\/es\/wp-json\/wp\/v2\/users\/2"}],"replies":[{"embeddable":true,"href":"https:\/\/jososabadell.cat\/es\/wp-json\/wp\/v2\/comments?post=198"}],"version-history":[{"count":1,"href":"https:\/\/jososabadell.cat\/es\/wp-json\/wp\/v2\/posts\/198\/revisions"}],"predecessor-version":[{"id":634,"href":"https:\/\/jososabadell.cat\/es\/wp-json\/wp\/v2\/posts\/198\/revisions\/634"}],"wp:attachment":[{"href":"https:\/\/jososabadell.cat\/es\/wp-json\/wp\/v2\/media?parent=198"}],"wp:term":[{"taxonomy":"category","embeddable":true,"href":"https:\/\/jososabadell.cat\/es\/wp-json\/wp\/v2\/categories?post=198"},{"taxonomy":"post_tag","embeddable":true,"href":"https:\/\/jososabadell.cat\/es\/wp-json\/wp\/v2\/tags?post=198"}],"curies":[{"name":"wp","href":"https:\/\/api.w.org\/{rel}","templated":true}]}}