{"id":236,"date":"2014-05-20T10:54:00","date_gmt":"2014-05-20T08:54:00","guid":{"rendered":"http:\/\/jososabadell.cat\/2014\/05\/20\/diada-del-comic-gratis-a-sabadell-2014-2\/"},"modified":"2018-04-13T15:01:17","modified_gmt":"2018-04-13T13:01:17","slug":"diada-del-comic-gratis-a-sabadell-2014-2","status":"publish","type":"post","link":"https:\/\/jososabadell.cat\/es\/2014\/05\/20\/diada-del-comic-gratis-a-sabadell-2014-2\/","title":{"rendered":"DIADA DEL C\u00d2MIC GRATIS A SABADELL 2014."},"content":{"rendered":"<div style=\"clear: both; text-align: center;\"><a href=\"http:\/\/4.bp.blogspot.com\/-UisgRWrM9dU\/U3sX4fEOxuI\/AAAAAAAAEGs\/gfubGtPXYwU\/s1600\/diada+c%C3%B2mic+gratis008.jpg\" style=\"margin-left: 1em; margin-right: 1em;\" data-rel=\"lightbox-image-0\" data-rl_title=\"\" data-rl_caption=\"\" title=\"\"><img loading=\"lazy\" decoding=\"async\" border=\"0\" src=\"http:\/\/4.bp.blogspot.com\/-UisgRWrM9dU\/U3sX4fEOxuI\/AAAAAAAAEGs\/gfubGtPXYwU\/s1600\/diada+c%C3%B2mic+gratis008.jpg\" height=\"320\" width=\"239\" \/><\/a><\/div>\n<p><span style=\"background-color: white; color: #333333; font-family: 'lucida grande', tahoma, verdana, arial, sans-serif; font-size: 14px; line-height: 20px;\">Aquesta \u00e9s la contraportada del <b>Diari de Sabadell<\/b> del passat dimarts 13 de maig on es va publicar un article sobre la <b>diada del c\u00f2mic gratis<\/b> en la que vam participar. Ens ha fet molta il\u00b7lusi\u00f3 apar\u00e8ixer en aquest mitj\u00e0 encara que tamb\u00e9 ens sap una mica greu alguna petita imprecisi\u00f3 en el contingut de la not\u00edcia.<\/span><br style=\"background-color: white; color: #333333; font-family: 'lucida grande', tahoma, verdana, arial, sans-serif; font-size: 14px; line-height: 20px;\" \/><span style=\"background-color: white; color: #333333; font-family: 'lucida grande', tahoma, verdana, arial, sans-serif; font-size: 14px; line-height: 20px;\">Per l&#8217;any vinent, segur que ho millorem tot !<\/span><\/p>","protected":false},"excerpt":{"rendered":"<p>Aquesta \u00e9s la contraportada del Diari de Sabadell del passat dimarts 13 de maig on es va publicar un article sobre la diada del c\u00f2mic gratis en la que vam participar. Ens ha fet molta il\u00b7lusi\u00f3 apar\u00e8ixer en aquest mitj\u00e0 encara que tamb\u00e9 ens sap una mica greu alguna petita imprecisi\u00f3 en el contingut de [&hellip;]<\/p>\n","protected":false},"author":2,"featured_media":0,"comment_status":"open","ping_status":"open","sticky":false,"template":"","format":"standard","meta":{"_monsterinsights_skip_tracking":false,"_monsterinsights_sitenote_active":false,"_monsterinsights_sitenote_note":"","_monsterinsights_sitenote_category":0,"footnotes":""},"categories":[1],"tags":[],"class_list":["post-236","post","type-post","status-publish","format-standard","hentry","category-general"],"yoast_head":"<!-- This site is optimized with the Yoast SEO plugin v25.6 - https:\/\/yoast.com\/wordpress\/plugins\/seo\/ -->\n<title>DIADA DEL C\u00d2MIC GRATIS A SABADELL 2014. - Escola Joso Sabadell<\/title>\n<meta name=\"robots\" content=\"index, follow, max-snippet:-1, max-image-preview:large, max-video-preview:-1\" \/>\n<link rel=\"canonical\" href=\"http:\/\/jososabadell.cat\/es\/2014\/05\/20\/diada-del-comic-gratis-a-sabadell-2014-2\/\" \/>\n<meta property=\"og:locale\" content=\"es_ES\" \/>\n<meta property=\"og:type\" content=\"article\" \/>\n<meta property=\"og:title\" content=\"DIADA DEL C\u00d2MIC GRATIS A SABADELL 2014. - Escola Joso Sabadell\" \/>\n<meta property=\"og:description\" content=\"Aquesta \u00e9s la contraportada del Diari de Sabadell del passat dimarts 13 de maig on es va publicar un article sobre la diada del c\u00f2mic gratis en la que vam participar. Ens ha fet molta il\u00b7lusi\u00f3 apar\u00e8ixer en aquest mitj\u00e0 encara que tamb\u00e9 ens sap una mica greu alguna petita imprecisi\u00f3 en el contingut de [&hellip;]\" \/>\n<meta property=\"og:url\" content=\"http:\/\/jososabadell.cat\/es\/2014\/05\/20\/diada-del-comic-gratis-a-sabadell-2014-2\/\" \/>\n<meta property=\"og:site_name\" content=\"Escola Joso Sabadell\" \/>\n<meta property=\"article:publisher\" content=\"https:\/\/www.facebook.com\/escolajososabadell\/\" \/>\n<meta property=\"article:published_time\" content=\"2014-05-20T08:54:00+00:00\" \/>\n<meta property=\"article:modified_time\" content=\"2018-04-13T13:01:17+00:00\" \/>\n<meta property=\"og:image\" content=\"http:\/\/4.bp.blogspot.com\/-UisgRWrM9dU\/U3sX4fEOxuI\/AAAAAAAAEGs\/gfubGtPXYwU\/s1600\/diada+c%C3%B2mic+gratis008.jpg\" \/>\n<meta name=\"author\" content=\"Joso Sabadell\" \/>\n<meta name=\"twitter:card\" content=\"summary_large_image\" \/>\n<meta name=\"twitter:creator\" content=\"@EscolaJosoSbd\" \/>\n<meta name=\"twitter:site\" content=\"@EscolaJosoSbd\" \/>\n<meta name=\"twitter:label1\" content=\"Escrito por\" \/>\n\t<meta name=\"twitter:data1\" content=\"Joso Sabadell\" \/>\n<script type=\"application\/ld+json\" class=\"yoast-schema-graph\">{\"@context\":\"https:\/\/schema.org\",\"@graph\":[{\"@type\":\"WebPage\",\"@id\":\"http:\/\/jososabadell.cat\/es\/2014\/05\/20\/diada-del-comic-gratis-a-sabadell-2014-2\/\",\"url\":\"http:\/\/jososabadell.cat\/es\/2014\/05\/20\/diada-del-comic-gratis-a-sabadell-2014-2\/\",\"name\":\"DIADA DEL C\u00d2MIC GRATIS A SABADELL 2014. - Escola Joso Sabadell\",\"isPartOf\":{\"@id\":\"https:\/\/jososabadell.cat\/#website\"},\"primaryImageOfPage\":{\"@id\":\"http:\/\/jososabadell.cat\/es\/2014\/05\/20\/diada-del-comic-gratis-a-sabadell-2014-2\/#primaryimage\"},\"image\":{\"@id\":\"http:\/\/jososabadell.cat\/es\/2014\/05\/20\/diada-del-comic-gratis-a-sabadell-2014-2\/#primaryimage\"},\"thumbnailUrl\":\"http:\/\/4.bp.blogspot.com\/-UisgRWrM9dU\/U3sX4fEOxuI\/AAAAAAAAEGs\/gfubGtPXYwU\/s1600\/diada+c%C3%B2mic+gratis008.jpg\",\"datePublished\":\"2014-05-20T08:54:00+00:00\",\"dateModified\":\"2018-04-13T13:01:17+00:00\",\"author\":{\"@id\":\"https:\/\/jososabadell.cat\/#\/schema\/person\/233e57003be70aa898d35bfb3ee0fb72\"},\"breadcrumb\":{\"@id\":\"http:\/\/jososabadell.cat\/es\/2014\/05\/20\/diada-del-comic-gratis-a-sabadell-2014-2\/#breadcrumb\"},\"inLanguage\":\"es\",\"potentialAction\":[{\"@type\":\"ReadAction\",\"target\":[\"http:\/\/jososabadell.cat\/es\/2014\/05\/20\/diada-del-comic-gratis-a-sabadell-2014-2\/\"]}]},{\"@type\":\"ImageObject\",\"inLanguage\":\"es\",\"@id\":\"http:\/\/jososabadell.cat\/es\/2014\/05\/20\/diada-del-comic-gratis-a-sabadell-2014-2\/#primaryimage\",\"url\":\"http:\/\/4.bp.blogspot.com\/-UisgRWrM9dU\/U3sX4fEOxuI\/AAAAAAAAEGs\/gfubGtPXYwU\/s1600\/diada+c%C3%B2mic+gratis008.jpg\",\"contentUrl\":\"http:\/\/4.bp.blogspot.com\/-UisgRWrM9dU\/U3sX4fEOxuI\/AAAAAAAAEGs\/gfubGtPXYwU\/s1600\/diada+c%C3%B2mic+gratis008.jpg\"},{\"@type\":\"BreadcrumbList\",\"@id\":\"http:\/\/jososabadell.cat\/es\/2014\/05\/20\/diada-del-comic-gratis-a-sabadell-2014-2\/#breadcrumb\",\"itemListElement\":[{\"@type\":\"ListItem\",\"position\":1,\"name\":\"Inici\",\"item\":\"https:\/\/jososabadell.cat\/\"},{\"@type\":\"ListItem\",\"position\":2,\"name\":\"DIADA DEL C\u00d2MIC GRATIS A SABADELL 2014.\"}]},{\"@type\":\"WebSite\",\"@id\":\"https:\/\/jososabadell.cat\/#website\",\"url\":\"https:\/\/jososabadell.cat\/\",\"name\":\"Escola Joso Sabadell\",\"description\":\"\",\"potentialAction\":[{\"@type\":\"SearchAction\",\"target\":{\"@type\":\"EntryPoint\",\"urlTemplate\":\"https:\/\/jososabadell.cat\/?s={search_term_string}\"},\"query-input\":{\"@type\":\"PropertyValueSpecification\",\"valueRequired\":true,\"valueName\":\"search_term_string\"}}],\"inLanguage\":\"es\"},{\"@type\":\"Person\",\"@id\":\"https:\/\/jososabadell.cat\/#\/schema\/person\/233e57003be70aa898d35bfb3ee0fb72\",\"name\":\"Joso Sabadell\",\"image\":{\"@type\":\"ImageObject\",\"inLanguage\":\"es\",\"@id\":\"https:\/\/jososabadell.cat\/#\/schema\/person\/image\/\",\"url\":\"https:\/\/secure.gravatar.com\/avatar\/5aa9d058168d026c6f8d651849c8cf5d?s=96&d=mm&r=g\",\"contentUrl\":\"https:\/\/secure.gravatar.com\/avatar\/5aa9d058168d026c6f8d651849c8cf5d?s=96&d=mm&r=g\",\"caption\":\"Joso Sabadell\"},\"sameAs\":[\"http:\/\/jososabadell.cat\"]}]}<\/script>\n<!-- \/ Yoast SEO plugin. -->","yoast_head_json":{"title":"DIADA DEL C\u00d2MIC GRATIS A SABADELL 2014. - Escola Joso Sabadell","robots":{"index":"index","follow":"follow","max-snippet":"max-snippet:-1","max-image-preview":"max-image-preview:large","max-video-preview":"max-video-preview:-1"},"canonical":"http:\/\/jososabadell.cat\/es\/2014\/05\/20\/diada-del-comic-gratis-a-sabadell-2014-2\/","og_locale":"es_ES","og_type":"article","og_title":"DIADA DEL C\u00d2MIC GRATIS A SABADELL 2014. - Escola Joso Sabadell","og_description":"Aquesta \u00e9s la contraportada del Diari de Sabadell del passat dimarts 13 de maig on es va publicar un article sobre la diada del c\u00f2mic gratis en la que vam participar. Ens ha fet molta il\u00b7lusi\u00f3 apar\u00e8ixer en aquest mitj\u00e0 encara que tamb\u00e9 ens sap una mica greu alguna petita imprecisi\u00f3 en el contingut de [&hellip;]","og_url":"http:\/\/jososabadell.cat\/es\/2014\/05\/20\/diada-del-comic-gratis-a-sabadell-2014-2\/","og_site_name":"Escola Joso Sabadell","article_publisher":"https:\/\/www.facebook.com\/escolajososabadell\/","article_published_time":"2014-05-20T08:54:00+00:00","article_modified_time":"2018-04-13T13:01:17+00:00","og_image":[{"url":"http:\/\/4.bp.blogspot.com\/-UisgRWrM9dU\/U3sX4fEOxuI\/AAAAAAAAEGs\/gfubGtPXYwU\/s1600\/diada+c%C3%B2mic+gratis008.jpg","type":"","width":"","height":""}],"author":"Joso Sabadell","twitter_card":"summary_large_image","twitter_creator":"@EscolaJosoSbd","twitter_site":"@EscolaJosoSbd","twitter_misc":{"Escrito por":"Joso Sabadell"},"schema":{"@context":"https:\/\/schema.org","@graph":[{"@type":"WebPage","@id":"http:\/\/jososabadell.cat\/es\/2014\/05\/20\/diada-del-comic-gratis-a-sabadell-2014-2\/","url":"http:\/\/jososabadell.cat\/es\/2014\/05\/20\/diada-del-comic-gratis-a-sabadell-2014-2\/","name":"DIADA DEL C\u00d2MIC GRATIS A SABADELL 2014. - Escola Joso Sabadell","isPartOf":{"@id":"https:\/\/jososabadell.cat\/#website"},"primaryImageOfPage":{"@id":"http:\/\/jososabadell.cat\/es\/2014\/05\/20\/diada-del-comic-gratis-a-sabadell-2014-2\/#primaryimage"},"image":{"@id":"http:\/\/jososabadell.cat\/es\/2014\/05\/20\/diada-del-comic-gratis-a-sabadell-2014-2\/#primaryimage"},"thumbnailUrl":"http:\/\/4.bp.blogspot.com\/-UisgRWrM9dU\/U3sX4fEOxuI\/AAAAAAAAEGs\/gfubGtPXYwU\/s1600\/diada+c%C3%B2mic+gratis008.jpg","datePublished":"2014-05-20T08:54:00+00:00","dateModified":"2018-04-13T13:01:17+00:00","author":{"@id":"https:\/\/jososabadell.cat\/#\/schema\/person\/233e57003be70aa898d35bfb3ee0fb72"},"breadcrumb":{"@id":"http:\/\/jososabadell.cat\/es\/2014\/05\/20\/diada-del-comic-gratis-a-sabadell-2014-2\/#breadcrumb"},"inLanguage":"es","potentialAction":[{"@type":"ReadAction","target":["http:\/\/jososabadell.cat\/es\/2014\/05\/20\/diada-del-comic-gratis-a-sabadell-2014-2\/"]}]},{"@type":"ImageObject","inLanguage":"es","@id":"http:\/\/jososabadell.cat\/es\/2014\/05\/20\/diada-del-comic-gratis-a-sabadell-2014-2\/#primaryimage","url":"http:\/\/4.bp.blogspot.com\/-UisgRWrM9dU\/U3sX4fEOxuI\/AAAAAAAAEGs\/gfubGtPXYwU\/s1600\/diada+c%C3%B2mic+gratis008.jpg","contentUrl":"http:\/\/4.bp.blogspot.com\/-UisgRWrM9dU\/U3sX4fEOxuI\/AAAAAAAAEGs\/gfubGtPXYwU\/s1600\/diada+c%C3%B2mic+gratis008.jpg"},{"@type":"BreadcrumbList","@id":"http:\/\/jososabadell.cat\/es\/2014\/05\/20\/diada-del-comic-gratis-a-sabadell-2014-2\/#breadcrumb","itemListElement":[{"@type":"ListItem","position":1,"name":"Inici","item":"https:\/\/jososabadell.cat\/"},{"@type":"ListItem","position":2,"name":"DIADA DEL C\u00d2MIC GRATIS A SABADELL 2014."}]},{"@type":"WebSite","@id":"https:\/\/jososabadell.cat\/#website","url":"https:\/\/jososabadell.cat\/","name":"&nbsp;Escola Joso Sabadell","description":"","potentialAction":[{"@type":"SearchAction","target":{"@type":"EntryPoint","urlTemplate":"https:\/\/jososabadell.cat\/?s={search_term_string}"},"query-input":{"@type":"PropertyValueSpecification","valueRequired":true,"valueName":"search_term_string"}}],"inLanguage":"es"},{"@type":"Person","@id":"https:\/\/jososabadell.cat\/#\/schema\/person\/233e57003be70aa898d35bfb3ee0fb72","name":"Joso Sabadell","image":{"@type":"ImageObject","inLanguage":"es","@id":"https:\/\/jososabadell.cat\/#\/schema\/person\/image\/","url":"https:\/\/secure.gravatar.com\/avatar\/5aa9d058168d026c6f8d651849c8cf5d?s=96&d=mm&r=g","contentUrl":"https:\/\/secure.gravatar.com\/avatar\/5aa9d058168d026c6f8d651849c8cf5d?s=96&d=mm&r=g","caption":"Joso Sabadell"},"sameAs":["http:\/\/jososabadell.cat"]}]}},"_links":{"self":[{"href":"https:\/\/jososabadell.cat\/es\/wp-json\/wp\/v2\/posts\/236"}],"collection":[{"href":"https:\/\/jososabadell.cat\/es\/wp-json\/wp\/v2\/posts"}],"about":[{"href":"https:\/\/jososabadell.cat\/es\/wp-json\/wp\/v2\/types\/post"}],"author":[{"embeddable":true,"href":"https:\/\/jososabadell.cat\/es\/wp-json\/wp\/v2\/users\/2"}],"replies":[{"embeddable":true,"href":"https:\/\/jososabadell.cat\/es\/wp-json\/wp\/v2\/comments?post=236"}],"version-history":[{"count":1,"href":"https:\/\/jososabadell.cat\/es\/wp-json\/wp\/v2\/posts\/236\/revisions"}],"predecessor-version":[{"id":672,"href":"https:\/\/jososabadell.cat\/es\/wp-json\/wp\/v2\/posts\/236\/revisions\/672"}],"wp:attachment":[{"href":"https:\/\/jososabadell.cat\/es\/wp-json\/wp\/v2\/media?parent=236"}],"wp:term":[{"taxonomy":"category","embeddable":true,"href":"https:\/\/jososabadell.cat\/es\/wp-json\/wp\/v2\/categories?post=236"},{"taxonomy":"post_tag","embeddable":true,"href":"https:\/\/jososabadell.cat\/es\/wp-json\/wp\/v2\/tags?post=236"}],"curies":[{"name":"wp","href":"https:\/\/api.w.org\/{rel}","templated":true}]}}