{"id":276,"date":"2013-05-14T17:58:00","date_gmt":"2013-05-14T15:58:00","guid":{"rendered":"http:\/\/jososabadell.cat\/2013\/05\/14\/l-escola-joso-sabadell-a-l-expotaku-sabadell-2013\/"},"modified":"2018-04-13T15:01:46","modified_gmt":"2018-04-13T13:01:46","slug":"l-escola-joso-sabadell-a-l-expotaku-sabadell-2013","status":"publish","type":"post","link":"https:\/\/jososabadell.cat\/es\/2013\/05\/14\/l-escola-joso-sabadell-a-l-expotaku-sabadell-2013\/","title":{"rendered":"L&#8217; ESCOLA JOSO SABADELL A L&#8217; EXPOTAKU SABADELL 2013."},"content":{"rendered":"<p>&nbsp;<span style=\"background-color: white; color: #333333; font-family: 'lucida grande', tahoma, verdana, arial, sans-serif; font-size: 13px; line-height: 18px;\">Aquesta \u00e9s la base de <b>concurs de dibuix<\/b> que s&#8217; havia de fer servir a l&#8217;<b> Espotaku de Sabadell<\/b> i que per raons t\u00e8cniques no es va poder fer. Una ll\u00e0stima. La idea va n\u00e9ixer de la col\u00b7laboraci\u00f3 dels alumnes del 2 on. curs d&#8217; art-gr\u00e0fic i el disseny i maquetaci\u00f3 \u00e9s de l&#8217; alumne d&#8217; aquest curs <b>Joan Carles Claveria<\/b>, que el va treballar en un moment de forma \u00f2ptima i professional.<\/span><br \/><span style=\"background-color: white; color: #333333; font-family: 'lucida grande', tahoma, verdana, arial, sans-serif; font-size: 13px; line-height: 18px;\"><\/p>\n<div><span style=\"background-color: white; color: #333333; font-family: 'lucida grande', tahoma, verdana, arial, sans-serif; font-size: 13px; line-height: 18px;\"><br \/><\/span><\/div>\n<div><span style=\"background-color: white; color: #333333; font-family: 'lucida grande', tahoma, verdana, arial, sans-serif; font-size: 13px; line-height: 18px;\"><br \/><\/span><\/div>\n<div style=\"clear: both; text-align: center;\"><a href=\"http:\/\/3.bp.blogspot.com\/-zNHPKftJ2ek\/UZJdiHx84TI\/AAAAAAAAA0o\/sPXyBxpv138\/s1600\/ConcursDibuix_P%C3%A1gina_1.jpg\" style=\"margin-left: 1em; margin-right: 1em;\" data-rel=\"lightbox-image-0\" data-rl_title=\"\" data-rl_caption=\"\" title=\"\"><img loading=\"lazy\" decoding=\"async\" border=\"0\" height=\"320\" src=\"http:\/\/3.bp.blogspot.com\/-zNHPKftJ2ek\/UZJdiHx84TI\/AAAAAAAAA0o\/sPXyBxpv138\/s320\/ConcursDibuix_P%C3%A1gina_1.jpg\" width=\"226\" \/><\/a><\/div>\n<div>La resta dels documents, correspon a l&#8217; activitat que durant el mat\u00ed del dissabte 11 de maig de 2013, vam fer a l&#8217; Expotaku de Sabadell: els assistents van poder veure una classe complerta del nostre <b>4 art. curs de c\u00f2mic-manga<\/b> i recon\u00e8ixer la bona feina manual o digital que els alumnes hi fan. A aquest mateix col\u00b7lectiu els hem d&#8217; agrair el desinteressat ajut per tal de poder l&#8217; activitat, amb el<span style=\"display: inline;\">&nbsp;transport i muntatge de tot el necessari. Per\u00f2 especialment s&#8217; ha de fer menci\u00f3 dels al <b>Mart\u00ed Furgber<\/b>, <b>Marc Escachx<\/b>, <b>Helena Mac\u00edas<\/b>, <b>Xavier L\u00f3pez<\/b> i la <b>Mireia Girbau<\/b>, que es van quedar molt m\u00e9s enll\u00e0 de l&#8217; horari pactat per seguir fent demostracions en viu de les seves feines, animar l&#8217; espai i ajudar a recollir i transportar tot el material de tornada al nostre centre.&nbsp;<\/span><\/div>\n<div><span style=\"display: inline;\">Moltes gr\u00e0cies nois !!!<\/span><\/div>\n<div><span style=\"text-align: center;\">Les fotografies estan fetes per la nostra alumna Mireia Girbau.<\/span><\/div>\n<p><\/span><\/p>\n<div style=\"clear: both; text-align: center;\"><a href=\"http:\/\/1.bp.blogspot.com\/-Hu9UITPcylE\/UZJdTKVBDOI\/AAAAAAAAA0Y\/ExjEYyY6rvU\/s1600\/DSC_0768.JPG\" style=\"margin-left: 1em; margin-right: 1em;\" data-rel=\"lightbox-image-1\" data-rl_title=\"\" data-rl_caption=\"\" title=\"\"><img loading=\"lazy\" decoding=\"async\" border=\"0\" height=\"212\" src=\"http:\/\/1.bp.blogspot.com\/-Hu9UITPcylE\/UZJdTKVBDOI\/AAAAAAAAA0Y\/ExjEYyY6rvU\/s320\/DSC_0768.JPG\" width=\"320\" \/><\/a><\/div>\n<p><\/p>\n<div style=\"clear: both; text-align: center;\"><a href=\"http:\/\/1.bp.blogspot.com\/-iGJQ7sUpiqg\/UZJdkZvPx3I\/AAAAAAAAA0w\/OhAbhFgGsv0\/s1600\/DSC_0724.JPG\" style=\"margin-left: 1em; margin-right: 1em;\" data-rel=\"lightbox-image-2\" data-rl_title=\"\" data-rl_caption=\"\" title=\"\"><img loading=\"lazy\" decoding=\"async\" border=\"0\" height=\"212\" src=\"http:\/\/1.bp.blogspot.com\/-iGJQ7sUpiqg\/UZJdkZvPx3I\/AAAAAAAAA0w\/OhAbhFgGsv0\/s320\/DSC_0724.JPG\" width=\"320\" \/><\/a><\/div>\n<p><\/p>\n<div style=\"clear: both; text-align: center;\"><a href=\"http:\/\/1.bp.blogspot.com\/-_12J9JrijK0\/UZJdf-wdyBI\/AAAAAAAAA0g\/hUkSNRaylwc\/s1600\/DSC_0727.JPG\" style=\"margin-left: 1em; margin-right: 1em;\" data-rel=\"lightbox-image-3\" data-rl_title=\"\" data-rl_caption=\"\" title=\"\"><img loading=\"lazy\" decoding=\"async\" border=\"0\" height=\"212\" src=\"http:\/\/1.bp.blogspot.com\/-_12J9JrijK0\/UZJdf-wdyBI\/AAAAAAAAA0g\/hUkSNRaylwc\/s320\/DSC_0727.JPG\" width=\"320\" \/><\/a><\/div>\n<p><\/p>\n<div style=\"clear: both; text-align: center;\"><a href=\"http:\/\/2.bp.blogspot.com\/-s_ynGDFHl-E\/UZJdovOtw6I\/AAAAAAAAA04\/2zGFEEf74yw\/s1600\/DSC_0733.JPG\" style=\"margin-left: 1em; margin-right: 1em;\" data-rel=\"lightbox-image-4\" data-rl_title=\"\" data-rl_caption=\"\" title=\"\"><img loading=\"lazy\" decoding=\"async\" border=\"0\" height=\"212\" src=\"http:\/\/2.bp.blogspot.com\/-s_ynGDFHl-E\/UZJdovOtw6I\/AAAAAAAAA04\/2zGFEEf74yw\/s320\/DSC_0733.JPG\" width=\"320\" \/><\/a><\/div>\n<p><\/p>\n<div style=\"clear: both; text-align: center;\"><a href=\"http:\/\/3.bp.blogspot.com\/-Uv-wsuQcLAY\/UZJdq9eQdhI\/AAAAAAAAA1A\/itYBAe_7Wv8\/s1600\/DSC_0737.JPG\" style=\"margin-left: 1em; margin-right: 1em;\" data-rel=\"lightbox-image-5\" data-rl_title=\"\" data-rl_caption=\"\" title=\"\"><img loading=\"lazy\" decoding=\"async\" border=\"0\" height=\"212\" src=\"http:\/\/3.bp.blogspot.com\/-Uv-wsuQcLAY\/UZJdq9eQdhI\/AAAAAAAAA1A\/itYBAe_7Wv8\/s320\/DSC_0737.JPG\" width=\"320\" \/><\/a><\/div>\n<p><\/p>","protected":false},"excerpt":{"rendered":"<p>&nbsp;Aquesta \u00e9s la base de concurs de dibuix que s&#8217; havia de fer servir a l&#8217; Espotaku de Sabadell i que per raons t\u00e8cniques no es va poder fer. Una ll\u00e0stima. La idea va n\u00e9ixer de la col\u00b7laboraci\u00f3 dels alumnes del 2 on. curs d&#8217; art-gr\u00e0fic i el disseny i maquetaci\u00f3 \u00e9s de l&#8217; alumne [&hellip;]<\/p>\n","protected":false},"author":2,"featured_media":0,"comment_status":"open","ping_status":"open","sticky":false,"template":"","format":"standard","meta":{"_monsterinsights_skip_tracking":false,"_monsterinsights_sitenote_active":false,"_monsterinsights_sitenote_note":"","_monsterinsights_sitenote_category":0,"footnotes":""},"categories":[1],"tags":[],"class_list":["post-276","post","type-post","status-publish","format-standard","hentry","category-general"],"yoast_head":"<!-- This site is optimized with the Yoast SEO plugin v25.6 - https:\/\/yoast.com\/wordpress\/plugins\/seo\/ -->\n<title>L&#039; ESCOLA JOSO SABADELL A L&#039; EXPOTAKU SABADELL 2013. - Escola Joso Sabadell<\/title>\n<meta name=\"robots\" content=\"index, follow, max-snippet:-1, max-image-preview:large, max-video-preview:-1\" \/>\n<link rel=\"canonical\" href=\"http:\/\/jososabadell.cat\/es\/2013\/05\/14\/l-escola-joso-sabadell-a-l-expotaku-sabadell-2013\/\" \/>\n<meta property=\"og:locale\" content=\"es_ES\" \/>\n<meta property=\"og:type\" content=\"article\" \/>\n<meta property=\"og:title\" content=\"L&#039; ESCOLA JOSO SABADELL A L&#039; EXPOTAKU SABADELL 2013. - Escola Joso Sabadell\" \/>\n<meta property=\"og:description\" content=\"&nbsp;Aquesta \u00e9s la base de concurs de dibuix que s&#8217; havia de fer servir a l&#8217; Espotaku de Sabadell i que per raons t\u00e8cniques no es va poder fer. Una ll\u00e0stima. La idea va n\u00e9ixer de la col\u00b7laboraci\u00f3 dels alumnes del 2 on. curs d&#8217; art-gr\u00e0fic i el disseny i maquetaci\u00f3 \u00e9s de l&#8217; alumne [&hellip;]\" \/>\n<meta property=\"og:url\" content=\"http:\/\/jososabadell.cat\/es\/2013\/05\/14\/l-escola-joso-sabadell-a-l-expotaku-sabadell-2013\/\" \/>\n<meta property=\"og:site_name\" content=\"Escola Joso Sabadell\" \/>\n<meta property=\"article:publisher\" content=\"https:\/\/www.facebook.com\/escolajososabadell\/\" \/>\n<meta property=\"article:published_time\" content=\"2013-05-14T15:58:00+00:00\" \/>\n<meta property=\"article:modified_time\" content=\"2018-04-13T13:01:46+00:00\" \/>\n<meta property=\"og:image\" content=\"http:\/\/3.bp.blogspot.com\/-zNHPKftJ2ek\/UZJdiHx84TI\/AAAAAAAAA0o\/sPXyBxpv138\/s320\/ConcursDibuix_P%C3%A1gina_1.jpg\" \/>\n<meta name=\"author\" content=\"Joso Sabadell\" \/>\n<meta name=\"twitter:card\" content=\"summary_large_image\" \/>\n<meta name=\"twitter:creator\" content=\"@EscolaJosoSbd\" \/>\n<meta name=\"twitter:site\" content=\"@EscolaJosoSbd\" \/>\n<meta name=\"twitter:label1\" content=\"Escrito por\" \/>\n\t<meta name=\"twitter:data1\" content=\"Joso Sabadell\" \/>\n\t<meta name=\"twitter:label2\" content=\"Tiempo de lectura\" \/>\n\t<meta name=\"twitter:data2\" content=\"1 minuto\" \/>\n<script type=\"application\/ld+json\" class=\"yoast-schema-graph\">{\"@context\":\"https:\/\/schema.org\",\"@graph\":[{\"@type\":\"WebPage\",\"@id\":\"http:\/\/jososabadell.cat\/es\/2013\/05\/14\/l-escola-joso-sabadell-a-l-expotaku-sabadell-2013\/\",\"url\":\"http:\/\/jososabadell.cat\/es\/2013\/05\/14\/l-escola-joso-sabadell-a-l-expotaku-sabadell-2013\/\",\"name\":\"L' ESCOLA JOSO SABADELL A L' EXPOTAKU SABADELL 2013. - Escola Joso Sabadell\",\"isPartOf\":{\"@id\":\"https:\/\/jososabadell.cat\/#website\"},\"primaryImageOfPage\":{\"@id\":\"http:\/\/jososabadell.cat\/es\/2013\/05\/14\/l-escola-joso-sabadell-a-l-expotaku-sabadell-2013\/#primaryimage\"},\"image\":{\"@id\":\"http:\/\/jososabadell.cat\/es\/2013\/05\/14\/l-escola-joso-sabadell-a-l-expotaku-sabadell-2013\/#primaryimage\"},\"thumbnailUrl\":\"http:\/\/3.bp.blogspot.com\/-zNHPKftJ2ek\/UZJdiHx84TI\/AAAAAAAAA0o\/sPXyBxpv138\/s320\/ConcursDibuix_P%C3%A1gina_1.jpg\",\"datePublished\":\"2013-05-14T15:58:00+00:00\",\"dateModified\":\"2018-04-13T13:01:46+00:00\",\"author\":{\"@id\":\"https:\/\/jososabadell.cat\/#\/schema\/person\/233e57003be70aa898d35bfb3ee0fb72\"},\"breadcrumb\":{\"@id\":\"http:\/\/jososabadell.cat\/es\/2013\/05\/14\/l-escola-joso-sabadell-a-l-expotaku-sabadell-2013\/#breadcrumb\"},\"inLanguage\":\"es\",\"potentialAction\":[{\"@type\":\"ReadAction\",\"target\":[\"http:\/\/jososabadell.cat\/es\/2013\/05\/14\/l-escola-joso-sabadell-a-l-expotaku-sabadell-2013\/\"]}]},{\"@type\":\"ImageObject\",\"inLanguage\":\"es\",\"@id\":\"http:\/\/jososabadell.cat\/es\/2013\/05\/14\/l-escola-joso-sabadell-a-l-expotaku-sabadell-2013\/#primaryimage\",\"url\":\"http:\/\/3.bp.blogspot.com\/-zNHPKftJ2ek\/UZJdiHx84TI\/AAAAAAAAA0o\/sPXyBxpv138\/s320\/ConcursDibuix_P%C3%A1gina_1.jpg\",\"contentUrl\":\"http:\/\/3.bp.blogspot.com\/-zNHPKftJ2ek\/UZJdiHx84TI\/AAAAAAAAA0o\/sPXyBxpv138\/s320\/ConcursDibuix_P%C3%A1gina_1.jpg\"},{\"@type\":\"BreadcrumbList\",\"@id\":\"http:\/\/jososabadell.cat\/es\/2013\/05\/14\/l-escola-joso-sabadell-a-l-expotaku-sabadell-2013\/#breadcrumb\",\"itemListElement\":[{\"@type\":\"ListItem\",\"position\":1,\"name\":\"Inici\",\"item\":\"https:\/\/jososabadell.cat\/\"},{\"@type\":\"ListItem\",\"position\":2,\"name\":\"L&#8217; ESCOLA JOSO SABADELL A L&#8217; EXPOTAKU SABADELL 2013.\"}]},{\"@type\":\"WebSite\",\"@id\":\"https:\/\/jososabadell.cat\/#website\",\"url\":\"https:\/\/jososabadell.cat\/\",\"name\":\"Escola Joso Sabadell\",\"description\":\"\",\"potentialAction\":[{\"@type\":\"SearchAction\",\"target\":{\"@type\":\"EntryPoint\",\"urlTemplate\":\"https:\/\/jososabadell.cat\/?s={search_term_string}\"},\"query-input\":{\"@type\":\"PropertyValueSpecification\",\"valueRequired\":true,\"valueName\":\"search_term_string\"}}],\"inLanguage\":\"es\"},{\"@type\":\"Person\",\"@id\":\"https:\/\/jososabadell.cat\/#\/schema\/person\/233e57003be70aa898d35bfb3ee0fb72\",\"name\":\"Joso Sabadell\",\"image\":{\"@type\":\"ImageObject\",\"inLanguage\":\"es\",\"@id\":\"https:\/\/jososabadell.cat\/#\/schema\/person\/image\/\",\"url\":\"https:\/\/secure.gravatar.com\/avatar\/5aa9d058168d026c6f8d651849c8cf5d?s=96&d=mm&r=g\",\"contentUrl\":\"https:\/\/secure.gravatar.com\/avatar\/5aa9d058168d026c6f8d651849c8cf5d?s=96&d=mm&r=g\",\"caption\":\"Joso Sabadell\"},\"sameAs\":[\"http:\/\/jososabadell.cat\"]}]}<\/script>\n<!-- \/ Yoast SEO plugin. -->","yoast_head_json":{"title":"L' ESCOLA JOSO SABADELL A L' EXPOTAKU SABADELL 2013. - Escola Joso Sabadell","robots":{"index":"index","follow":"follow","max-snippet":"max-snippet:-1","max-image-preview":"max-image-preview:large","max-video-preview":"max-video-preview:-1"},"canonical":"http:\/\/jososabadell.cat\/es\/2013\/05\/14\/l-escola-joso-sabadell-a-l-expotaku-sabadell-2013\/","og_locale":"es_ES","og_type":"article","og_title":"L' ESCOLA JOSO SABADELL A L' EXPOTAKU SABADELL 2013. - Escola Joso Sabadell","og_description":"&nbsp;Aquesta \u00e9s la base de concurs de dibuix que s&#8217; havia de fer servir a l&#8217; Espotaku de Sabadell i que per raons t\u00e8cniques no es va poder fer. Una ll\u00e0stima. La idea va n\u00e9ixer de la col\u00b7laboraci\u00f3 dels alumnes del 2 on. curs d&#8217; art-gr\u00e0fic i el disseny i maquetaci\u00f3 \u00e9s de l&#8217; alumne [&hellip;]","og_url":"http:\/\/jososabadell.cat\/es\/2013\/05\/14\/l-escola-joso-sabadell-a-l-expotaku-sabadell-2013\/","og_site_name":"Escola Joso Sabadell","article_publisher":"https:\/\/www.facebook.com\/escolajososabadell\/","article_published_time":"2013-05-14T15:58:00+00:00","article_modified_time":"2018-04-13T13:01:46+00:00","og_image":[{"url":"http:\/\/3.bp.blogspot.com\/-zNHPKftJ2ek\/UZJdiHx84TI\/AAAAAAAAA0o\/sPXyBxpv138\/s320\/ConcursDibuix_P%C3%A1gina_1.jpg","type":"","width":"","height":""}],"author":"Joso Sabadell","twitter_card":"summary_large_image","twitter_creator":"@EscolaJosoSbd","twitter_site":"@EscolaJosoSbd","twitter_misc":{"Escrito por":"Joso Sabadell","Tiempo de lectura":"1 minuto"},"schema":{"@context":"https:\/\/schema.org","@graph":[{"@type":"WebPage","@id":"http:\/\/jososabadell.cat\/es\/2013\/05\/14\/l-escola-joso-sabadell-a-l-expotaku-sabadell-2013\/","url":"http:\/\/jososabadell.cat\/es\/2013\/05\/14\/l-escola-joso-sabadell-a-l-expotaku-sabadell-2013\/","name":"L' ESCOLA JOSO SABADELL A L' EXPOTAKU SABADELL 2013. - Escola Joso Sabadell","isPartOf":{"@id":"https:\/\/jososabadell.cat\/#website"},"primaryImageOfPage":{"@id":"http:\/\/jososabadell.cat\/es\/2013\/05\/14\/l-escola-joso-sabadell-a-l-expotaku-sabadell-2013\/#primaryimage"},"image":{"@id":"http:\/\/jososabadell.cat\/es\/2013\/05\/14\/l-escola-joso-sabadell-a-l-expotaku-sabadell-2013\/#primaryimage"},"thumbnailUrl":"http:\/\/3.bp.blogspot.com\/-zNHPKftJ2ek\/UZJdiHx84TI\/AAAAAAAAA0o\/sPXyBxpv138\/s320\/ConcursDibuix_P%C3%A1gina_1.jpg","datePublished":"2013-05-14T15:58:00+00:00","dateModified":"2018-04-13T13:01:46+00:00","author":{"@id":"https:\/\/jososabadell.cat\/#\/schema\/person\/233e57003be70aa898d35bfb3ee0fb72"},"breadcrumb":{"@id":"http:\/\/jososabadell.cat\/es\/2013\/05\/14\/l-escola-joso-sabadell-a-l-expotaku-sabadell-2013\/#breadcrumb"},"inLanguage":"es","potentialAction":[{"@type":"ReadAction","target":["http:\/\/jososabadell.cat\/es\/2013\/05\/14\/l-escola-joso-sabadell-a-l-expotaku-sabadell-2013\/"]}]},{"@type":"ImageObject","inLanguage":"es","@id":"http:\/\/jososabadell.cat\/es\/2013\/05\/14\/l-escola-joso-sabadell-a-l-expotaku-sabadell-2013\/#primaryimage","url":"http:\/\/3.bp.blogspot.com\/-zNHPKftJ2ek\/UZJdiHx84TI\/AAAAAAAAA0o\/sPXyBxpv138\/s320\/ConcursDibuix_P%C3%A1gina_1.jpg","contentUrl":"http:\/\/3.bp.blogspot.com\/-zNHPKftJ2ek\/UZJdiHx84TI\/AAAAAAAAA0o\/sPXyBxpv138\/s320\/ConcursDibuix_P%C3%A1gina_1.jpg"},{"@type":"BreadcrumbList","@id":"http:\/\/jososabadell.cat\/es\/2013\/05\/14\/l-escola-joso-sabadell-a-l-expotaku-sabadell-2013\/#breadcrumb","itemListElement":[{"@type":"ListItem","position":1,"name":"Inici","item":"https:\/\/jososabadell.cat\/"},{"@type":"ListItem","position":2,"name":"L&#8217; ESCOLA JOSO SABADELL A L&#8217; EXPOTAKU SABADELL 2013."}]},{"@type":"WebSite","@id":"https:\/\/jososabadell.cat\/#website","url":"https:\/\/jososabadell.cat\/","name":"&nbsp;Escola Joso Sabadell","description":"","potentialAction":[{"@type":"SearchAction","target":{"@type":"EntryPoint","urlTemplate":"https:\/\/jososabadell.cat\/?s={search_term_string}"},"query-input":{"@type":"PropertyValueSpecification","valueRequired":true,"valueName":"search_term_string"}}],"inLanguage":"es"},{"@type":"Person","@id":"https:\/\/jososabadell.cat\/#\/schema\/person\/233e57003be70aa898d35bfb3ee0fb72","name":"Joso Sabadell","image":{"@type":"ImageObject","inLanguage":"es","@id":"https:\/\/jososabadell.cat\/#\/schema\/person\/image\/","url":"https:\/\/secure.gravatar.com\/avatar\/5aa9d058168d026c6f8d651849c8cf5d?s=96&d=mm&r=g","contentUrl":"https:\/\/secure.gravatar.com\/avatar\/5aa9d058168d026c6f8d651849c8cf5d?s=96&d=mm&r=g","caption":"Joso Sabadell"},"sameAs":["http:\/\/jososabadell.cat"]}]}},"_links":{"self":[{"href":"https:\/\/jososabadell.cat\/es\/wp-json\/wp\/v2\/posts\/276"}],"collection":[{"href":"https:\/\/jososabadell.cat\/es\/wp-json\/wp\/v2\/posts"}],"about":[{"href":"https:\/\/jososabadell.cat\/es\/wp-json\/wp\/v2\/types\/post"}],"author":[{"embeddable":true,"href":"https:\/\/jososabadell.cat\/es\/wp-json\/wp\/v2\/users\/2"}],"replies":[{"embeddable":true,"href":"https:\/\/jososabadell.cat\/es\/wp-json\/wp\/v2\/comments?post=276"}],"version-history":[{"count":1,"href":"https:\/\/jososabadell.cat\/es\/wp-json\/wp\/v2\/posts\/276\/revisions"}],"predecessor-version":[{"id":712,"href":"https:\/\/jososabadell.cat\/es\/wp-json\/wp\/v2\/posts\/276\/revisions\/712"}],"wp:attachment":[{"href":"https:\/\/jososabadell.cat\/es\/wp-json\/wp\/v2\/media?parent=276"}],"wp:term":[{"taxonomy":"category","embeddable":true,"href":"https:\/\/jososabadell.cat\/es\/wp-json\/wp\/v2\/categories?post=276"},{"taxonomy":"post_tag","embeddable":true,"href":"https:\/\/jososabadell.cat\/es\/wp-json\/wp\/v2\/tags?post=276"}],"curies":[{"name":"wp","href":"https:\/\/api.w.org\/{rel}","templated":true}]}}