{"id":325,"date":"2011-11-18T18:11:00","date_gmt":"2011-11-18T16:11:00","guid":{"rendered":"http:\/\/jososabadell.cat\/2011\/11\/18\/viatge-de-l-escola-joso-al-salo-del-comic-de-franca-2012\/"},"modified":"2018-04-13T15:02:07","modified_gmt":"2018-04-13T13:02:07","slug":"viatge-de-l-escola-joso-al-salo-del-comic-de-franca-2012","status":"publish","type":"post","link":"https:\/\/jososabadell.cat\/es\/2011\/11\/18\/viatge-de-l-escola-joso-al-salo-del-comic-de-franca-2012\/","title":{"rendered":"VIATGE DE L&#8217; ESCOLA JOSO AL SAL\u00d2 DEL C\u00d2MIC DE FRAN\u00c7A 2012."},"content":{"rendered":"<p><a href=\"http:\/\/3.bp.blogspot.com\/-u26zgq_yD6A\/TsaEl9nHLsI\/AAAAAAAAAaQ\/hPAIido7QC0\/s1600\/maleta.jpg\" data-rel=\"lightbox-image-0\" data-rl_title=\"\" data-rl_caption=\"\" title=\"\"><img decoding=\"async\" style=\"display:block; margin:0px auto 10px; text-align:center;cursor:pointer; cursor:hand;width: 242px; height: 208px;\" src=\"http:\/\/3.bp.blogspot.com\/-u26zgq_yD6A\/TsaEl9nHLsI\/AAAAAAAAAaQ\/hPAIido7QC0\/s400\/maleta.jpg\" border=\"0\" alt=\"\" id=\"BLOGGER_PHOTO_ID_5676370168075726530\" \/><\/a><br \/>Teniu la informaci\u00f3 sobre aquest viatge escolar, que des de fa temps, l&#8217; <b>Escola Joso<\/b> organitza al <b>Sal\u00f2<\/b> <b>del C\u00f2mic de Fran\u00e7a <\/b>a<b> Angoul\u00eame<\/b>. Queden poques places, per tant, qui vulgui venir que espabili !!!<\/p>","protected":false},"excerpt":{"rendered":"<p>Teniu la informaci\u00f3 sobre aquest viatge escolar, que des de fa temps, l&#8217; Escola Joso organitza al Sal\u00f2 del C\u00f2mic de Fran\u00e7a a Angoul\u00eame. Queden poques places, per tant, qui vulgui venir que espabili !!!<\/p>","protected":false},"author":2,"featured_media":0,"comment_status":"open","ping_status":"open","sticky":false,"template":"","format":"standard","meta":{"_monsterinsights_skip_tracking":false,"_monsterinsights_sitenote_active":false,"_monsterinsights_sitenote_note":"","_monsterinsights_sitenote_category":0,"footnotes":""},"categories":[1],"tags":[],"class_list":["post-325","post","type-post","status-publish","format-standard","hentry","category-general"],"yoast_head":"<!-- This site is optimized with the Yoast SEO plugin v25.6 - https:\/\/yoast.com\/wordpress\/plugins\/seo\/ -->\n<title>VIATGE DE L&#039; ESCOLA JOSO AL SAL\u00d2 DEL C\u00d2MIC DE FRAN\u00c7A 2012. - Escola Joso Sabadell<\/title>\n<meta name=\"robots\" content=\"index, follow, max-snippet:-1, max-image-preview:large, max-video-preview:-1\" \/>\n<link rel=\"canonical\" href=\"https:\/\/jososabadell.cat\/es\/2011\/11\/18\/viatge-de-l-escola-joso-al-salo-del-comic-de-franca-2012\/\" \/>\n<meta property=\"og:locale\" content=\"es_ES\" \/>\n<meta property=\"og:type\" content=\"article\" \/>\n<meta property=\"og:title\" content=\"VIATGE DE L&#039; ESCOLA JOSO AL SAL\u00d2 DEL C\u00d2MIC DE FRAN\u00c7A 2012. - Escola Joso Sabadell\" \/>\n<meta property=\"og:description\" content=\"Teniu la informaci\u00f3 sobre aquest viatge escolar, que des de fa temps, l&#8217; Escola Joso organitza al Sal\u00f2 del C\u00f2mic de Fran\u00e7a a Angoul\u00eame. Queden poques places, per tant, qui vulgui venir que espabili !!!\" \/>\n<meta property=\"og:url\" content=\"https:\/\/jososabadell.cat\/es\/2011\/11\/18\/viatge-de-l-escola-joso-al-salo-del-comic-de-franca-2012\/\" \/>\n<meta property=\"og:site_name\" content=\"Escola Joso Sabadell\" \/>\n<meta property=\"article:publisher\" content=\"https:\/\/www.facebook.com\/escolajososabadell\/\" \/>\n<meta property=\"article:published_time\" content=\"2011-11-18T16:11:00+00:00\" \/>\n<meta property=\"article:modified_time\" content=\"2018-04-13T13:02:07+00:00\" \/>\n<meta property=\"og:image\" content=\"http:\/\/3.bp.blogspot.com\/-u26zgq_yD6A\/TsaEl9nHLsI\/AAAAAAAAAaQ\/hPAIido7QC0\/s400\/maleta.jpg\" \/>\n<meta name=\"author\" content=\"Joso Sabadell\" \/>\n<meta name=\"twitter:card\" content=\"summary_large_image\" \/>\n<meta name=\"twitter:creator\" content=\"@EscolaJosoSbd\" \/>\n<meta name=\"twitter:site\" content=\"@EscolaJosoSbd\" \/>\n<meta name=\"twitter:label1\" content=\"Escrito por\" \/>\n\t<meta name=\"twitter:data1\" content=\"Joso Sabadell\" \/>\n<script type=\"application\/ld+json\" class=\"yoast-schema-graph\">{\"@context\":\"https:\/\/schema.org\",\"@graph\":[{\"@type\":\"WebPage\",\"@id\":\"https:\/\/jososabadell.cat\/es\/2011\/11\/18\/viatge-de-l-escola-joso-al-salo-del-comic-de-franca-2012\/\",\"url\":\"https:\/\/jososabadell.cat\/es\/2011\/11\/18\/viatge-de-l-escola-joso-al-salo-del-comic-de-franca-2012\/\",\"name\":\"VIATGE DE L' ESCOLA JOSO AL SAL\u00d2 DEL C\u00d2MIC DE FRAN\u00c7A 2012. - Escola Joso Sabadell\",\"isPartOf\":{\"@id\":\"https:\/\/jososabadell.cat\/#website\"},\"primaryImageOfPage\":{\"@id\":\"https:\/\/jososabadell.cat\/es\/2011\/11\/18\/viatge-de-l-escola-joso-al-salo-del-comic-de-franca-2012\/#primaryimage\"},\"image\":{\"@id\":\"https:\/\/jososabadell.cat\/es\/2011\/11\/18\/viatge-de-l-escola-joso-al-salo-del-comic-de-franca-2012\/#primaryimage\"},\"thumbnailUrl\":\"http:\/\/3.bp.blogspot.com\/-u26zgq_yD6A\/TsaEl9nHLsI\/AAAAAAAAAaQ\/hPAIido7QC0\/s400\/maleta.jpg\",\"datePublished\":\"2011-11-18T16:11:00+00:00\",\"dateModified\":\"2018-04-13T13:02:07+00:00\",\"author\":{\"@id\":\"https:\/\/jososabadell.cat\/#\/schema\/person\/233e57003be70aa898d35bfb3ee0fb72\"},\"breadcrumb\":{\"@id\":\"https:\/\/jososabadell.cat\/es\/2011\/11\/18\/viatge-de-l-escola-joso-al-salo-del-comic-de-franca-2012\/#breadcrumb\"},\"inLanguage\":\"es\",\"potentialAction\":[{\"@type\":\"ReadAction\",\"target\":[\"https:\/\/jososabadell.cat\/es\/2011\/11\/18\/viatge-de-l-escola-joso-al-salo-del-comic-de-franca-2012\/\"]}]},{\"@type\":\"ImageObject\",\"inLanguage\":\"es\",\"@id\":\"https:\/\/jososabadell.cat\/es\/2011\/11\/18\/viatge-de-l-escola-joso-al-salo-del-comic-de-franca-2012\/#primaryimage\",\"url\":\"http:\/\/3.bp.blogspot.com\/-u26zgq_yD6A\/TsaEl9nHLsI\/AAAAAAAAAaQ\/hPAIido7QC0\/s400\/maleta.jpg\",\"contentUrl\":\"http:\/\/3.bp.blogspot.com\/-u26zgq_yD6A\/TsaEl9nHLsI\/AAAAAAAAAaQ\/hPAIido7QC0\/s400\/maleta.jpg\"},{\"@type\":\"BreadcrumbList\",\"@id\":\"https:\/\/jososabadell.cat\/es\/2011\/11\/18\/viatge-de-l-escola-joso-al-salo-del-comic-de-franca-2012\/#breadcrumb\",\"itemListElement\":[{\"@type\":\"ListItem\",\"position\":1,\"name\":\"Inici\",\"item\":\"https:\/\/jososabadell.cat\/\"},{\"@type\":\"ListItem\",\"position\":2,\"name\":\"VIATGE DE L&#8217; ESCOLA JOSO AL SAL\u00d2 DEL C\u00d2MIC DE FRAN\u00c7A 2012.\"}]},{\"@type\":\"WebSite\",\"@id\":\"https:\/\/jososabadell.cat\/#website\",\"url\":\"https:\/\/jososabadell.cat\/\",\"name\":\"Escola Joso Sabadell\",\"description\":\"\",\"potentialAction\":[{\"@type\":\"SearchAction\",\"target\":{\"@type\":\"EntryPoint\",\"urlTemplate\":\"https:\/\/jososabadell.cat\/?s={search_term_string}\"},\"query-input\":{\"@type\":\"PropertyValueSpecification\",\"valueRequired\":true,\"valueName\":\"search_term_string\"}}],\"inLanguage\":\"es\"},{\"@type\":\"Person\",\"@id\":\"https:\/\/jososabadell.cat\/#\/schema\/person\/233e57003be70aa898d35bfb3ee0fb72\",\"name\":\"Joso Sabadell\",\"image\":{\"@type\":\"ImageObject\",\"inLanguage\":\"es\",\"@id\":\"https:\/\/jososabadell.cat\/#\/schema\/person\/image\/\",\"url\":\"https:\/\/secure.gravatar.com\/avatar\/5aa9d058168d026c6f8d651849c8cf5d?s=96&d=mm&r=g\",\"contentUrl\":\"https:\/\/secure.gravatar.com\/avatar\/5aa9d058168d026c6f8d651849c8cf5d?s=96&d=mm&r=g\",\"caption\":\"Joso Sabadell\"},\"sameAs\":[\"http:\/\/jososabadell.cat\"]}]}<\/script>\n<!-- \/ Yoast SEO plugin. -->","yoast_head_json":{"title":"VIATGE DE L' ESCOLA JOSO AL SAL\u00d2 DEL C\u00d2MIC DE FRAN\u00c7A 2012. - Escola Joso Sabadell","robots":{"index":"index","follow":"follow","max-snippet":"max-snippet:-1","max-image-preview":"max-image-preview:large","max-video-preview":"max-video-preview:-1"},"canonical":"https:\/\/jososabadell.cat\/es\/2011\/11\/18\/viatge-de-l-escola-joso-al-salo-del-comic-de-franca-2012\/","og_locale":"es_ES","og_type":"article","og_title":"VIATGE DE L' ESCOLA JOSO AL SAL\u00d2 DEL C\u00d2MIC DE FRAN\u00c7A 2012. - Escola Joso Sabadell","og_description":"Teniu la informaci\u00f3 sobre aquest viatge escolar, que des de fa temps, l&#8217; Escola Joso organitza al Sal\u00f2 del C\u00f2mic de Fran\u00e7a a Angoul\u00eame. Queden poques places, per tant, qui vulgui venir que espabili !!!","og_url":"https:\/\/jososabadell.cat\/es\/2011\/11\/18\/viatge-de-l-escola-joso-al-salo-del-comic-de-franca-2012\/","og_site_name":"Escola Joso Sabadell","article_publisher":"https:\/\/www.facebook.com\/escolajososabadell\/","article_published_time":"2011-11-18T16:11:00+00:00","article_modified_time":"2018-04-13T13:02:07+00:00","og_image":[{"url":"http:\/\/3.bp.blogspot.com\/-u26zgq_yD6A\/TsaEl9nHLsI\/AAAAAAAAAaQ\/hPAIido7QC0\/s400\/maleta.jpg","type":"","width":"","height":""}],"author":"Joso Sabadell","twitter_card":"summary_large_image","twitter_creator":"@EscolaJosoSbd","twitter_site":"@EscolaJosoSbd","twitter_misc":{"Escrito por":"Joso Sabadell"},"schema":{"@context":"https:\/\/schema.org","@graph":[{"@type":"WebPage","@id":"https:\/\/jososabadell.cat\/es\/2011\/11\/18\/viatge-de-l-escola-joso-al-salo-del-comic-de-franca-2012\/","url":"https:\/\/jososabadell.cat\/es\/2011\/11\/18\/viatge-de-l-escola-joso-al-salo-del-comic-de-franca-2012\/","name":"VIATGE DE L' ESCOLA JOSO AL SAL\u00d2 DEL C\u00d2MIC DE FRAN\u00c7A 2012. - Escola Joso Sabadell","isPartOf":{"@id":"https:\/\/jososabadell.cat\/#website"},"primaryImageOfPage":{"@id":"https:\/\/jososabadell.cat\/es\/2011\/11\/18\/viatge-de-l-escola-joso-al-salo-del-comic-de-franca-2012\/#primaryimage"},"image":{"@id":"https:\/\/jososabadell.cat\/es\/2011\/11\/18\/viatge-de-l-escola-joso-al-salo-del-comic-de-franca-2012\/#primaryimage"},"thumbnailUrl":"http:\/\/3.bp.blogspot.com\/-u26zgq_yD6A\/TsaEl9nHLsI\/AAAAAAAAAaQ\/hPAIido7QC0\/s400\/maleta.jpg","datePublished":"2011-11-18T16:11:00+00:00","dateModified":"2018-04-13T13:02:07+00:00","author":{"@id":"https:\/\/jososabadell.cat\/#\/schema\/person\/233e57003be70aa898d35bfb3ee0fb72"},"breadcrumb":{"@id":"https:\/\/jososabadell.cat\/es\/2011\/11\/18\/viatge-de-l-escola-joso-al-salo-del-comic-de-franca-2012\/#breadcrumb"},"inLanguage":"es","potentialAction":[{"@type":"ReadAction","target":["https:\/\/jososabadell.cat\/es\/2011\/11\/18\/viatge-de-l-escola-joso-al-salo-del-comic-de-franca-2012\/"]}]},{"@type":"ImageObject","inLanguage":"es","@id":"https:\/\/jososabadell.cat\/es\/2011\/11\/18\/viatge-de-l-escola-joso-al-salo-del-comic-de-franca-2012\/#primaryimage","url":"http:\/\/3.bp.blogspot.com\/-u26zgq_yD6A\/TsaEl9nHLsI\/AAAAAAAAAaQ\/hPAIido7QC0\/s400\/maleta.jpg","contentUrl":"http:\/\/3.bp.blogspot.com\/-u26zgq_yD6A\/TsaEl9nHLsI\/AAAAAAAAAaQ\/hPAIido7QC0\/s400\/maleta.jpg"},{"@type":"BreadcrumbList","@id":"https:\/\/jososabadell.cat\/es\/2011\/11\/18\/viatge-de-l-escola-joso-al-salo-del-comic-de-franca-2012\/#breadcrumb","itemListElement":[{"@type":"ListItem","position":1,"name":"Inici","item":"https:\/\/jososabadell.cat\/"},{"@type":"ListItem","position":2,"name":"VIATGE DE L&#8217; ESCOLA JOSO AL SAL\u00d2 DEL C\u00d2MIC DE FRAN\u00c7A 2012."}]},{"@type":"WebSite","@id":"https:\/\/jososabadell.cat\/#website","url":"https:\/\/jososabadell.cat\/","name":"&nbsp;Escola Joso Sabadell","description":"","potentialAction":[{"@type":"SearchAction","target":{"@type":"EntryPoint","urlTemplate":"https:\/\/jososabadell.cat\/?s={search_term_string}"},"query-input":{"@type":"PropertyValueSpecification","valueRequired":true,"valueName":"search_term_string"}}],"inLanguage":"es"},{"@type":"Person","@id":"https:\/\/jososabadell.cat\/#\/schema\/person\/233e57003be70aa898d35bfb3ee0fb72","name":"Joso Sabadell","image":{"@type":"ImageObject","inLanguage":"es","@id":"https:\/\/jososabadell.cat\/#\/schema\/person\/image\/","url":"https:\/\/secure.gravatar.com\/avatar\/5aa9d058168d026c6f8d651849c8cf5d?s=96&d=mm&r=g","contentUrl":"https:\/\/secure.gravatar.com\/avatar\/5aa9d058168d026c6f8d651849c8cf5d?s=96&d=mm&r=g","caption":"Joso Sabadell"},"sameAs":["http:\/\/jososabadell.cat"]}]}},"_links":{"self":[{"href":"https:\/\/jososabadell.cat\/es\/wp-json\/wp\/v2\/posts\/325"}],"collection":[{"href":"https:\/\/jososabadell.cat\/es\/wp-json\/wp\/v2\/posts"}],"about":[{"href":"https:\/\/jososabadell.cat\/es\/wp-json\/wp\/v2\/types\/post"}],"author":[{"embeddable":true,"href":"https:\/\/jososabadell.cat\/es\/wp-json\/wp\/v2\/users\/2"}],"replies":[{"embeddable":true,"href":"https:\/\/jososabadell.cat\/es\/wp-json\/wp\/v2\/comments?post=325"}],"version-history":[{"count":1,"href":"https:\/\/jososabadell.cat\/es\/wp-json\/wp\/v2\/posts\/325\/revisions"}],"predecessor-version":[{"id":761,"href":"https:\/\/jososabadell.cat\/es\/wp-json\/wp\/v2\/posts\/325\/revisions\/761"}],"wp:attachment":[{"href":"https:\/\/jososabadell.cat\/es\/wp-json\/wp\/v2\/media?parent=325"}],"wp:term":[{"taxonomy":"category","embeddable":true,"href":"https:\/\/jososabadell.cat\/es\/wp-json\/wp\/v2\/categories?post=325"},{"taxonomy":"post_tag","embeddable":true,"href":"https:\/\/jososabadell.cat\/es\/wp-json\/wp\/v2\/tags?post=325"}],"curies":[{"name":"wp","href":"https:\/\/api.w.org\/{rel}","templated":true}]}}