{"id":339,"date":"2011-06-22T17:16:00","date_gmt":"2011-06-22T15:16:00","guid":{"rendered":"http:\/\/jososabadell.cat\/2011\/06\/22\/promocio-2011-de-l-escola-joso-sabadell\/"},"modified":"2018-04-13T15:02:17","modified_gmt":"2018-04-13T13:02:17","slug":"promocio-2011-de-l-escola-joso-sabadell","status":"publish","type":"post","link":"https:\/\/jososabadell.cat\/es\/2011\/06\/22\/promocio-2011-de-l-escola-joso-sabadell\/","title":{"rendered":"PROMOCI\u00d3 2011 DE L\u2019 ESCOLA JOSO SABADELL."},"content":{"rendered":"<p><a href=\"http:\/\/2.bp.blogspot.com\/-BWRwMrmF91M\/TgIIcHu98AI\/AAAAAAAAAYE\/uXvr-ge7KVs\/s1600\/IMG_4048.JPG\" data-rel=\"lightbox-image-0\" data-rl_title=\"\" data-rl_caption=\"\" title=\"\"><img decoding=\"async\" style=\"display:block; margin:0px auto 10px; text-align:center;cursor:pointer; cursor:hand;width: 400px; height: 300px;\" src=\"http:\/\/2.bp.blogspot.com\/-BWRwMrmF91M\/TgIIcHu98AI\/AAAAAAAAAYE\/uXvr-ge7KVs\/s400\/IMG_4048.JPG\" border=\"0\" alt=\"\" id=\"BLOGGER_PHOTO_ID_5621064564117204994\" \/><\/a><\/p>\n<p><span lang=\"CA\"> Aquests s\u00f3n els alumnes de la promoci\u00f3 que aquest any 2011 han acabat els cursos a l\u2019 Escola Joso Sabadell. S\u00f3n els alumnes dels cursos de c\u00f2mic-manga, creaci\u00f3 digital i il\u00b7lustraci\u00f3. A la fotografia no hi s\u00f3n tots els alumnes ni tots els professors que els hi ha fet classe, per\u00f2 si que hi s\u00f3n quasi tots. Ha estat un veritable plaer i un privilegi treballar amb vosaltres i us desitgem for\u00e7a sort i \u00e8xit en el futur i la vostra traject\u00f2ria art\u00edstica o professional.<\/span><\/p>\n<p><span lang=\"CA\">Fins sempre !<\/span><\/p>","protected":false},"excerpt":{"rendered":"<p>Aquests s\u00f3n els alumnes de la promoci\u00f3 que aquest any 2011 han acabat els cursos a l\u2019 Escola Joso Sabadell. S\u00f3n els alumnes dels cursos de c\u00f2mic-manga, creaci\u00f3 digital i il\u00b7lustraci\u00f3. A la fotografia no hi s\u00f3n tots els alumnes ni tots els professors que els hi ha fet classe, per\u00f2 si que hi s\u00f3n [&hellip;]<\/p>\n","protected":false},"author":2,"featured_media":0,"comment_status":"open","ping_status":"open","sticky":false,"template":"","format":"standard","meta":{"_monsterinsights_skip_tracking":false,"_monsterinsights_sitenote_active":false,"_monsterinsights_sitenote_note":"","_monsterinsights_sitenote_category":0,"footnotes":""},"categories":[1],"tags":[],"class_list":["post-339","post","type-post","status-publish","format-standard","hentry","category-general"],"yoast_head":"<!-- This site is optimized with the Yoast SEO plugin v25.6 - https:\/\/yoast.com\/wordpress\/plugins\/seo\/ -->\n<title>PROMOCI\u00d3 2011 DE L\u2019 ESCOLA JOSO SABADELL. - Escola Joso Sabadell<\/title>\n<meta name=\"robots\" content=\"index, follow, max-snippet:-1, max-image-preview:large, max-video-preview:-1\" \/>\n<link rel=\"canonical\" href=\"http:\/\/jososabadell.cat\/es\/2011\/06\/22\/promocio-2011-de-l-escola-joso-sabadell\/\" \/>\n<meta property=\"og:locale\" content=\"es_ES\" \/>\n<meta property=\"og:type\" content=\"article\" \/>\n<meta property=\"og:title\" content=\"PROMOCI\u00d3 2011 DE L\u2019 ESCOLA JOSO SABADELL. - Escola Joso Sabadell\" \/>\n<meta property=\"og:description\" content=\"Aquests s\u00f3n els alumnes de la promoci\u00f3 que aquest any 2011 han acabat els cursos a l\u2019 Escola Joso Sabadell. S\u00f3n els alumnes dels cursos de c\u00f2mic-manga, creaci\u00f3 digital i il\u00b7lustraci\u00f3. A la fotografia no hi s\u00f3n tots els alumnes ni tots els professors que els hi ha fet classe, per\u00f2 si que hi s\u00f3n [&hellip;]\" \/>\n<meta property=\"og:url\" content=\"http:\/\/jososabadell.cat\/es\/2011\/06\/22\/promocio-2011-de-l-escola-joso-sabadell\/\" \/>\n<meta property=\"og:site_name\" content=\"Escola Joso Sabadell\" \/>\n<meta property=\"article:publisher\" content=\"https:\/\/www.facebook.com\/escolajososabadell\/\" \/>\n<meta property=\"article:published_time\" content=\"2011-06-22T15:16:00+00:00\" \/>\n<meta property=\"article:modified_time\" content=\"2018-04-13T13:02:17+00:00\" \/>\n<meta property=\"og:image\" content=\"http:\/\/2.bp.blogspot.com\/-BWRwMrmF91M\/TgIIcHu98AI\/AAAAAAAAAYE\/uXvr-ge7KVs\/s400\/IMG_4048.JPG\" \/>\n<meta name=\"author\" content=\"Joso Sabadell\" \/>\n<meta name=\"twitter:card\" content=\"summary_large_image\" \/>\n<meta name=\"twitter:creator\" content=\"@EscolaJosoSbd\" \/>\n<meta name=\"twitter:site\" content=\"@EscolaJosoSbd\" \/>\n<meta name=\"twitter:label1\" content=\"Escrito por\" \/>\n\t<meta name=\"twitter:data1\" content=\"Joso Sabadell\" \/>\n<script type=\"application\/ld+json\" class=\"yoast-schema-graph\">{\"@context\":\"https:\/\/schema.org\",\"@graph\":[{\"@type\":\"WebPage\",\"@id\":\"http:\/\/jososabadell.cat\/es\/2011\/06\/22\/promocio-2011-de-l-escola-joso-sabadell\/\",\"url\":\"http:\/\/jososabadell.cat\/es\/2011\/06\/22\/promocio-2011-de-l-escola-joso-sabadell\/\",\"name\":\"PROMOCI\u00d3 2011 DE L\u2019 ESCOLA JOSO SABADELL. - Escola Joso Sabadell\",\"isPartOf\":{\"@id\":\"https:\/\/jososabadell.cat\/#website\"},\"primaryImageOfPage\":{\"@id\":\"http:\/\/jososabadell.cat\/es\/2011\/06\/22\/promocio-2011-de-l-escola-joso-sabadell\/#primaryimage\"},\"image\":{\"@id\":\"http:\/\/jososabadell.cat\/es\/2011\/06\/22\/promocio-2011-de-l-escola-joso-sabadell\/#primaryimage\"},\"thumbnailUrl\":\"http:\/\/2.bp.blogspot.com\/-BWRwMrmF91M\/TgIIcHu98AI\/AAAAAAAAAYE\/uXvr-ge7KVs\/s400\/IMG_4048.JPG\",\"datePublished\":\"2011-06-22T15:16:00+00:00\",\"dateModified\":\"2018-04-13T13:02:17+00:00\",\"author\":{\"@id\":\"https:\/\/jososabadell.cat\/#\/schema\/person\/233e57003be70aa898d35bfb3ee0fb72\"},\"breadcrumb\":{\"@id\":\"http:\/\/jososabadell.cat\/es\/2011\/06\/22\/promocio-2011-de-l-escola-joso-sabadell\/#breadcrumb\"},\"inLanguage\":\"es\",\"potentialAction\":[{\"@type\":\"ReadAction\",\"target\":[\"http:\/\/jososabadell.cat\/es\/2011\/06\/22\/promocio-2011-de-l-escola-joso-sabadell\/\"]}]},{\"@type\":\"ImageObject\",\"inLanguage\":\"es\",\"@id\":\"http:\/\/jososabadell.cat\/es\/2011\/06\/22\/promocio-2011-de-l-escola-joso-sabadell\/#primaryimage\",\"url\":\"http:\/\/2.bp.blogspot.com\/-BWRwMrmF91M\/TgIIcHu98AI\/AAAAAAAAAYE\/uXvr-ge7KVs\/s400\/IMG_4048.JPG\",\"contentUrl\":\"http:\/\/2.bp.blogspot.com\/-BWRwMrmF91M\/TgIIcHu98AI\/AAAAAAAAAYE\/uXvr-ge7KVs\/s400\/IMG_4048.JPG\"},{\"@type\":\"BreadcrumbList\",\"@id\":\"http:\/\/jososabadell.cat\/es\/2011\/06\/22\/promocio-2011-de-l-escola-joso-sabadell\/#breadcrumb\",\"itemListElement\":[{\"@type\":\"ListItem\",\"position\":1,\"name\":\"Inici\",\"item\":\"https:\/\/jososabadell.cat\/\"},{\"@type\":\"ListItem\",\"position\":2,\"name\":\"PROMOCI\u00d3 2011 DE L\u2019 ESCOLA JOSO SABADELL.\"}]},{\"@type\":\"WebSite\",\"@id\":\"https:\/\/jososabadell.cat\/#website\",\"url\":\"https:\/\/jososabadell.cat\/\",\"name\":\"Escola Joso Sabadell\",\"description\":\"\",\"potentialAction\":[{\"@type\":\"SearchAction\",\"target\":{\"@type\":\"EntryPoint\",\"urlTemplate\":\"https:\/\/jososabadell.cat\/?s={search_term_string}\"},\"query-input\":{\"@type\":\"PropertyValueSpecification\",\"valueRequired\":true,\"valueName\":\"search_term_string\"}}],\"inLanguage\":\"es\"},{\"@type\":\"Person\",\"@id\":\"https:\/\/jososabadell.cat\/#\/schema\/person\/233e57003be70aa898d35bfb3ee0fb72\",\"name\":\"Joso Sabadell\",\"image\":{\"@type\":\"ImageObject\",\"inLanguage\":\"es\",\"@id\":\"https:\/\/jososabadell.cat\/#\/schema\/person\/image\/\",\"url\":\"https:\/\/secure.gravatar.com\/avatar\/5aa9d058168d026c6f8d651849c8cf5d?s=96&d=mm&r=g\",\"contentUrl\":\"https:\/\/secure.gravatar.com\/avatar\/5aa9d058168d026c6f8d651849c8cf5d?s=96&d=mm&r=g\",\"caption\":\"Joso Sabadell\"},\"sameAs\":[\"http:\/\/jososabadell.cat\"]}]}<\/script>\n<!-- \/ Yoast SEO plugin. -->","yoast_head_json":{"title":"PROMOCI\u00d3 2011 DE L\u2019 ESCOLA JOSO SABADELL. - Escola Joso Sabadell","robots":{"index":"index","follow":"follow","max-snippet":"max-snippet:-1","max-image-preview":"max-image-preview:large","max-video-preview":"max-video-preview:-1"},"canonical":"http:\/\/jososabadell.cat\/es\/2011\/06\/22\/promocio-2011-de-l-escola-joso-sabadell\/","og_locale":"es_ES","og_type":"article","og_title":"PROMOCI\u00d3 2011 DE L\u2019 ESCOLA JOSO SABADELL. - Escola Joso Sabadell","og_description":"Aquests s\u00f3n els alumnes de la promoci\u00f3 que aquest any 2011 han acabat els cursos a l\u2019 Escola Joso Sabadell. S\u00f3n els alumnes dels cursos de c\u00f2mic-manga, creaci\u00f3 digital i il\u00b7lustraci\u00f3. A la fotografia no hi s\u00f3n tots els alumnes ni tots els professors que els hi ha fet classe, per\u00f2 si que hi s\u00f3n [&hellip;]","og_url":"http:\/\/jososabadell.cat\/es\/2011\/06\/22\/promocio-2011-de-l-escola-joso-sabadell\/","og_site_name":"Escola Joso Sabadell","article_publisher":"https:\/\/www.facebook.com\/escolajososabadell\/","article_published_time":"2011-06-22T15:16:00+00:00","article_modified_time":"2018-04-13T13:02:17+00:00","og_image":[{"url":"http:\/\/2.bp.blogspot.com\/-BWRwMrmF91M\/TgIIcHu98AI\/AAAAAAAAAYE\/uXvr-ge7KVs\/s400\/IMG_4048.JPG","type":"","width":"","height":""}],"author":"Joso Sabadell","twitter_card":"summary_large_image","twitter_creator":"@EscolaJosoSbd","twitter_site":"@EscolaJosoSbd","twitter_misc":{"Escrito por":"Joso Sabadell"},"schema":{"@context":"https:\/\/schema.org","@graph":[{"@type":"WebPage","@id":"http:\/\/jososabadell.cat\/es\/2011\/06\/22\/promocio-2011-de-l-escola-joso-sabadell\/","url":"http:\/\/jososabadell.cat\/es\/2011\/06\/22\/promocio-2011-de-l-escola-joso-sabadell\/","name":"PROMOCI\u00d3 2011 DE L\u2019 ESCOLA JOSO SABADELL. - Escola Joso Sabadell","isPartOf":{"@id":"https:\/\/jososabadell.cat\/#website"},"primaryImageOfPage":{"@id":"http:\/\/jososabadell.cat\/es\/2011\/06\/22\/promocio-2011-de-l-escola-joso-sabadell\/#primaryimage"},"image":{"@id":"http:\/\/jososabadell.cat\/es\/2011\/06\/22\/promocio-2011-de-l-escola-joso-sabadell\/#primaryimage"},"thumbnailUrl":"http:\/\/2.bp.blogspot.com\/-BWRwMrmF91M\/TgIIcHu98AI\/AAAAAAAAAYE\/uXvr-ge7KVs\/s400\/IMG_4048.JPG","datePublished":"2011-06-22T15:16:00+00:00","dateModified":"2018-04-13T13:02:17+00:00","author":{"@id":"https:\/\/jososabadell.cat\/#\/schema\/person\/233e57003be70aa898d35bfb3ee0fb72"},"breadcrumb":{"@id":"http:\/\/jososabadell.cat\/es\/2011\/06\/22\/promocio-2011-de-l-escola-joso-sabadell\/#breadcrumb"},"inLanguage":"es","potentialAction":[{"@type":"ReadAction","target":["http:\/\/jososabadell.cat\/es\/2011\/06\/22\/promocio-2011-de-l-escola-joso-sabadell\/"]}]},{"@type":"ImageObject","inLanguage":"es","@id":"http:\/\/jososabadell.cat\/es\/2011\/06\/22\/promocio-2011-de-l-escola-joso-sabadell\/#primaryimage","url":"http:\/\/2.bp.blogspot.com\/-BWRwMrmF91M\/TgIIcHu98AI\/AAAAAAAAAYE\/uXvr-ge7KVs\/s400\/IMG_4048.JPG","contentUrl":"http:\/\/2.bp.blogspot.com\/-BWRwMrmF91M\/TgIIcHu98AI\/AAAAAAAAAYE\/uXvr-ge7KVs\/s400\/IMG_4048.JPG"},{"@type":"BreadcrumbList","@id":"http:\/\/jososabadell.cat\/es\/2011\/06\/22\/promocio-2011-de-l-escola-joso-sabadell\/#breadcrumb","itemListElement":[{"@type":"ListItem","position":1,"name":"Inici","item":"https:\/\/jososabadell.cat\/"},{"@type":"ListItem","position":2,"name":"PROMOCI\u00d3 2011 DE L\u2019 ESCOLA JOSO SABADELL."}]},{"@type":"WebSite","@id":"https:\/\/jososabadell.cat\/#website","url":"https:\/\/jososabadell.cat\/","name":"&nbsp;Escola Joso Sabadell","description":"","potentialAction":[{"@type":"SearchAction","target":{"@type":"EntryPoint","urlTemplate":"https:\/\/jososabadell.cat\/?s={search_term_string}"},"query-input":{"@type":"PropertyValueSpecification","valueRequired":true,"valueName":"search_term_string"}}],"inLanguage":"es"},{"@type":"Person","@id":"https:\/\/jososabadell.cat\/#\/schema\/person\/233e57003be70aa898d35bfb3ee0fb72","name":"Joso Sabadell","image":{"@type":"ImageObject","inLanguage":"es","@id":"https:\/\/jososabadell.cat\/#\/schema\/person\/image\/","url":"https:\/\/secure.gravatar.com\/avatar\/5aa9d058168d026c6f8d651849c8cf5d?s=96&d=mm&r=g","contentUrl":"https:\/\/secure.gravatar.com\/avatar\/5aa9d058168d026c6f8d651849c8cf5d?s=96&d=mm&r=g","caption":"Joso Sabadell"},"sameAs":["http:\/\/jososabadell.cat"]}]}},"_links":{"self":[{"href":"https:\/\/jososabadell.cat\/es\/wp-json\/wp\/v2\/posts\/339"}],"collection":[{"href":"https:\/\/jososabadell.cat\/es\/wp-json\/wp\/v2\/posts"}],"about":[{"href":"https:\/\/jososabadell.cat\/es\/wp-json\/wp\/v2\/types\/post"}],"author":[{"embeddable":true,"href":"https:\/\/jososabadell.cat\/es\/wp-json\/wp\/v2\/users\/2"}],"replies":[{"embeddable":true,"href":"https:\/\/jososabadell.cat\/es\/wp-json\/wp\/v2\/comments?post=339"}],"version-history":[{"count":1,"href":"https:\/\/jososabadell.cat\/es\/wp-json\/wp\/v2\/posts\/339\/revisions"}],"predecessor-version":[{"id":775,"href":"https:\/\/jososabadell.cat\/es\/wp-json\/wp\/v2\/posts\/339\/revisions\/775"}],"wp:attachment":[{"href":"https:\/\/jososabadell.cat\/es\/wp-json\/wp\/v2\/media?parent=339"}],"wp:term":[{"taxonomy":"category","embeddable":true,"href":"https:\/\/jososabadell.cat\/es\/wp-json\/wp\/v2\/categories?post=339"},{"taxonomy":"post_tag","embeddable":true,"href":"https:\/\/jososabadell.cat\/es\/wp-json\/wp\/v2\/tags?post=339"}],"curies":[{"name":"wp","href":"https:\/\/api.w.org\/{rel}","templated":true}]}}