{"id":380,"date":"2010-11-03T18:53:00","date_gmt":"2010-11-03T16:53:00","guid":{"rendered":"http:\/\/jososabadell.cat\/2010\/11\/03\/1a-edicio-del-concurs-d-il%c2%b7lustracio-proa-espais\/"},"modified":"2018-04-13T15:02:49","modified_gmt":"2018-04-13T13:02:49","slug":"1a-edicio-del-concurs-d-il%c2%b7lustracio-proa-espais","status":"publish","type":"post","link":"https:\/\/jososabadell.cat\/es\/2010\/11\/03\/1a-edicio-del-concurs-d-il%c2%b7lustracio-proa-espais\/","title":{"rendered":"1a. EDICI\u00d3 DEL CONCURS D&#8217; IL\u00b7LUSTRACI\u00d3 PROA ESPAIS."},"content":{"rendered":"<p><a href=\"http:\/\/3.bp.blogspot.com\/_tkQIW00FXMc\/TNGX7qUdRjI\/AAAAAAAAAOU\/BH_twO4_IoI\/s1600\/Enciclopedia+Catalana.jpg\" data-rel=\"lightbox-image-0\" data-rl_title=\"\" data-rl_caption=\"\" title=\"\"><img decoding=\"async\" style=\"TEXT-ALIGN: center; MARGIN: 0px auto 10px; WIDTH: 372px; DISPLAY: block; HEIGHT: 155px; CURSOR: hand\" id=\"BLOGGER_PHOTO_ID_5535372468243220018\" border=\"0\" alt=\"\" src=\"http:\/\/3.bp.blogspot.com\/_tkQIW00FXMc\/TNGX7qUdRjI\/AAAAAAAAAOU\/BH_twO4_IoI\/s400\/Enciclopedia+Catalana.jpg\" \/><\/a>La llibreria <strong>PROA ESPAIS<\/strong> i la <strong>FUNDACI\u00d3 ENCICLOP\u00c8DIA CATALANA<\/strong> ens han enviat la convocat\u00f2ria i bases de  la <strong>1a. edici\u00f3 del concurs<\/strong> <strong>d&#8217; il\u00b7lustraci\u00f3<\/strong> que est\u00e0 basat en una interpretaci\u00f3 de <strong>&#8220;Les Aventures de Tom Sawyer&#8221;.<\/strong> Totes les bases i especificacions les podreu trobar en le lloc web: <a href=\"http:\/\/www.llibres.cat\/\">www.llibres.cat<\/a><br \/>Sort als participants !<\/p>","protected":false},"excerpt":{"rendered":"<p>La llibreria PROA ESPAIS i la FUNDACI\u00d3 ENCICLOP\u00c8DIA CATALANA ens han enviat la convocat\u00f2ria i bases de la 1a. edici\u00f3 del concurs d&#8217; il\u00b7lustraci\u00f3 que est\u00e0 basat en una interpretaci\u00f3 de &#8220;Les Aventures de Tom Sawyer&#8221;. Totes les bases i especificacions les podreu trobar en le lloc web: www.llibres.catSort als participants !<\/p>","protected":false},"author":2,"featured_media":0,"comment_status":"open","ping_status":"open","sticky":false,"template":"","format":"standard","meta":{"_monsterinsights_skip_tracking":false,"_monsterinsights_sitenote_active":false,"_monsterinsights_sitenote_note":"","_monsterinsights_sitenote_category":0,"footnotes":""},"categories":[1],"tags":[],"class_list":["post-380","post","type-post","status-publish","format-standard","hentry","category-general"],"yoast_head":"<!-- This site is optimized with the Yoast SEO plugin v25.6 - https:\/\/yoast.com\/wordpress\/plugins\/seo\/ -->\n<title>1a. EDICI\u00d3 DEL CONCURS D&#039; IL\u00b7LUSTRACI\u00d3 PROA ESPAIS. - Escola Joso Sabadell<\/title>\n<meta name=\"robots\" content=\"index, follow, max-snippet:-1, max-image-preview:large, max-video-preview:-1\" \/>\n<link rel=\"canonical\" href=\"http:\/\/jososabadell.cat\/es\/2010\/11\/03\/1a-edicio-del-concurs-d-il\u00b7lustracio-proa-espais\/\" \/>\n<meta property=\"og:locale\" content=\"es_ES\" \/>\n<meta property=\"og:type\" content=\"article\" \/>\n<meta property=\"og:title\" content=\"1a. EDICI\u00d3 DEL CONCURS D&#039; IL\u00b7LUSTRACI\u00d3 PROA ESPAIS. - Escola Joso Sabadell\" \/>\n<meta property=\"og:description\" content=\"La llibreria PROA ESPAIS i la FUNDACI\u00d3 ENCICLOP\u00c8DIA CATALANA ens han enviat la convocat\u00f2ria i bases de la 1a. edici\u00f3 del concurs d&#8217; il\u00b7lustraci\u00f3 que est\u00e0 basat en una interpretaci\u00f3 de &#8220;Les Aventures de Tom Sawyer&#8221;. Totes les bases i especificacions les podreu trobar en le lloc web: www.llibres.catSort als participants !\" \/>\n<meta property=\"og:url\" content=\"http:\/\/jososabadell.cat\/es\/2010\/11\/03\/1a-edicio-del-concurs-d-il\u00b7lustracio-proa-espais\/\" \/>\n<meta property=\"og:site_name\" content=\"Escola Joso Sabadell\" \/>\n<meta property=\"article:publisher\" content=\"https:\/\/www.facebook.com\/escolajososabadell\/\" \/>\n<meta property=\"article:published_time\" content=\"2010-11-03T16:53:00+00:00\" \/>\n<meta property=\"article:modified_time\" content=\"2018-04-13T13:02:49+00:00\" \/>\n<meta property=\"og:image\" content=\"http:\/\/3.bp.blogspot.com\/_tkQIW00FXMc\/TNGX7qUdRjI\/AAAAAAAAAOU\/BH_twO4_IoI\/s400\/Enciclopedia+Catalana.jpg\" \/>\n<meta name=\"author\" content=\"Joso Sabadell\" \/>\n<meta name=\"twitter:card\" content=\"summary_large_image\" \/>\n<meta name=\"twitter:creator\" content=\"@EscolaJosoSbd\" \/>\n<meta name=\"twitter:site\" content=\"@EscolaJosoSbd\" \/>\n<meta name=\"twitter:label1\" content=\"Escrito por\" \/>\n\t<meta name=\"twitter:data1\" content=\"Joso Sabadell\" \/>\n<script type=\"application\/ld+json\" class=\"yoast-schema-graph\">{\"@context\":\"https:\/\/schema.org\",\"@graph\":[{\"@type\":\"WebPage\",\"@id\":\"http:\/\/jososabadell.cat\/es\/2010\/11\/03\/1a-edicio-del-concurs-d-il%c2%b7lustracio-proa-espais\/\",\"url\":\"http:\/\/jososabadell.cat\/es\/2010\/11\/03\/1a-edicio-del-concurs-d-il%c2%b7lustracio-proa-espais\/\",\"name\":\"1a. EDICI\u00d3 DEL CONCURS D' IL\u00b7LUSTRACI\u00d3 PROA ESPAIS. - Escola Joso Sabadell\",\"isPartOf\":{\"@id\":\"https:\/\/jososabadell.cat\/#website\"},\"primaryImageOfPage\":{\"@id\":\"http:\/\/jososabadell.cat\/es\/2010\/11\/03\/1a-edicio-del-concurs-d-il%c2%b7lustracio-proa-espais\/#primaryimage\"},\"image\":{\"@id\":\"http:\/\/jososabadell.cat\/es\/2010\/11\/03\/1a-edicio-del-concurs-d-il%c2%b7lustracio-proa-espais\/#primaryimage\"},\"thumbnailUrl\":\"http:\/\/3.bp.blogspot.com\/_tkQIW00FXMc\/TNGX7qUdRjI\/AAAAAAAAAOU\/BH_twO4_IoI\/s400\/Enciclopedia+Catalana.jpg\",\"datePublished\":\"2010-11-03T16:53:00+00:00\",\"dateModified\":\"2018-04-13T13:02:49+00:00\",\"author\":{\"@id\":\"https:\/\/jososabadell.cat\/#\/schema\/person\/233e57003be70aa898d35bfb3ee0fb72\"},\"breadcrumb\":{\"@id\":\"http:\/\/jososabadell.cat\/es\/2010\/11\/03\/1a-edicio-del-concurs-d-il%c2%b7lustracio-proa-espais\/#breadcrumb\"},\"inLanguage\":\"es\",\"potentialAction\":[{\"@type\":\"ReadAction\",\"target\":[\"http:\/\/jososabadell.cat\/es\/2010\/11\/03\/1a-edicio-del-concurs-d-il%c2%b7lustracio-proa-espais\/\"]}]},{\"@type\":\"ImageObject\",\"inLanguage\":\"es\",\"@id\":\"http:\/\/jososabadell.cat\/es\/2010\/11\/03\/1a-edicio-del-concurs-d-il%c2%b7lustracio-proa-espais\/#primaryimage\",\"url\":\"http:\/\/3.bp.blogspot.com\/_tkQIW00FXMc\/TNGX7qUdRjI\/AAAAAAAAAOU\/BH_twO4_IoI\/s400\/Enciclopedia+Catalana.jpg\",\"contentUrl\":\"http:\/\/3.bp.blogspot.com\/_tkQIW00FXMc\/TNGX7qUdRjI\/AAAAAAAAAOU\/BH_twO4_IoI\/s400\/Enciclopedia+Catalana.jpg\"},{\"@type\":\"BreadcrumbList\",\"@id\":\"http:\/\/jososabadell.cat\/es\/2010\/11\/03\/1a-edicio-del-concurs-d-il%c2%b7lustracio-proa-espais\/#breadcrumb\",\"itemListElement\":[{\"@type\":\"ListItem\",\"position\":1,\"name\":\"Inici\",\"item\":\"https:\/\/jososabadell.cat\/\"},{\"@type\":\"ListItem\",\"position\":2,\"name\":\"1a. EDICI\u00d3 DEL CONCURS D&#8217; IL\u00b7LUSTRACI\u00d3 PROA ESPAIS.\"}]},{\"@type\":\"WebSite\",\"@id\":\"https:\/\/jososabadell.cat\/#website\",\"url\":\"https:\/\/jososabadell.cat\/\",\"name\":\"Escola Joso Sabadell\",\"description\":\"\",\"potentialAction\":[{\"@type\":\"SearchAction\",\"target\":{\"@type\":\"EntryPoint\",\"urlTemplate\":\"https:\/\/jososabadell.cat\/?s={search_term_string}\"},\"query-input\":{\"@type\":\"PropertyValueSpecification\",\"valueRequired\":true,\"valueName\":\"search_term_string\"}}],\"inLanguage\":\"es\"},{\"@type\":\"Person\",\"@id\":\"https:\/\/jososabadell.cat\/#\/schema\/person\/233e57003be70aa898d35bfb3ee0fb72\",\"name\":\"Joso Sabadell\",\"image\":{\"@type\":\"ImageObject\",\"inLanguage\":\"es\",\"@id\":\"https:\/\/jososabadell.cat\/#\/schema\/person\/image\/\",\"url\":\"https:\/\/secure.gravatar.com\/avatar\/5aa9d058168d026c6f8d651849c8cf5d?s=96&d=mm&r=g\",\"contentUrl\":\"https:\/\/secure.gravatar.com\/avatar\/5aa9d058168d026c6f8d651849c8cf5d?s=96&d=mm&r=g\",\"caption\":\"Joso Sabadell\"},\"sameAs\":[\"http:\/\/jososabadell.cat\"]}]}<\/script>\n<!-- \/ Yoast SEO plugin. -->","yoast_head_json":{"title":"1a. EDICI\u00d3 DEL CONCURS D' IL\u00b7LUSTRACI\u00d3 PROA ESPAIS. - Escola Joso Sabadell","robots":{"index":"index","follow":"follow","max-snippet":"max-snippet:-1","max-image-preview":"max-image-preview:large","max-video-preview":"max-video-preview:-1"},"canonical":"http:\/\/jososabadell.cat\/es\/2010\/11\/03\/1a-edicio-del-concurs-d-il\u00b7lustracio-proa-espais\/","og_locale":"es_ES","og_type":"article","og_title":"1a. EDICI\u00d3 DEL CONCURS D' IL\u00b7LUSTRACI\u00d3 PROA ESPAIS. - Escola Joso Sabadell","og_description":"La llibreria PROA ESPAIS i la FUNDACI\u00d3 ENCICLOP\u00c8DIA CATALANA ens han enviat la convocat\u00f2ria i bases de la 1a. edici\u00f3 del concurs d&#8217; il\u00b7lustraci\u00f3 que est\u00e0 basat en una interpretaci\u00f3 de &#8220;Les Aventures de Tom Sawyer&#8221;. Totes les bases i especificacions les podreu trobar en le lloc web: www.llibres.catSort als participants !","og_url":"http:\/\/jososabadell.cat\/es\/2010\/11\/03\/1a-edicio-del-concurs-d-il\u00b7lustracio-proa-espais\/","og_site_name":"Escola Joso Sabadell","article_publisher":"https:\/\/www.facebook.com\/escolajososabadell\/","article_published_time":"2010-11-03T16:53:00+00:00","article_modified_time":"2018-04-13T13:02:49+00:00","og_image":[{"url":"http:\/\/3.bp.blogspot.com\/_tkQIW00FXMc\/TNGX7qUdRjI\/AAAAAAAAAOU\/BH_twO4_IoI\/s400\/Enciclopedia+Catalana.jpg","type":"","width":"","height":""}],"author":"Joso Sabadell","twitter_card":"summary_large_image","twitter_creator":"@EscolaJosoSbd","twitter_site":"@EscolaJosoSbd","twitter_misc":{"Escrito por":"Joso Sabadell"},"schema":{"@context":"https:\/\/schema.org","@graph":[{"@type":"WebPage","@id":"http:\/\/jososabadell.cat\/es\/2010\/11\/03\/1a-edicio-del-concurs-d-il%c2%b7lustracio-proa-espais\/","url":"http:\/\/jososabadell.cat\/es\/2010\/11\/03\/1a-edicio-del-concurs-d-il%c2%b7lustracio-proa-espais\/","name":"1a. EDICI\u00d3 DEL CONCURS D' IL\u00b7LUSTRACI\u00d3 PROA ESPAIS. - Escola Joso Sabadell","isPartOf":{"@id":"https:\/\/jososabadell.cat\/#website"},"primaryImageOfPage":{"@id":"http:\/\/jososabadell.cat\/es\/2010\/11\/03\/1a-edicio-del-concurs-d-il%c2%b7lustracio-proa-espais\/#primaryimage"},"image":{"@id":"http:\/\/jososabadell.cat\/es\/2010\/11\/03\/1a-edicio-del-concurs-d-il%c2%b7lustracio-proa-espais\/#primaryimage"},"thumbnailUrl":"http:\/\/3.bp.blogspot.com\/_tkQIW00FXMc\/TNGX7qUdRjI\/AAAAAAAAAOU\/BH_twO4_IoI\/s400\/Enciclopedia+Catalana.jpg","datePublished":"2010-11-03T16:53:00+00:00","dateModified":"2018-04-13T13:02:49+00:00","author":{"@id":"https:\/\/jososabadell.cat\/#\/schema\/person\/233e57003be70aa898d35bfb3ee0fb72"},"breadcrumb":{"@id":"http:\/\/jososabadell.cat\/es\/2010\/11\/03\/1a-edicio-del-concurs-d-il%c2%b7lustracio-proa-espais\/#breadcrumb"},"inLanguage":"es","potentialAction":[{"@type":"ReadAction","target":["http:\/\/jososabadell.cat\/es\/2010\/11\/03\/1a-edicio-del-concurs-d-il%c2%b7lustracio-proa-espais\/"]}]},{"@type":"ImageObject","inLanguage":"es","@id":"http:\/\/jososabadell.cat\/es\/2010\/11\/03\/1a-edicio-del-concurs-d-il%c2%b7lustracio-proa-espais\/#primaryimage","url":"http:\/\/3.bp.blogspot.com\/_tkQIW00FXMc\/TNGX7qUdRjI\/AAAAAAAAAOU\/BH_twO4_IoI\/s400\/Enciclopedia+Catalana.jpg","contentUrl":"http:\/\/3.bp.blogspot.com\/_tkQIW00FXMc\/TNGX7qUdRjI\/AAAAAAAAAOU\/BH_twO4_IoI\/s400\/Enciclopedia+Catalana.jpg"},{"@type":"BreadcrumbList","@id":"http:\/\/jososabadell.cat\/es\/2010\/11\/03\/1a-edicio-del-concurs-d-il%c2%b7lustracio-proa-espais\/#breadcrumb","itemListElement":[{"@type":"ListItem","position":1,"name":"Inici","item":"https:\/\/jososabadell.cat\/"},{"@type":"ListItem","position":2,"name":"1a. EDICI\u00d3 DEL CONCURS D&#8217; IL\u00b7LUSTRACI\u00d3 PROA ESPAIS."}]},{"@type":"WebSite","@id":"https:\/\/jososabadell.cat\/#website","url":"https:\/\/jososabadell.cat\/","name":"&nbsp;Escola Joso Sabadell","description":"","potentialAction":[{"@type":"SearchAction","target":{"@type":"EntryPoint","urlTemplate":"https:\/\/jososabadell.cat\/?s={search_term_string}"},"query-input":{"@type":"PropertyValueSpecification","valueRequired":true,"valueName":"search_term_string"}}],"inLanguage":"es"},{"@type":"Person","@id":"https:\/\/jososabadell.cat\/#\/schema\/person\/233e57003be70aa898d35bfb3ee0fb72","name":"Joso Sabadell","image":{"@type":"ImageObject","inLanguage":"es","@id":"https:\/\/jososabadell.cat\/#\/schema\/person\/image\/","url":"https:\/\/secure.gravatar.com\/avatar\/5aa9d058168d026c6f8d651849c8cf5d?s=96&d=mm&r=g","contentUrl":"https:\/\/secure.gravatar.com\/avatar\/5aa9d058168d026c6f8d651849c8cf5d?s=96&d=mm&r=g","caption":"Joso Sabadell"},"sameAs":["http:\/\/jososabadell.cat"]}]}},"_links":{"self":[{"href":"https:\/\/jososabadell.cat\/es\/wp-json\/wp\/v2\/posts\/380"}],"collection":[{"href":"https:\/\/jososabadell.cat\/es\/wp-json\/wp\/v2\/posts"}],"about":[{"href":"https:\/\/jososabadell.cat\/es\/wp-json\/wp\/v2\/types\/post"}],"author":[{"embeddable":true,"href":"https:\/\/jososabadell.cat\/es\/wp-json\/wp\/v2\/users\/2"}],"replies":[{"embeddable":true,"href":"https:\/\/jososabadell.cat\/es\/wp-json\/wp\/v2\/comments?post=380"}],"version-history":[{"count":1,"href":"https:\/\/jososabadell.cat\/es\/wp-json\/wp\/v2\/posts\/380\/revisions"}],"predecessor-version":[{"id":816,"href":"https:\/\/jososabadell.cat\/es\/wp-json\/wp\/v2\/posts\/380\/revisions\/816"}],"wp:attachment":[{"href":"https:\/\/jososabadell.cat\/es\/wp-json\/wp\/v2\/media?parent=380"}],"wp:term":[{"taxonomy":"category","embeddable":true,"href":"https:\/\/jososabadell.cat\/es\/wp-json\/wp\/v2\/categories?post=380"},{"taxonomy":"post_tag","embeddable":true,"href":"https:\/\/jososabadell.cat\/es\/wp-json\/wp\/v2\/tags?post=380"}],"curies":[{"name":"wp","href":"https:\/\/api.w.org\/{rel}","templated":true}]}}