{"id":389,"date":"2010-09-22T17:52:00","date_gmt":"2010-09-22T15:52:00","guid":{"rendered":"http:\/\/jososabadell.cat\/2010\/09\/22\/oportunitat-la-aventura-grafica\/"},"modified":"2018-04-13T15:03:02","modified_gmt":"2018-04-13T13:03:02","slug":"oportunitat-la-aventura-grafica","status":"publish","type":"post","link":"https:\/\/jososabadell.cat\/es\/2010\/09\/22\/oportunitat-la-aventura-grafica\/","title":{"rendered":"OPORTUNITAT ! &#8220;LA AVENTURA GR\u00c1FICA&#8221;."},"content":{"rendered":"<p><a href=\"http:\/\/2.bp.blogspot.com\/_tkQIW00FXMc\/TJoowKF1_gI\/AAAAAAAAANE\/kBmaEclvh7I\/s1600\/sinfoniagraf.jpg\" data-rel=\"lightbox-image-0\" data-rl_title=\"\" data-rl_caption=\"\" title=\"\"><img decoding=\"async\" style=\"TEXT-ALIGN: center; MARGIN: 0px auto 10px; WIDTH: 273px; DISPLAY: block; HEIGHT: 400px; CURSOR: hand\" id=\"BLOGGER_PHOTO_ID_5519769101103660546\" border=\"0\" alt=\"\" src=\"http:\/\/2.bp.blogspot.com\/_tkQIW00FXMc\/TJoowKF1_gI\/AAAAAAAAANE\/kBmaEclvh7I\/s400\/sinfoniagraf.jpg\" \/><\/a><\/p>\n<div><a href=\"http:\/\/1.bp.blogspot.com\/_tkQIW00FXMc\/TJonpETYb_I\/AAAAAAAAAM8\/ZMjUsP-iP1I\/s1600\/sinfonia+grafica.bmp\" data-rel=\"lightbox-image-1\" data-rl_title=\"\" data-rl_caption=\"\" title=\"\"><\/a><\/p>\n<p><\/p>\n<div> El nostre alumne <strong>MIQUEL \u00c0NGEL CLAVERIA<\/strong> ens informa sobre la gran oportunitat d&#8217; adquirir un gran llibre que parla sobre la teoria del c\u00f2mic: <strong>LA AVENTURA GR\u00c1FICA, <\/strong>obra<strong> <\/strong>de Segio Garc\u00eda.<\/div>\n<div> El podeu torbar en un preu d&#8217; oferta sobre 4 \u20ac a la llibreria <strong>CONTINUAR\u00c0<\/strong> a<strong> Via Laietana 29<\/strong>.<\/div>\n<div> No us ho perdeu. Val la pena hi ha una bona pila i esperem que la feu desapar\u00e8ixer vosaltres.<\/div>\n<\/div>","protected":false},"excerpt":{"rendered":"<p>El nostre alumne MIQUEL \u00c0NGEL CLAVERIA ens informa sobre la gran oportunitat d&#8217; adquirir un gran llibre que parla sobre la teoria del c\u00f2mic: LA AVENTURA GR\u00c1FICA, obra de Segio Garc\u00eda. El podeu torbar en un preu d&#8217; oferta sobre 4 \u20ac a la llibreria CONTINUAR\u00c0 a Via Laietana 29. No us ho perdeu. Val [&hellip;]<\/p>\n","protected":false},"author":2,"featured_media":0,"comment_status":"open","ping_status":"open","sticky":false,"template":"","format":"standard","meta":{"_monsterinsights_skip_tracking":false,"_monsterinsights_sitenote_active":false,"_monsterinsights_sitenote_note":"","_monsterinsights_sitenote_category":0,"footnotes":""},"categories":[1],"tags":[],"class_list":["post-389","post","type-post","status-publish","format-standard","hentry","category-general"],"yoast_head":"<!-- This site is optimized with the Yoast SEO plugin v25.6 - https:\/\/yoast.com\/wordpress\/plugins\/seo\/ -->\n<title>OPORTUNITAT ! &quot;LA AVENTURA GR\u00c1FICA&quot;. - Escola Joso Sabadell<\/title>\n<meta name=\"robots\" content=\"index, follow, max-snippet:-1, max-image-preview:large, max-video-preview:-1\" \/>\n<link rel=\"canonical\" href=\"https:\/\/jososabadell.cat\/es\/2010\/09\/22\/oportunitat-la-aventura-grafica\/\" \/>\n<meta property=\"og:locale\" content=\"es_ES\" \/>\n<meta property=\"og:type\" content=\"article\" \/>\n<meta property=\"og:title\" content=\"OPORTUNITAT ! &quot;LA AVENTURA GR\u00c1FICA&quot;. - Escola Joso Sabadell\" \/>\n<meta property=\"og:description\" content=\"El nostre alumne MIQUEL \u00c0NGEL CLAVERIA ens informa sobre la gran oportunitat d&#8217; adquirir un gran llibre que parla sobre la teoria del c\u00f2mic: LA AVENTURA GR\u00c1FICA, obra de Segio Garc\u00eda. El podeu torbar en un preu d&#8217; oferta sobre 4 \u20ac a la llibreria CONTINUAR\u00c0 a Via Laietana 29. No us ho perdeu. Val [&hellip;]\" \/>\n<meta property=\"og:url\" content=\"https:\/\/jososabadell.cat\/es\/2010\/09\/22\/oportunitat-la-aventura-grafica\/\" \/>\n<meta property=\"og:site_name\" content=\"Escola Joso Sabadell\" \/>\n<meta property=\"article:publisher\" content=\"https:\/\/www.facebook.com\/escolajososabadell\/\" \/>\n<meta property=\"article:published_time\" content=\"2010-09-22T15:52:00+00:00\" \/>\n<meta property=\"article:modified_time\" content=\"2018-04-13T13:03:02+00:00\" \/>\n<meta property=\"og:image\" content=\"http:\/\/2.bp.blogspot.com\/_tkQIW00FXMc\/TJoowKF1_gI\/AAAAAAAAANE\/kBmaEclvh7I\/s400\/sinfoniagraf.jpg\" \/>\n<meta name=\"author\" content=\"Joso Sabadell\" \/>\n<meta name=\"twitter:card\" content=\"summary_large_image\" \/>\n<meta name=\"twitter:creator\" content=\"@EscolaJosoSbd\" \/>\n<meta name=\"twitter:site\" content=\"@EscolaJosoSbd\" \/>\n<meta name=\"twitter:label1\" content=\"Escrito por\" \/>\n\t<meta name=\"twitter:data1\" content=\"Joso Sabadell\" \/>\n<script type=\"application\/ld+json\" class=\"yoast-schema-graph\">{\"@context\":\"https:\/\/schema.org\",\"@graph\":[{\"@type\":\"WebPage\",\"@id\":\"https:\/\/jososabadell.cat\/2010\/09\/22\/oportunitat-la-aventura-grafica\/\",\"url\":\"https:\/\/jososabadell.cat\/2010\/09\/22\/oportunitat-la-aventura-grafica\/\",\"name\":\"OPORTUNITAT ! \\\"LA AVENTURA GR\u00c1FICA\\\". - Escola Joso Sabadell\",\"isPartOf\":{\"@id\":\"https:\/\/jososabadell.cat\/#website\"},\"primaryImageOfPage\":{\"@id\":\"https:\/\/jososabadell.cat\/2010\/09\/22\/oportunitat-la-aventura-grafica\/#primaryimage\"},\"image\":{\"@id\":\"https:\/\/jososabadell.cat\/2010\/09\/22\/oportunitat-la-aventura-grafica\/#primaryimage\"},\"thumbnailUrl\":\"http:\/\/2.bp.blogspot.com\/_tkQIW00FXMc\/TJoowKF1_gI\/AAAAAAAAANE\/kBmaEclvh7I\/s400\/sinfoniagraf.jpg\",\"datePublished\":\"2010-09-22T15:52:00+00:00\",\"dateModified\":\"2018-04-13T13:03:02+00:00\",\"author\":{\"@id\":\"https:\/\/jososabadell.cat\/#\/schema\/person\/233e57003be70aa898d35bfb3ee0fb72\"},\"breadcrumb\":{\"@id\":\"https:\/\/jososabadell.cat\/2010\/09\/22\/oportunitat-la-aventura-grafica\/#breadcrumb\"},\"inLanguage\":\"es\",\"potentialAction\":[{\"@type\":\"ReadAction\",\"target\":[\"https:\/\/jososabadell.cat\/2010\/09\/22\/oportunitat-la-aventura-grafica\/\"]}]},{\"@type\":\"ImageObject\",\"inLanguage\":\"es\",\"@id\":\"https:\/\/jososabadell.cat\/2010\/09\/22\/oportunitat-la-aventura-grafica\/#primaryimage\",\"url\":\"http:\/\/2.bp.blogspot.com\/_tkQIW00FXMc\/TJoowKF1_gI\/AAAAAAAAANE\/kBmaEclvh7I\/s400\/sinfoniagraf.jpg\",\"contentUrl\":\"http:\/\/2.bp.blogspot.com\/_tkQIW00FXMc\/TJoowKF1_gI\/AAAAAAAAANE\/kBmaEclvh7I\/s400\/sinfoniagraf.jpg\"},{\"@type\":\"BreadcrumbList\",\"@id\":\"https:\/\/jososabadell.cat\/2010\/09\/22\/oportunitat-la-aventura-grafica\/#breadcrumb\",\"itemListElement\":[{\"@type\":\"ListItem\",\"position\":1,\"name\":\"Inici\",\"item\":\"https:\/\/jososabadell.cat\/\"},{\"@type\":\"ListItem\",\"position\":2,\"name\":\"OPORTUNITAT ! &#8220;LA AVENTURA GR\u00c1FICA&#8221;.\"}]},{\"@type\":\"WebSite\",\"@id\":\"https:\/\/jososabadell.cat\/#website\",\"url\":\"https:\/\/jososabadell.cat\/\",\"name\":\"Escola Joso Sabadell\",\"description\":\"\",\"potentialAction\":[{\"@type\":\"SearchAction\",\"target\":{\"@type\":\"EntryPoint\",\"urlTemplate\":\"https:\/\/jososabadell.cat\/?s={search_term_string}\"},\"query-input\":{\"@type\":\"PropertyValueSpecification\",\"valueRequired\":true,\"valueName\":\"search_term_string\"}}],\"inLanguage\":\"es\"},{\"@type\":\"Person\",\"@id\":\"https:\/\/jososabadell.cat\/#\/schema\/person\/233e57003be70aa898d35bfb3ee0fb72\",\"name\":\"Joso Sabadell\",\"image\":{\"@type\":\"ImageObject\",\"inLanguage\":\"es\",\"@id\":\"https:\/\/jososabadell.cat\/#\/schema\/person\/image\/\",\"url\":\"https:\/\/secure.gravatar.com\/avatar\/5aa9d058168d026c6f8d651849c8cf5d?s=96&d=mm&r=g\",\"contentUrl\":\"https:\/\/secure.gravatar.com\/avatar\/5aa9d058168d026c6f8d651849c8cf5d?s=96&d=mm&r=g\",\"caption\":\"Joso Sabadell\"},\"sameAs\":[\"http:\/\/jososabadell.cat\"]}]}<\/script>\n<!-- \/ Yoast SEO plugin. -->","yoast_head_json":{"title":"OPORTUNITAT ! \"LA AVENTURA GR\u00c1FICA\". - Escola Joso Sabadell","robots":{"index":"index","follow":"follow","max-snippet":"max-snippet:-1","max-image-preview":"max-image-preview:large","max-video-preview":"max-video-preview:-1"},"canonical":"https:\/\/jososabadell.cat\/es\/2010\/09\/22\/oportunitat-la-aventura-grafica\/","og_locale":"es_ES","og_type":"article","og_title":"OPORTUNITAT ! \"LA AVENTURA GR\u00c1FICA\". - Escola Joso Sabadell","og_description":"El nostre alumne MIQUEL \u00c0NGEL CLAVERIA ens informa sobre la gran oportunitat d&#8217; adquirir un gran llibre que parla sobre la teoria del c\u00f2mic: LA AVENTURA GR\u00c1FICA, obra de Segio Garc\u00eda. El podeu torbar en un preu d&#8217; oferta sobre 4 \u20ac a la llibreria CONTINUAR\u00c0 a Via Laietana 29. No us ho perdeu. Val [&hellip;]","og_url":"https:\/\/jososabadell.cat\/es\/2010\/09\/22\/oportunitat-la-aventura-grafica\/","og_site_name":"Escola Joso Sabadell","article_publisher":"https:\/\/www.facebook.com\/escolajososabadell\/","article_published_time":"2010-09-22T15:52:00+00:00","article_modified_time":"2018-04-13T13:03:02+00:00","og_image":[{"url":"http:\/\/2.bp.blogspot.com\/_tkQIW00FXMc\/TJoowKF1_gI\/AAAAAAAAANE\/kBmaEclvh7I\/s400\/sinfoniagraf.jpg","type":"","width":"","height":""}],"author":"Joso Sabadell","twitter_card":"summary_large_image","twitter_creator":"@EscolaJosoSbd","twitter_site":"@EscolaJosoSbd","twitter_misc":{"Escrito por":"Joso Sabadell"},"schema":{"@context":"https:\/\/schema.org","@graph":[{"@type":"WebPage","@id":"https:\/\/jososabadell.cat\/2010\/09\/22\/oportunitat-la-aventura-grafica\/","url":"https:\/\/jososabadell.cat\/2010\/09\/22\/oportunitat-la-aventura-grafica\/","name":"OPORTUNITAT ! \"LA AVENTURA GR\u00c1FICA\". - Escola Joso Sabadell","isPartOf":{"@id":"https:\/\/jososabadell.cat\/#website"},"primaryImageOfPage":{"@id":"https:\/\/jososabadell.cat\/2010\/09\/22\/oportunitat-la-aventura-grafica\/#primaryimage"},"image":{"@id":"https:\/\/jososabadell.cat\/2010\/09\/22\/oportunitat-la-aventura-grafica\/#primaryimage"},"thumbnailUrl":"http:\/\/2.bp.blogspot.com\/_tkQIW00FXMc\/TJoowKF1_gI\/AAAAAAAAANE\/kBmaEclvh7I\/s400\/sinfoniagraf.jpg","datePublished":"2010-09-22T15:52:00+00:00","dateModified":"2018-04-13T13:03:02+00:00","author":{"@id":"https:\/\/jososabadell.cat\/#\/schema\/person\/233e57003be70aa898d35bfb3ee0fb72"},"breadcrumb":{"@id":"https:\/\/jososabadell.cat\/2010\/09\/22\/oportunitat-la-aventura-grafica\/#breadcrumb"},"inLanguage":"es","potentialAction":[{"@type":"ReadAction","target":["https:\/\/jososabadell.cat\/2010\/09\/22\/oportunitat-la-aventura-grafica\/"]}]},{"@type":"ImageObject","inLanguage":"es","@id":"https:\/\/jososabadell.cat\/2010\/09\/22\/oportunitat-la-aventura-grafica\/#primaryimage","url":"http:\/\/2.bp.blogspot.com\/_tkQIW00FXMc\/TJoowKF1_gI\/AAAAAAAAANE\/kBmaEclvh7I\/s400\/sinfoniagraf.jpg","contentUrl":"http:\/\/2.bp.blogspot.com\/_tkQIW00FXMc\/TJoowKF1_gI\/AAAAAAAAANE\/kBmaEclvh7I\/s400\/sinfoniagraf.jpg"},{"@type":"BreadcrumbList","@id":"https:\/\/jososabadell.cat\/2010\/09\/22\/oportunitat-la-aventura-grafica\/#breadcrumb","itemListElement":[{"@type":"ListItem","position":1,"name":"Inici","item":"https:\/\/jososabadell.cat\/"},{"@type":"ListItem","position":2,"name":"OPORTUNITAT ! &#8220;LA AVENTURA GR\u00c1FICA&#8221;."}]},{"@type":"WebSite","@id":"https:\/\/jososabadell.cat\/#website","url":"https:\/\/jososabadell.cat\/","name":"&nbsp;Escola Joso Sabadell","description":"","potentialAction":[{"@type":"SearchAction","target":{"@type":"EntryPoint","urlTemplate":"https:\/\/jososabadell.cat\/?s={search_term_string}"},"query-input":{"@type":"PropertyValueSpecification","valueRequired":true,"valueName":"search_term_string"}}],"inLanguage":"es"},{"@type":"Person","@id":"https:\/\/jososabadell.cat\/#\/schema\/person\/233e57003be70aa898d35bfb3ee0fb72","name":"Joso Sabadell","image":{"@type":"ImageObject","inLanguage":"es","@id":"https:\/\/jososabadell.cat\/#\/schema\/person\/image\/","url":"https:\/\/secure.gravatar.com\/avatar\/5aa9d058168d026c6f8d651849c8cf5d?s=96&d=mm&r=g","contentUrl":"https:\/\/secure.gravatar.com\/avatar\/5aa9d058168d026c6f8d651849c8cf5d?s=96&d=mm&r=g","caption":"Joso Sabadell"},"sameAs":["http:\/\/jososabadell.cat"]}]}},"_links":{"self":[{"href":"https:\/\/jososabadell.cat\/es\/wp-json\/wp\/v2\/posts\/389"}],"collection":[{"href":"https:\/\/jososabadell.cat\/es\/wp-json\/wp\/v2\/posts"}],"about":[{"href":"https:\/\/jososabadell.cat\/es\/wp-json\/wp\/v2\/types\/post"}],"author":[{"embeddable":true,"href":"https:\/\/jososabadell.cat\/es\/wp-json\/wp\/v2\/users\/2"}],"replies":[{"embeddable":true,"href":"https:\/\/jososabadell.cat\/es\/wp-json\/wp\/v2\/comments?post=389"}],"version-history":[{"count":1,"href":"https:\/\/jososabadell.cat\/es\/wp-json\/wp\/v2\/posts\/389\/revisions"}],"predecessor-version":[{"id":825,"href":"https:\/\/jososabadell.cat\/es\/wp-json\/wp\/v2\/posts\/389\/revisions\/825"}],"wp:attachment":[{"href":"https:\/\/jososabadell.cat\/es\/wp-json\/wp\/v2\/media?parent=389"}],"wp:term":[{"taxonomy":"category","embeddable":true,"href":"https:\/\/jososabadell.cat\/es\/wp-json\/wp\/v2\/categories?post=389"},{"taxonomy":"post_tag","embeddable":true,"href":"https:\/\/jososabadell.cat\/es\/wp-json\/wp\/v2\/tags?post=389"}],"curies":[{"name":"wp","href":"https:\/\/api.w.org\/{rel}","templated":true}]}}