{"id":394,"date":"2010-06-23T11:01:00","date_gmt":"2010-06-23T09:01:00","guid":{"rendered":"http:\/\/jososabadell.cat\/2010\/06\/23\/40-principales\/"},"modified":"2018-04-13T15:03:03","modified_gmt":"2018-04-13T13:03:03","slug":"40-principales","status":"publish","type":"post","link":"https:\/\/jososabadell.cat\/es\/2010\/06\/23\/40-principales\/","title":{"rendered":"40 PRINCIPALES."},"content":{"rendered":"<p><a href=\"http:\/\/4.bp.blogspot.com\/_tkQIW00FXMc\/TDIGByJoWAI\/AAAAAAAAAMM\/zIUQDzfec7k\/s1600\/Imagen+001.jpg\" data-rel=\"lightbox-image-0\" data-rl_title=\"\" data-rl_caption=\"\" title=\"\"><img decoding=\"async\" style=\"TEXT-ALIGN: center; MARGIN: 0px auto 10px; WIDTH: 400px; DISPLAY: block; HEIGHT: 300px; CURSOR: hand\" id=\"BLOGGER_PHOTO_ID_5490457523429857282\" border=\"0\" alt=\"\" src=\"http:\/\/4.bp.blogspot.com\/_tkQIW00FXMc\/TDIGByJoWAI\/AAAAAAAAAMM\/zIUQDzfec7k\/s400\/Imagen+001.jpg\" \/><\/a><\/p>\n<div>A l&#8217; Escola Joso Sabadell tenim una din\u00e0mica que \u00e9s la seg\u00fcent: als cursos, de cada mat\u00e9ria o t\u00e9cnica explicada, es fa un exercici pr\u00e0ctic, (es da dir, un dibuix o il\u00b7lustraci\u00f3), despr\u00e9s, de forma democr\u00e0tica entre tots els alumnes d&#8217; aquella mateixa classe, es fa una votaci\u00f3 sobre quin dels treballs \u00e9s el que m\u00e9s agrada a tots. Aquests treballs selccionats es penjen al plaf\u00f3 que hi ha a la recepci\u00f3 del centre a la vista de la resta de tots els companys de l&#8217; escola o de les visites. D&#8217; aquesta manera es fomenta l&#8217; orgull de ser l&#8217; escollit i expossat i de pas, tothom, te una idea de qu\u00e9 es fa i quin \u00e9s el contingut de la resta de cursos.<br \/>No s\u00f3n <strong>40<\/strong>, per\u00f2 s\u00ed que aquests s\u00f3n el nostres <strong>principals<\/strong>, (els alumnes de cada curs que han aconseguit penjar m\u00e9s treballs durant aquest curs 2009-2010):<br \/><strong>-C\u00d2MIC-MANGA INFANTIL: MART\u00cd MADAULA.<\/strong><br \/><strong>-C\u00d2MIC-MANGA 1er. (ES): ROGER SURROCA.<\/strong><br \/><strong>-C\u00d2MIC-MANGA 1er. (CS): HAYD\u00c9E ADOLPHS.<\/strong><br \/><strong>-C\u00d2MIC-MANGA 2on.: ALBA PRIETO.<\/strong><br \/><strong>-C\u00d2MIC-MANGA 3er.: JAUME VALL.<\/strong><br \/><strong>-C\u00d2MIC-MANGA 4art. + IL\u00b7LUSTRACI\u00d3: ELADIO NARANJO.<\/strong><br \/><strong>-MANGA INFANTIL + MANGA: HELENA FONT.<\/strong><\/div>","protected":false},"excerpt":{"rendered":"<p>A l&#8217; Escola Joso Sabadell tenim una din\u00e0mica que \u00e9s la seg\u00fcent: als cursos, de cada mat\u00e9ria o t\u00e9cnica explicada, es fa un exercici pr\u00e0ctic, (es da dir, un dibuix o il\u00b7lustraci\u00f3), despr\u00e9s, de forma democr\u00e0tica entre tots els alumnes d&#8217; aquella mateixa classe, es fa una votaci\u00f3 sobre quin dels treballs \u00e9s el que [&hellip;]<\/p>\n","protected":false},"author":2,"featured_media":0,"comment_status":"open","ping_status":"open","sticky":false,"template":"","format":"standard","meta":{"_monsterinsights_skip_tracking":false,"_monsterinsights_sitenote_active":false,"_monsterinsights_sitenote_note":"","_monsterinsights_sitenote_category":0,"footnotes":""},"categories":[1],"tags":[],"class_list":["post-394","post","type-post","status-publish","format-standard","hentry","category-general"],"yoast_head":"<!-- This site is optimized with the Yoast SEO plugin v25.6 - https:\/\/yoast.com\/wordpress\/plugins\/seo\/ -->\n<title>40 PRINCIPALES. - Escola Joso Sabadell<\/title>\n<meta name=\"robots\" content=\"index, follow, max-snippet:-1, max-image-preview:large, max-video-preview:-1\" \/>\n<link rel=\"canonical\" href=\"https:\/\/jososabadell.cat\/es\/2010\/06\/23\/40-principales\/\" \/>\n<meta property=\"og:locale\" content=\"es_ES\" \/>\n<meta property=\"og:type\" content=\"article\" \/>\n<meta property=\"og:title\" content=\"40 PRINCIPALES. - Escola Joso Sabadell\" \/>\n<meta property=\"og:description\" content=\"A l&#8217; Escola Joso Sabadell tenim una din\u00e0mica que \u00e9s la seg\u00fcent: als cursos, de cada mat\u00e9ria o t\u00e9cnica explicada, es fa un exercici pr\u00e0ctic, (es da dir, un dibuix o il\u00b7lustraci\u00f3), despr\u00e9s, de forma democr\u00e0tica entre tots els alumnes d&#8217; aquella mateixa classe, es fa una votaci\u00f3 sobre quin dels treballs \u00e9s el que [&hellip;]\" \/>\n<meta property=\"og:url\" content=\"https:\/\/jososabadell.cat\/es\/2010\/06\/23\/40-principales\/\" \/>\n<meta property=\"og:site_name\" content=\"Escola Joso Sabadell\" \/>\n<meta property=\"article:publisher\" content=\"https:\/\/www.facebook.com\/escolajososabadell\/\" \/>\n<meta property=\"article:published_time\" content=\"2010-06-23T09:01:00+00:00\" \/>\n<meta property=\"article:modified_time\" content=\"2018-04-13T13:03:03+00:00\" \/>\n<meta property=\"og:image\" content=\"http:\/\/4.bp.blogspot.com\/_tkQIW00FXMc\/TDIGByJoWAI\/AAAAAAAAAMM\/zIUQDzfec7k\/s400\/Imagen+001.jpg\" \/>\n<meta name=\"author\" content=\"Joso Sabadell\" \/>\n<meta name=\"twitter:card\" content=\"summary_large_image\" \/>\n<meta name=\"twitter:creator\" content=\"@EscolaJosoSbd\" \/>\n<meta name=\"twitter:site\" content=\"@EscolaJosoSbd\" \/>\n<meta name=\"twitter:label1\" content=\"Escrito por\" \/>\n\t<meta name=\"twitter:data1\" content=\"Joso Sabadell\" \/>\n\t<meta name=\"twitter:label2\" content=\"Tiempo de lectura\" \/>\n\t<meta name=\"twitter:data2\" content=\"1 minuto\" \/>\n<script type=\"application\/ld+json\" class=\"yoast-schema-graph\">{\"@context\":\"https:\/\/schema.org\",\"@graph\":[{\"@type\":\"WebPage\",\"@id\":\"https:\/\/jososabadell.cat\/es\/2010\/06\/23\/40-principales\/\",\"url\":\"https:\/\/jososabadell.cat\/es\/2010\/06\/23\/40-principales\/\",\"name\":\"40 PRINCIPALES. - Escola Joso Sabadell\",\"isPartOf\":{\"@id\":\"https:\/\/jososabadell.cat\/#website\"},\"primaryImageOfPage\":{\"@id\":\"https:\/\/jososabadell.cat\/es\/2010\/06\/23\/40-principales\/#primaryimage\"},\"image\":{\"@id\":\"https:\/\/jososabadell.cat\/es\/2010\/06\/23\/40-principales\/#primaryimage\"},\"thumbnailUrl\":\"http:\/\/4.bp.blogspot.com\/_tkQIW00FXMc\/TDIGByJoWAI\/AAAAAAAAAMM\/zIUQDzfec7k\/s400\/Imagen+001.jpg\",\"datePublished\":\"2010-06-23T09:01:00+00:00\",\"dateModified\":\"2018-04-13T13:03:03+00:00\",\"author\":{\"@id\":\"https:\/\/jososabadell.cat\/#\/schema\/person\/233e57003be70aa898d35bfb3ee0fb72\"},\"breadcrumb\":{\"@id\":\"https:\/\/jososabadell.cat\/es\/2010\/06\/23\/40-principales\/#breadcrumb\"},\"inLanguage\":\"es\",\"potentialAction\":[{\"@type\":\"ReadAction\",\"target\":[\"https:\/\/jososabadell.cat\/es\/2010\/06\/23\/40-principales\/\"]}]},{\"@type\":\"ImageObject\",\"inLanguage\":\"es\",\"@id\":\"https:\/\/jososabadell.cat\/es\/2010\/06\/23\/40-principales\/#primaryimage\",\"url\":\"http:\/\/4.bp.blogspot.com\/_tkQIW00FXMc\/TDIGByJoWAI\/AAAAAAAAAMM\/zIUQDzfec7k\/s400\/Imagen+001.jpg\",\"contentUrl\":\"http:\/\/4.bp.blogspot.com\/_tkQIW00FXMc\/TDIGByJoWAI\/AAAAAAAAAMM\/zIUQDzfec7k\/s400\/Imagen+001.jpg\"},{\"@type\":\"BreadcrumbList\",\"@id\":\"https:\/\/jososabadell.cat\/es\/2010\/06\/23\/40-principales\/#breadcrumb\",\"itemListElement\":[{\"@type\":\"ListItem\",\"position\":1,\"name\":\"Inici\",\"item\":\"https:\/\/jososabadell.cat\/\"},{\"@type\":\"ListItem\",\"position\":2,\"name\":\"40 PRINCIPALES.\"}]},{\"@type\":\"WebSite\",\"@id\":\"https:\/\/jososabadell.cat\/#website\",\"url\":\"https:\/\/jososabadell.cat\/\",\"name\":\"Escola Joso Sabadell\",\"description\":\"\",\"potentialAction\":[{\"@type\":\"SearchAction\",\"target\":{\"@type\":\"EntryPoint\",\"urlTemplate\":\"https:\/\/jososabadell.cat\/?s={search_term_string}\"},\"query-input\":{\"@type\":\"PropertyValueSpecification\",\"valueRequired\":true,\"valueName\":\"search_term_string\"}}],\"inLanguage\":\"es\"},{\"@type\":\"Person\",\"@id\":\"https:\/\/jososabadell.cat\/#\/schema\/person\/233e57003be70aa898d35bfb3ee0fb72\",\"name\":\"Joso Sabadell\",\"image\":{\"@type\":\"ImageObject\",\"inLanguage\":\"es\",\"@id\":\"https:\/\/jososabadell.cat\/#\/schema\/person\/image\/\",\"url\":\"https:\/\/secure.gravatar.com\/avatar\/5aa9d058168d026c6f8d651849c8cf5d?s=96&d=mm&r=g\",\"contentUrl\":\"https:\/\/secure.gravatar.com\/avatar\/5aa9d058168d026c6f8d651849c8cf5d?s=96&d=mm&r=g\",\"caption\":\"Joso Sabadell\"},\"sameAs\":[\"http:\/\/jososabadell.cat\"]}]}<\/script>\n<!-- \/ Yoast SEO plugin. -->","yoast_head_json":{"title":"40 PRINCIPALES. - Escola Joso Sabadell","robots":{"index":"index","follow":"follow","max-snippet":"max-snippet:-1","max-image-preview":"max-image-preview:large","max-video-preview":"max-video-preview:-1"},"canonical":"https:\/\/jososabadell.cat\/es\/2010\/06\/23\/40-principales\/","og_locale":"es_ES","og_type":"article","og_title":"40 PRINCIPALES. - Escola Joso Sabadell","og_description":"A l&#8217; Escola Joso Sabadell tenim una din\u00e0mica que \u00e9s la seg\u00fcent: als cursos, de cada mat\u00e9ria o t\u00e9cnica explicada, es fa un exercici pr\u00e0ctic, (es da dir, un dibuix o il\u00b7lustraci\u00f3), despr\u00e9s, de forma democr\u00e0tica entre tots els alumnes d&#8217; aquella mateixa classe, es fa una votaci\u00f3 sobre quin dels treballs \u00e9s el que [&hellip;]","og_url":"https:\/\/jososabadell.cat\/es\/2010\/06\/23\/40-principales\/","og_site_name":"Escola Joso Sabadell","article_publisher":"https:\/\/www.facebook.com\/escolajososabadell\/","article_published_time":"2010-06-23T09:01:00+00:00","article_modified_time":"2018-04-13T13:03:03+00:00","og_image":[{"url":"http:\/\/4.bp.blogspot.com\/_tkQIW00FXMc\/TDIGByJoWAI\/AAAAAAAAAMM\/zIUQDzfec7k\/s400\/Imagen+001.jpg","type":"","width":"","height":""}],"author":"Joso Sabadell","twitter_card":"summary_large_image","twitter_creator":"@EscolaJosoSbd","twitter_site":"@EscolaJosoSbd","twitter_misc":{"Escrito por":"Joso Sabadell","Tiempo de lectura":"1 minuto"},"schema":{"@context":"https:\/\/schema.org","@graph":[{"@type":"WebPage","@id":"https:\/\/jososabadell.cat\/es\/2010\/06\/23\/40-principales\/","url":"https:\/\/jososabadell.cat\/es\/2010\/06\/23\/40-principales\/","name":"40 PRINCIPALES. - Escola Joso Sabadell","isPartOf":{"@id":"https:\/\/jososabadell.cat\/#website"},"primaryImageOfPage":{"@id":"https:\/\/jososabadell.cat\/es\/2010\/06\/23\/40-principales\/#primaryimage"},"image":{"@id":"https:\/\/jososabadell.cat\/es\/2010\/06\/23\/40-principales\/#primaryimage"},"thumbnailUrl":"http:\/\/4.bp.blogspot.com\/_tkQIW00FXMc\/TDIGByJoWAI\/AAAAAAAAAMM\/zIUQDzfec7k\/s400\/Imagen+001.jpg","datePublished":"2010-06-23T09:01:00+00:00","dateModified":"2018-04-13T13:03:03+00:00","author":{"@id":"https:\/\/jososabadell.cat\/#\/schema\/person\/233e57003be70aa898d35bfb3ee0fb72"},"breadcrumb":{"@id":"https:\/\/jososabadell.cat\/es\/2010\/06\/23\/40-principales\/#breadcrumb"},"inLanguage":"es","potentialAction":[{"@type":"ReadAction","target":["https:\/\/jososabadell.cat\/es\/2010\/06\/23\/40-principales\/"]}]},{"@type":"ImageObject","inLanguage":"es","@id":"https:\/\/jososabadell.cat\/es\/2010\/06\/23\/40-principales\/#primaryimage","url":"http:\/\/4.bp.blogspot.com\/_tkQIW00FXMc\/TDIGByJoWAI\/AAAAAAAAAMM\/zIUQDzfec7k\/s400\/Imagen+001.jpg","contentUrl":"http:\/\/4.bp.blogspot.com\/_tkQIW00FXMc\/TDIGByJoWAI\/AAAAAAAAAMM\/zIUQDzfec7k\/s400\/Imagen+001.jpg"},{"@type":"BreadcrumbList","@id":"https:\/\/jososabadell.cat\/es\/2010\/06\/23\/40-principales\/#breadcrumb","itemListElement":[{"@type":"ListItem","position":1,"name":"Inici","item":"https:\/\/jososabadell.cat\/"},{"@type":"ListItem","position":2,"name":"40 PRINCIPALES."}]},{"@type":"WebSite","@id":"https:\/\/jososabadell.cat\/#website","url":"https:\/\/jososabadell.cat\/","name":"&nbsp;Escola Joso Sabadell","description":"","potentialAction":[{"@type":"SearchAction","target":{"@type":"EntryPoint","urlTemplate":"https:\/\/jososabadell.cat\/?s={search_term_string}"},"query-input":{"@type":"PropertyValueSpecification","valueRequired":true,"valueName":"search_term_string"}}],"inLanguage":"es"},{"@type":"Person","@id":"https:\/\/jososabadell.cat\/#\/schema\/person\/233e57003be70aa898d35bfb3ee0fb72","name":"Joso Sabadell","image":{"@type":"ImageObject","inLanguage":"es","@id":"https:\/\/jososabadell.cat\/#\/schema\/person\/image\/","url":"https:\/\/secure.gravatar.com\/avatar\/5aa9d058168d026c6f8d651849c8cf5d?s=96&d=mm&r=g","contentUrl":"https:\/\/secure.gravatar.com\/avatar\/5aa9d058168d026c6f8d651849c8cf5d?s=96&d=mm&r=g","caption":"Joso Sabadell"},"sameAs":["http:\/\/jososabadell.cat"]}]}},"_links":{"self":[{"href":"https:\/\/jososabadell.cat\/es\/wp-json\/wp\/v2\/posts\/394"}],"collection":[{"href":"https:\/\/jososabadell.cat\/es\/wp-json\/wp\/v2\/posts"}],"about":[{"href":"https:\/\/jososabadell.cat\/es\/wp-json\/wp\/v2\/types\/post"}],"author":[{"embeddable":true,"href":"https:\/\/jososabadell.cat\/es\/wp-json\/wp\/v2\/users\/2"}],"replies":[{"embeddable":true,"href":"https:\/\/jososabadell.cat\/es\/wp-json\/wp\/v2\/comments?post=394"}],"version-history":[{"count":1,"href":"https:\/\/jososabadell.cat\/es\/wp-json\/wp\/v2\/posts\/394\/revisions"}],"predecessor-version":[{"id":830,"href":"https:\/\/jososabadell.cat\/es\/wp-json\/wp\/v2\/posts\/394\/revisions\/830"}],"wp:attachment":[{"href":"https:\/\/jososabadell.cat\/es\/wp-json\/wp\/v2\/media?parent=394"}],"wp:term":[{"taxonomy":"category","embeddable":true,"href":"https:\/\/jososabadell.cat\/es\/wp-json\/wp\/v2\/categories?post=394"},{"taxonomy":"post_tag","embeddable":true,"href":"https:\/\/jososabadell.cat\/es\/wp-json\/wp\/v2\/tags?post=394"}],"curies":[{"name":"wp","href":"https:\/\/api.w.org\/{rel}","templated":true}]}}