{"id":398,"date":"2010-05-26T17:11:00","date_gmt":"2010-05-26T15:11:00","guid":{"rendered":"http:\/\/jososabadell.cat\/2010\/05\/26\/huevos-de-kratos-3-i-debut-del-cara-b\/"},"modified":"2018-04-13T15:03:03","modified_gmt":"2018-04-13T13:03:03","slug":"huevos-de-kratos-3-i-debut-del-cara-b","status":"publish","type":"post","link":"https:\/\/jososabadell.cat\/es\/2010\/05\/26\/huevos-de-kratos-3-i-debut-del-cara-b\/","title":{"rendered":"&#8220;HUEVOS DE KRATOS&#8221; # 3 I DEBUT DEL &#8220;CARA B&#8221;."},"content":{"rendered":"<p><a href=\"http:\/\/4.bp.blogspot.com\/_tkQIW00FXMc\/S_5CQVh6s1I\/AAAAAAAAALE\/mpfxb2l4HH4\/s1600\/DSC_0496.JPG\" data-rel=\"lightbox-image-0\" data-rl_title=\"\" data-rl_caption=\"\" title=\"\"><img decoding=\"async\" style=\"TEXT-ALIGN: center; MARGIN: 0px auto 10px; WIDTH: 400px; DISPLAY: block; HEIGHT: 266px; CURSOR: hand\" id=\"BLOGGER_PHOTO_ID_5475887045353845586\" border=\"0\" alt=\"\" src=\"http:\/\/4.bp.blogspot.com\/_tkQIW00FXMc\/S_5CQVh6s1I\/AAAAAAAAALE\/mpfxb2l4HH4\/s400\/DSC_0496.JPG\" \/><\/a><\/p>\n<div><a href=\"http:\/\/4.bp.blogspot.com\/_tkQIW00FXMc\/S_09xuXGd3I\/AAAAAAAAAKs\/By4Yr1xJvA8\/s1600\/DSC03316.JPG\" data-rel=\"lightbox-image-1\" data-rl_title=\"\" data-rl_caption=\"\" title=\"\"><img decoding=\"async\" style=\"TEXT-ALIGN: center; MARGIN: 0px auto 10px; WIDTH: 300px; DISPLAY: block; HEIGHT: 400px; CURSOR: hand\" id=\"BLOGGER_PHOTO_ID_5475600646420199282\" border=\"0\" alt=\"\" src=\"http:\/\/4.bp.blogspot.com\/_tkQIW00FXMc\/S_09xuXGd3I\/AAAAAAAAAKs\/By4Yr1xJvA8\/s400\/DSC03316.JPG\" \/><\/a><\/p>\n<div><a href=\"http:\/\/3.bp.blogspot.com\/_tkQIW00FXMc\/S_09KvYpvCI\/AAAAAAAAAKk\/ynWKe6mlrKc\/s1600\/DSC03317.JPG\" data-rel=\"lightbox-image-2\" data-rl_title=\"\" data-rl_caption=\"\" title=\"\"><img decoding=\"async\" style=\"TEXT-ALIGN: center; MARGIN: 0px auto 10px; WIDTH: 300px; DISPLAY: block; HEIGHT: 400px; CURSOR: hand\" id=\"BLOGGER_PHOTO_ID_5475599976680242210\" border=\"0\" alt=\"\" src=\"http:\/\/3.bp.blogspot.com\/_tkQIW00FXMc\/S_09KvYpvCI\/AAAAAAAAAKk\/ynWKe6mlrKc\/s400\/DSC03317.JPG\" \/><\/a><\/p>\n<p><\/p>\n<div>Durant la celebraci\u00f3 del passat Sal\u00f3 del C\u00f2mic de Barcelona els alumnes de l&#8217; Escola Joso de Sabadell van distribuir el nou n\u00famero, (el tercer), del fanzine <strong>LOS HUEVOS DE KRATOS<\/strong> i tamb\u00e9 van presentar el primer n\u00famero d&#8217; un nou projecte, un producte que ja no est\u00e0 obert a qualsevol alumne de l&#8217; escola, si no que ja \u00e9s un projecte acotat entre uns quants companys amb tem\u00e0tiques i estils m\u00e9s personals titulat: <strong>CARA B<\/strong>. <\/div>\n<p><\/p>\n<div>Les vendes dels nous exemplars els hi ha anat for\u00e7a b\u00e9 i ja disposen nom\u00e9s d&#8217; uns quants exemplars en &#8220;stock&#8221;, par tant, si esteu interessats en adquirir aquestes obres tindrieu que possar-vos en contacte amb els editors a trav\u00e9s del blog que han fet per gestionar la difusi\u00f3 i distribuci\u00f3 dels seus productes: <a href=\"http:\/\/www.carabeblog.blogspot.com\/\">http:\/\/www.carabeblog.blogspot.com\/<\/a><\/div>\n<p><\/p>\n<div>Aquestes s\u00f3n les portades dels fanzines esmentats. Les fotografies de les portades s\u00f3n gentilesa d&#8217; en <strong>Vicente Soria<\/strong>.Tmb\u00e9 veieu al <strong>Javi Orenes,<\/strong> (un dels editors dels fanzines) i al <strong>Marc Torruella<\/strong> ,(el pare del &#8220;Gouache&#8221;), venent la mercaderia al Sal\u00f3 del C\u00f2mic. <\/div>\n<div> <\/div>\n<div>Disfruteu-los amb salut!!<\/div>\n<\/div>\n<\/div>","protected":false},"excerpt":{"rendered":"<p>Durant la celebraci\u00f3 del passat Sal\u00f3 del C\u00f2mic de Barcelona els alumnes de l&#8217; Escola Joso de Sabadell van distribuir el nou n\u00famero, (el tercer), del fanzine LOS HUEVOS DE KRATOS i tamb\u00e9 van presentar el primer n\u00famero d&#8217; un nou projecte, un producte que ja no est\u00e0 obert a qualsevol alumne de l&#8217; escola, [&hellip;]<\/p>\n","protected":false},"author":2,"featured_media":0,"comment_status":"open","ping_status":"open","sticky":false,"template":"","format":"standard","meta":{"_monsterinsights_skip_tracking":false,"_monsterinsights_sitenote_active":false,"_monsterinsights_sitenote_note":"","_monsterinsights_sitenote_category":0,"footnotes":""},"categories":[1],"tags":[],"class_list":["post-398","post","type-post","status-publish","format-standard","hentry","category-general"],"yoast_head":"<!-- This site is optimized with the Yoast SEO plugin v25.6 - https:\/\/yoast.com\/wordpress\/plugins\/seo\/ -->\n<title>&quot;HUEVOS DE KRATOS&quot; # 3 I DEBUT DEL &quot;CARA B&quot;. - Escola Joso Sabadell<\/title>\n<meta name=\"robots\" content=\"index, follow, max-snippet:-1, max-image-preview:large, max-video-preview:-1\" \/>\n<link rel=\"canonical\" href=\"https:\/\/jososabadell.cat\/es\/2010\/05\/26\/huevos-de-kratos-3-i-debut-del-cara-b\/\" \/>\n<meta property=\"og:locale\" content=\"es_ES\" \/>\n<meta property=\"og:type\" content=\"article\" \/>\n<meta property=\"og:title\" content=\"&quot;HUEVOS DE KRATOS&quot; # 3 I DEBUT DEL &quot;CARA B&quot;. - Escola Joso Sabadell\" \/>\n<meta property=\"og:description\" content=\"Durant la celebraci\u00f3 del passat Sal\u00f3 del C\u00f2mic de Barcelona els alumnes de l&#8217; Escola Joso de Sabadell van distribuir el nou n\u00famero, (el tercer), del fanzine LOS HUEVOS DE KRATOS i tamb\u00e9 van presentar el primer n\u00famero d&#8217; un nou projecte, un producte que ja no est\u00e0 obert a qualsevol alumne de l&#8217; escola, [&hellip;]\" \/>\n<meta property=\"og:url\" content=\"https:\/\/jososabadell.cat\/es\/2010\/05\/26\/huevos-de-kratos-3-i-debut-del-cara-b\/\" \/>\n<meta property=\"og:site_name\" content=\"Escola Joso Sabadell\" \/>\n<meta property=\"article:publisher\" content=\"https:\/\/www.facebook.com\/escolajososabadell\/\" \/>\n<meta property=\"article:published_time\" content=\"2010-05-26T15:11:00+00:00\" \/>\n<meta property=\"article:modified_time\" content=\"2018-04-13T13:03:03+00:00\" \/>\n<meta property=\"og:image\" content=\"http:\/\/4.bp.blogspot.com\/_tkQIW00FXMc\/S_5CQVh6s1I\/AAAAAAAAALE\/mpfxb2l4HH4\/s400\/DSC_0496.JPG\" \/>\n<meta name=\"author\" content=\"Joso Sabadell\" \/>\n<meta name=\"twitter:card\" content=\"summary_large_image\" \/>\n<meta name=\"twitter:creator\" content=\"@EscolaJosoSbd\" \/>\n<meta name=\"twitter:site\" content=\"@EscolaJosoSbd\" \/>\n<meta name=\"twitter:label1\" content=\"Escrito por\" \/>\n\t<meta name=\"twitter:data1\" content=\"Joso Sabadell\" \/>\n\t<meta name=\"twitter:label2\" content=\"Tiempo de lectura\" \/>\n\t<meta name=\"twitter:data2\" content=\"1 minuto\" \/>\n<script type=\"application\/ld+json\" class=\"yoast-schema-graph\">{\"@context\":\"https:\/\/schema.org\",\"@graph\":[{\"@type\":\"WebPage\",\"@id\":\"https:\/\/jososabadell.cat\/es\/2010\/05\/26\/huevos-de-kratos-3-i-debut-del-cara-b\/\",\"url\":\"https:\/\/jososabadell.cat\/es\/2010\/05\/26\/huevos-de-kratos-3-i-debut-del-cara-b\/\",\"name\":\"\\\"HUEVOS DE KRATOS\\\" # 3 I DEBUT DEL \\\"CARA B\\\". - Escola Joso Sabadell\",\"isPartOf\":{\"@id\":\"https:\/\/jososabadell.cat\/#website\"},\"primaryImageOfPage\":{\"@id\":\"https:\/\/jososabadell.cat\/es\/2010\/05\/26\/huevos-de-kratos-3-i-debut-del-cara-b\/#primaryimage\"},\"image\":{\"@id\":\"https:\/\/jososabadell.cat\/es\/2010\/05\/26\/huevos-de-kratos-3-i-debut-del-cara-b\/#primaryimage\"},\"thumbnailUrl\":\"http:\/\/4.bp.blogspot.com\/_tkQIW00FXMc\/S_5CQVh6s1I\/AAAAAAAAALE\/mpfxb2l4HH4\/s400\/DSC_0496.JPG\",\"datePublished\":\"2010-05-26T15:11:00+00:00\",\"dateModified\":\"2018-04-13T13:03:03+00:00\",\"author\":{\"@id\":\"https:\/\/jososabadell.cat\/#\/schema\/person\/233e57003be70aa898d35bfb3ee0fb72\"},\"breadcrumb\":{\"@id\":\"https:\/\/jososabadell.cat\/es\/2010\/05\/26\/huevos-de-kratos-3-i-debut-del-cara-b\/#breadcrumb\"},\"inLanguage\":\"es\",\"potentialAction\":[{\"@type\":\"ReadAction\",\"target\":[\"https:\/\/jososabadell.cat\/es\/2010\/05\/26\/huevos-de-kratos-3-i-debut-del-cara-b\/\"]}]},{\"@type\":\"ImageObject\",\"inLanguage\":\"es\",\"@id\":\"https:\/\/jososabadell.cat\/es\/2010\/05\/26\/huevos-de-kratos-3-i-debut-del-cara-b\/#primaryimage\",\"url\":\"http:\/\/4.bp.blogspot.com\/_tkQIW00FXMc\/S_5CQVh6s1I\/AAAAAAAAALE\/mpfxb2l4HH4\/s400\/DSC_0496.JPG\",\"contentUrl\":\"http:\/\/4.bp.blogspot.com\/_tkQIW00FXMc\/S_5CQVh6s1I\/AAAAAAAAALE\/mpfxb2l4HH4\/s400\/DSC_0496.JPG\"},{\"@type\":\"BreadcrumbList\",\"@id\":\"https:\/\/jososabadell.cat\/es\/2010\/05\/26\/huevos-de-kratos-3-i-debut-del-cara-b\/#breadcrumb\",\"itemListElement\":[{\"@type\":\"ListItem\",\"position\":1,\"name\":\"Inici\",\"item\":\"https:\/\/jososabadell.cat\/\"},{\"@type\":\"ListItem\",\"position\":2,\"name\":\"&#8220;HUEVOS DE KRATOS&#8221; # 3 I DEBUT DEL &#8220;CARA B&#8221;.\"}]},{\"@type\":\"WebSite\",\"@id\":\"https:\/\/jososabadell.cat\/#website\",\"url\":\"https:\/\/jososabadell.cat\/\",\"name\":\"Escola Joso Sabadell\",\"description\":\"\",\"potentialAction\":[{\"@type\":\"SearchAction\",\"target\":{\"@type\":\"EntryPoint\",\"urlTemplate\":\"https:\/\/jososabadell.cat\/?s={search_term_string}\"},\"query-input\":{\"@type\":\"PropertyValueSpecification\",\"valueRequired\":true,\"valueName\":\"search_term_string\"}}],\"inLanguage\":\"es\"},{\"@type\":\"Person\",\"@id\":\"https:\/\/jososabadell.cat\/#\/schema\/person\/233e57003be70aa898d35bfb3ee0fb72\",\"name\":\"Joso Sabadell\",\"image\":{\"@type\":\"ImageObject\",\"inLanguage\":\"es\",\"@id\":\"https:\/\/jososabadell.cat\/#\/schema\/person\/image\/\",\"url\":\"https:\/\/secure.gravatar.com\/avatar\/5aa9d058168d026c6f8d651849c8cf5d?s=96&d=mm&r=g\",\"contentUrl\":\"https:\/\/secure.gravatar.com\/avatar\/5aa9d058168d026c6f8d651849c8cf5d?s=96&d=mm&r=g\",\"caption\":\"Joso Sabadell\"},\"sameAs\":[\"http:\/\/jososabadell.cat\"]}]}<\/script>\n<!-- \/ Yoast SEO plugin. -->","yoast_head_json":{"title":"\"HUEVOS DE KRATOS\" # 3 I DEBUT DEL \"CARA B\". - Escola Joso Sabadell","robots":{"index":"index","follow":"follow","max-snippet":"max-snippet:-1","max-image-preview":"max-image-preview:large","max-video-preview":"max-video-preview:-1"},"canonical":"https:\/\/jososabadell.cat\/es\/2010\/05\/26\/huevos-de-kratos-3-i-debut-del-cara-b\/","og_locale":"es_ES","og_type":"article","og_title":"\"HUEVOS DE KRATOS\" # 3 I DEBUT DEL \"CARA B\". - Escola Joso Sabadell","og_description":"Durant la celebraci\u00f3 del passat Sal\u00f3 del C\u00f2mic de Barcelona els alumnes de l&#8217; Escola Joso de Sabadell van distribuir el nou n\u00famero, (el tercer), del fanzine LOS HUEVOS DE KRATOS i tamb\u00e9 van presentar el primer n\u00famero d&#8217; un nou projecte, un producte que ja no est\u00e0 obert a qualsevol alumne de l&#8217; escola, [&hellip;]","og_url":"https:\/\/jososabadell.cat\/es\/2010\/05\/26\/huevos-de-kratos-3-i-debut-del-cara-b\/","og_site_name":"Escola Joso Sabadell","article_publisher":"https:\/\/www.facebook.com\/escolajososabadell\/","article_published_time":"2010-05-26T15:11:00+00:00","article_modified_time":"2018-04-13T13:03:03+00:00","og_image":[{"url":"http:\/\/4.bp.blogspot.com\/_tkQIW00FXMc\/S_5CQVh6s1I\/AAAAAAAAALE\/mpfxb2l4HH4\/s400\/DSC_0496.JPG","type":"","width":"","height":""}],"author":"Joso Sabadell","twitter_card":"summary_large_image","twitter_creator":"@EscolaJosoSbd","twitter_site":"@EscolaJosoSbd","twitter_misc":{"Escrito por":"Joso Sabadell","Tiempo de lectura":"1 minuto"},"schema":{"@context":"https:\/\/schema.org","@graph":[{"@type":"WebPage","@id":"https:\/\/jososabadell.cat\/es\/2010\/05\/26\/huevos-de-kratos-3-i-debut-del-cara-b\/","url":"https:\/\/jososabadell.cat\/es\/2010\/05\/26\/huevos-de-kratos-3-i-debut-del-cara-b\/","name":"\"HUEVOS DE KRATOS\" # 3 I DEBUT DEL \"CARA B\". - Escola Joso Sabadell","isPartOf":{"@id":"https:\/\/jososabadell.cat\/#website"},"primaryImageOfPage":{"@id":"https:\/\/jososabadell.cat\/es\/2010\/05\/26\/huevos-de-kratos-3-i-debut-del-cara-b\/#primaryimage"},"image":{"@id":"https:\/\/jososabadell.cat\/es\/2010\/05\/26\/huevos-de-kratos-3-i-debut-del-cara-b\/#primaryimage"},"thumbnailUrl":"http:\/\/4.bp.blogspot.com\/_tkQIW00FXMc\/S_5CQVh6s1I\/AAAAAAAAALE\/mpfxb2l4HH4\/s400\/DSC_0496.JPG","datePublished":"2010-05-26T15:11:00+00:00","dateModified":"2018-04-13T13:03:03+00:00","author":{"@id":"https:\/\/jososabadell.cat\/#\/schema\/person\/233e57003be70aa898d35bfb3ee0fb72"},"breadcrumb":{"@id":"https:\/\/jososabadell.cat\/es\/2010\/05\/26\/huevos-de-kratos-3-i-debut-del-cara-b\/#breadcrumb"},"inLanguage":"es","potentialAction":[{"@type":"ReadAction","target":["https:\/\/jososabadell.cat\/es\/2010\/05\/26\/huevos-de-kratos-3-i-debut-del-cara-b\/"]}]},{"@type":"ImageObject","inLanguage":"es","@id":"https:\/\/jososabadell.cat\/es\/2010\/05\/26\/huevos-de-kratos-3-i-debut-del-cara-b\/#primaryimage","url":"http:\/\/4.bp.blogspot.com\/_tkQIW00FXMc\/S_5CQVh6s1I\/AAAAAAAAALE\/mpfxb2l4HH4\/s400\/DSC_0496.JPG","contentUrl":"http:\/\/4.bp.blogspot.com\/_tkQIW00FXMc\/S_5CQVh6s1I\/AAAAAAAAALE\/mpfxb2l4HH4\/s400\/DSC_0496.JPG"},{"@type":"BreadcrumbList","@id":"https:\/\/jososabadell.cat\/es\/2010\/05\/26\/huevos-de-kratos-3-i-debut-del-cara-b\/#breadcrumb","itemListElement":[{"@type":"ListItem","position":1,"name":"Inici","item":"https:\/\/jososabadell.cat\/"},{"@type":"ListItem","position":2,"name":"&#8220;HUEVOS DE KRATOS&#8221; # 3 I DEBUT DEL &#8220;CARA B&#8221;."}]},{"@type":"WebSite","@id":"https:\/\/jososabadell.cat\/#website","url":"https:\/\/jososabadell.cat\/","name":"&nbsp;Escola Joso Sabadell","description":"","potentialAction":[{"@type":"SearchAction","target":{"@type":"EntryPoint","urlTemplate":"https:\/\/jososabadell.cat\/?s={search_term_string}"},"query-input":{"@type":"PropertyValueSpecification","valueRequired":true,"valueName":"search_term_string"}}],"inLanguage":"es"},{"@type":"Person","@id":"https:\/\/jososabadell.cat\/#\/schema\/person\/233e57003be70aa898d35bfb3ee0fb72","name":"Joso Sabadell","image":{"@type":"ImageObject","inLanguage":"es","@id":"https:\/\/jososabadell.cat\/#\/schema\/person\/image\/","url":"https:\/\/secure.gravatar.com\/avatar\/5aa9d058168d026c6f8d651849c8cf5d?s=96&d=mm&r=g","contentUrl":"https:\/\/secure.gravatar.com\/avatar\/5aa9d058168d026c6f8d651849c8cf5d?s=96&d=mm&r=g","caption":"Joso Sabadell"},"sameAs":["http:\/\/jososabadell.cat"]}]}},"_links":{"self":[{"href":"https:\/\/jososabadell.cat\/es\/wp-json\/wp\/v2\/posts\/398"}],"collection":[{"href":"https:\/\/jososabadell.cat\/es\/wp-json\/wp\/v2\/posts"}],"about":[{"href":"https:\/\/jososabadell.cat\/es\/wp-json\/wp\/v2\/types\/post"}],"author":[{"embeddable":true,"href":"https:\/\/jososabadell.cat\/es\/wp-json\/wp\/v2\/users\/2"}],"replies":[{"embeddable":true,"href":"https:\/\/jososabadell.cat\/es\/wp-json\/wp\/v2\/comments?post=398"}],"version-history":[{"count":1,"href":"https:\/\/jososabadell.cat\/es\/wp-json\/wp\/v2\/posts\/398\/revisions"}],"predecessor-version":[{"id":834,"href":"https:\/\/jososabadell.cat\/es\/wp-json\/wp\/v2\/posts\/398\/revisions\/834"}],"wp:attachment":[{"href":"https:\/\/jososabadell.cat\/es\/wp-json\/wp\/v2\/media?parent=398"}],"wp:term":[{"taxonomy":"category","embeddable":true,"href":"https:\/\/jososabadell.cat\/es\/wp-json\/wp\/v2\/categories?post=398"},{"taxonomy":"post_tag","embeddable":true,"href":"https:\/\/jososabadell.cat\/es\/wp-json\/wp\/v2\/tags?post=398"}],"curies":[{"name":"wp","href":"https:\/\/api.w.org\/{rel}","templated":true}]}}