{"id":405,"date":"2010-04-30T11:48:00","date_gmt":"2010-04-30T09:48:00","guid":{"rendered":"http:\/\/jososabadell.cat\/2010\/04\/30\/salo-del-comic-alternatiu\/"},"modified":"2018-04-13T15:03:03","modified_gmt":"2018-04-13T13:03:03","slug":"salo-del-comic-alternatiu","status":"publish","type":"post","link":"https:\/\/jososabadell.cat\/es\/2010\/04\/30\/salo-del-comic-alternatiu\/","title":{"rendered":"SAL\u00d3 DEL C\u00d2MIC ALTERNATIU."},"content":{"rendered":"<p>El nostre alumne del 1er. curs de C\u00f2mic-Manga, MIQUEL \u00c0NGEL CLAVERIA, ens informa de la propera celebraci\u00f3 del Sal\u00f2 del C\u00f2mic Social que suposaria una forma alternativa de difondre el c\u00f2mic que tamb\u00e9 es fa i es difon dins d&#8217; unes altres corrents i que vol conviure amb la que tots ja coneixem i \u00e9s m\u00e9s convencional. Per a m\u00e9s informaci\u00f3 us adjuntem l&#8217; enlla\u00e7 corresponent que \u00e9s: <a href=\"http:\/\/www.facebook.com\/event.php?eid=116537681705884&amp;ref=nf\">http:\/\/www.facebook.com\/event.php?eid=116537681705884&amp;ref=nf<\/a>.<br \/>Els desitgem que tinguin molta sort i un bon event.<\/p>","protected":false},"excerpt":{"rendered":"<p>El nostre alumne del 1er. curs de C\u00f2mic-Manga, MIQUEL \u00c0NGEL CLAVERIA, ens informa de la propera celebraci\u00f3 del Sal\u00f2 del C\u00f2mic Social que suposaria una forma alternativa de difondre el c\u00f2mic que tamb\u00e9 es fa i es difon dins d&#8217; unes altres corrents i que vol conviure amb la que tots ja coneixem i \u00e9s [&hellip;]<\/p>\n","protected":false},"author":2,"featured_media":0,"comment_status":"open","ping_status":"open","sticky":false,"template":"","format":"standard","meta":{"_monsterinsights_skip_tracking":false,"_monsterinsights_sitenote_active":false,"_monsterinsights_sitenote_note":"","_monsterinsights_sitenote_category":0,"footnotes":""},"categories":[1],"tags":[],"class_list":["post-405","post","type-post","status-publish","format-standard","hentry","category-general"],"yoast_head":"<!-- This site is optimized with the Yoast SEO plugin v25.6 - https:\/\/yoast.com\/wordpress\/plugins\/seo\/ -->\n<title>SAL\u00d3 DEL C\u00d2MIC ALTERNATIU. - Escola Joso Sabadell<\/title>\n<meta name=\"robots\" content=\"index, follow, max-snippet:-1, max-image-preview:large, max-video-preview:-1\" \/>\n<link rel=\"canonical\" href=\"https:\/\/jososabadell.cat\/es\/2010\/04\/30\/salo-del-comic-alternatiu\/\" \/>\n<meta property=\"og:locale\" content=\"es_ES\" \/>\n<meta property=\"og:type\" content=\"article\" \/>\n<meta property=\"og:title\" content=\"SAL\u00d3 DEL C\u00d2MIC ALTERNATIU. - Escola Joso Sabadell\" \/>\n<meta property=\"og:description\" content=\"El nostre alumne del 1er. curs de C\u00f2mic-Manga, MIQUEL \u00c0NGEL CLAVERIA, ens informa de la propera celebraci\u00f3 del Sal\u00f2 del C\u00f2mic Social que suposaria una forma alternativa de difondre el c\u00f2mic que tamb\u00e9 es fa i es difon dins d&#8217; unes altres corrents i que vol conviure amb la que tots ja coneixem i \u00e9s [&hellip;]\" \/>\n<meta property=\"og:url\" content=\"https:\/\/jososabadell.cat\/es\/2010\/04\/30\/salo-del-comic-alternatiu\/\" \/>\n<meta property=\"og:site_name\" content=\"Escola Joso Sabadell\" \/>\n<meta property=\"article:publisher\" content=\"https:\/\/www.facebook.com\/escolajososabadell\/\" \/>\n<meta property=\"article:published_time\" content=\"2010-04-30T09:48:00+00:00\" \/>\n<meta property=\"article:modified_time\" content=\"2018-04-13T13:03:03+00:00\" \/>\n<meta name=\"author\" content=\"Joso Sabadell\" \/>\n<meta name=\"twitter:card\" content=\"summary_large_image\" \/>\n<meta name=\"twitter:creator\" content=\"@EscolaJosoSbd\" \/>\n<meta name=\"twitter:site\" content=\"@EscolaJosoSbd\" \/>\n<meta name=\"twitter:label1\" content=\"Escrito por\" \/>\n\t<meta name=\"twitter:data1\" content=\"Joso Sabadell\" \/>\n<script type=\"application\/ld+json\" class=\"yoast-schema-graph\">{\"@context\":\"https:\/\/schema.org\",\"@graph\":[{\"@type\":\"WebPage\",\"@id\":\"https:\/\/jososabadell.cat\/2010\/04\/30\/salo-del-comic-alternatiu\/\",\"url\":\"https:\/\/jososabadell.cat\/2010\/04\/30\/salo-del-comic-alternatiu\/\",\"name\":\"SAL\u00d3 DEL C\u00d2MIC ALTERNATIU. - Escola Joso Sabadell\",\"isPartOf\":{\"@id\":\"https:\/\/jososabadell.cat\/#website\"},\"datePublished\":\"2010-04-30T09:48:00+00:00\",\"dateModified\":\"2018-04-13T13:03:03+00:00\",\"author\":{\"@id\":\"https:\/\/jososabadell.cat\/#\/schema\/person\/233e57003be70aa898d35bfb3ee0fb72\"},\"breadcrumb\":{\"@id\":\"https:\/\/jososabadell.cat\/2010\/04\/30\/salo-del-comic-alternatiu\/#breadcrumb\"},\"inLanguage\":\"es\",\"potentialAction\":[{\"@type\":\"ReadAction\",\"target\":[\"https:\/\/jososabadell.cat\/2010\/04\/30\/salo-del-comic-alternatiu\/\"]}]},{\"@type\":\"BreadcrumbList\",\"@id\":\"https:\/\/jososabadell.cat\/2010\/04\/30\/salo-del-comic-alternatiu\/#breadcrumb\",\"itemListElement\":[{\"@type\":\"ListItem\",\"position\":1,\"name\":\"Inici\",\"item\":\"https:\/\/jososabadell.cat\/\"},{\"@type\":\"ListItem\",\"position\":2,\"name\":\"SAL\u00d3 DEL C\u00d2MIC ALTERNATIU.\"}]},{\"@type\":\"WebSite\",\"@id\":\"https:\/\/jososabadell.cat\/#website\",\"url\":\"https:\/\/jososabadell.cat\/\",\"name\":\"Escola Joso Sabadell\",\"description\":\"\",\"potentialAction\":[{\"@type\":\"SearchAction\",\"target\":{\"@type\":\"EntryPoint\",\"urlTemplate\":\"https:\/\/jososabadell.cat\/?s={search_term_string}\"},\"query-input\":{\"@type\":\"PropertyValueSpecification\",\"valueRequired\":true,\"valueName\":\"search_term_string\"}}],\"inLanguage\":\"es\"},{\"@type\":\"Person\",\"@id\":\"https:\/\/jososabadell.cat\/#\/schema\/person\/233e57003be70aa898d35bfb3ee0fb72\",\"name\":\"Joso Sabadell\",\"image\":{\"@type\":\"ImageObject\",\"inLanguage\":\"es\",\"@id\":\"https:\/\/jososabadell.cat\/#\/schema\/person\/image\/\",\"url\":\"https:\/\/secure.gravatar.com\/avatar\/5aa9d058168d026c6f8d651849c8cf5d?s=96&d=mm&r=g\",\"contentUrl\":\"https:\/\/secure.gravatar.com\/avatar\/5aa9d058168d026c6f8d651849c8cf5d?s=96&d=mm&r=g\",\"caption\":\"Joso Sabadell\"},\"sameAs\":[\"http:\/\/jososabadell.cat\"]}]}<\/script>\n<!-- \/ Yoast SEO plugin. -->","yoast_head_json":{"title":"SAL\u00d3 DEL C\u00d2MIC ALTERNATIU. - Escola Joso Sabadell","robots":{"index":"index","follow":"follow","max-snippet":"max-snippet:-1","max-image-preview":"max-image-preview:large","max-video-preview":"max-video-preview:-1"},"canonical":"https:\/\/jososabadell.cat\/es\/2010\/04\/30\/salo-del-comic-alternatiu\/","og_locale":"es_ES","og_type":"article","og_title":"SAL\u00d3 DEL C\u00d2MIC ALTERNATIU. - Escola Joso Sabadell","og_description":"El nostre alumne del 1er. curs de C\u00f2mic-Manga, MIQUEL \u00c0NGEL CLAVERIA, ens informa de la propera celebraci\u00f3 del Sal\u00f2 del C\u00f2mic Social que suposaria una forma alternativa de difondre el c\u00f2mic que tamb\u00e9 es fa i es difon dins d&#8217; unes altres corrents i que vol conviure amb la que tots ja coneixem i \u00e9s [&hellip;]","og_url":"https:\/\/jososabadell.cat\/es\/2010\/04\/30\/salo-del-comic-alternatiu\/","og_site_name":"Escola Joso Sabadell","article_publisher":"https:\/\/www.facebook.com\/escolajososabadell\/","article_published_time":"2010-04-30T09:48:00+00:00","article_modified_time":"2018-04-13T13:03:03+00:00","author":"Joso Sabadell","twitter_card":"summary_large_image","twitter_creator":"@EscolaJosoSbd","twitter_site":"@EscolaJosoSbd","twitter_misc":{"Escrito por":"Joso Sabadell"},"schema":{"@context":"https:\/\/schema.org","@graph":[{"@type":"WebPage","@id":"https:\/\/jososabadell.cat\/2010\/04\/30\/salo-del-comic-alternatiu\/","url":"https:\/\/jososabadell.cat\/2010\/04\/30\/salo-del-comic-alternatiu\/","name":"SAL\u00d3 DEL C\u00d2MIC ALTERNATIU. - Escola Joso Sabadell","isPartOf":{"@id":"https:\/\/jososabadell.cat\/#website"},"datePublished":"2010-04-30T09:48:00+00:00","dateModified":"2018-04-13T13:03:03+00:00","author":{"@id":"https:\/\/jososabadell.cat\/#\/schema\/person\/233e57003be70aa898d35bfb3ee0fb72"},"breadcrumb":{"@id":"https:\/\/jososabadell.cat\/2010\/04\/30\/salo-del-comic-alternatiu\/#breadcrumb"},"inLanguage":"es","potentialAction":[{"@type":"ReadAction","target":["https:\/\/jososabadell.cat\/2010\/04\/30\/salo-del-comic-alternatiu\/"]}]},{"@type":"BreadcrumbList","@id":"https:\/\/jososabadell.cat\/2010\/04\/30\/salo-del-comic-alternatiu\/#breadcrumb","itemListElement":[{"@type":"ListItem","position":1,"name":"Inici","item":"https:\/\/jososabadell.cat\/"},{"@type":"ListItem","position":2,"name":"SAL\u00d3 DEL C\u00d2MIC ALTERNATIU."}]},{"@type":"WebSite","@id":"https:\/\/jososabadell.cat\/#website","url":"https:\/\/jososabadell.cat\/","name":"&nbsp;Escola Joso Sabadell","description":"","potentialAction":[{"@type":"SearchAction","target":{"@type":"EntryPoint","urlTemplate":"https:\/\/jososabadell.cat\/?s={search_term_string}"},"query-input":{"@type":"PropertyValueSpecification","valueRequired":true,"valueName":"search_term_string"}}],"inLanguage":"es"},{"@type":"Person","@id":"https:\/\/jososabadell.cat\/#\/schema\/person\/233e57003be70aa898d35bfb3ee0fb72","name":"Joso Sabadell","image":{"@type":"ImageObject","inLanguage":"es","@id":"https:\/\/jososabadell.cat\/#\/schema\/person\/image\/","url":"https:\/\/secure.gravatar.com\/avatar\/5aa9d058168d026c6f8d651849c8cf5d?s=96&d=mm&r=g","contentUrl":"https:\/\/secure.gravatar.com\/avatar\/5aa9d058168d026c6f8d651849c8cf5d?s=96&d=mm&r=g","caption":"Joso Sabadell"},"sameAs":["http:\/\/jososabadell.cat"]}]}},"_links":{"self":[{"href":"https:\/\/jososabadell.cat\/es\/wp-json\/wp\/v2\/posts\/405"}],"collection":[{"href":"https:\/\/jososabadell.cat\/es\/wp-json\/wp\/v2\/posts"}],"about":[{"href":"https:\/\/jososabadell.cat\/es\/wp-json\/wp\/v2\/types\/post"}],"author":[{"embeddable":true,"href":"https:\/\/jososabadell.cat\/es\/wp-json\/wp\/v2\/users\/2"}],"replies":[{"embeddable":true,"href":"https:\/\/jososabadell.cat\/es\/wp-json\/wp\/v2\/comments?post=405"}],"version-history":[{"count":1,"href":"https:\/\/jososabadell.cat\/es\/wp-json\/wp\/v2\/posts\/405\/revisions"}],"predecessor-version":[{"id":841,"href":"https:\/\/jososabadell.cat\/es\/wp-json\/wp\/v2\/posts\/405\/revisions\/841"}],"wp:attachment":[{"href":"https:\/\/jososabadell.cat\/es\/wp-json\/wp\/v2\/media?parent=405"}],"wp:term":[{"taxonomy":"category","embeddable":true,"href":"https:\/\/jososabadell.cat\/es\/wp-json\/wp\/v2\/categories?post=405"},{"taxonomy":"post_tag","embeddable":true,"href":"https:\/\/jososabadell.cat\/es\/wp-json\/wp\/v2\/tags?post=405"}],"curies":[{"name":"wp","href":"https:\/\/api.w.org\/{rel}","templated":true}]}}