{"id":418,"date":"2009-09-21T18:03:00","date_gmt":"2009-09-21T16:03:00","guid":{"rendered":"http:\/\/jososabadell.cat\/2009\/09\/21\/cesc-fullana-guanyador-del-concurs-de-comic-de-calldetenes\/"},"modified":"2018-04-13T15:03:16","modified_gmt":"2018-04-13T13:03:16","slug":"cesc-fullana-guanyador-del-concurs-de-comic-de-calldetenes","status":"publish","type":"post","link":"https:\/\/jososabadell.cat\/es\/2009\/09\/21\/cesc-fullana-guanyador-del-concurs-de-comic-de-calldetenes\/","title":{"rendered":"CESC FULLANA, GUANYADOR DEL CONCURS DE C\u00d2MIC DE CALLDETENES."},"content":{"rendered":"<p><a href=\"http:\/\/4.bp.blogspot.com\/_tkQIW00FXMc\/SremoIhCHKI\/AAAAAAAAAFk\/NcKC7WT_u_k\/s1600-h\/calldetenesRB%5B1%5D.jpg\" data-rel=\"lightbox-image-0\" data-rl_title=\"\" data-rl_caption=\"\" title=\"\"><img decoding=\"async\" style=\"TEXT-ALIGN: center; MARGIN: 0px auto 10px; WIDTH: 281px; DISPLAY: block; HEIGHT: 400px; CURSOR: hand\" id=\"BLOGGER_PHOTO_ID_5383955087955729570\" border=\"0\" alt=\"\" src=\"http:\/\/4.bp.blogspot.com\/_tkQIW00FXMc\/SremoIhCHKI\/AAAAAAAAAFk\/NcKC7WT_u_k\/s400\/calldetenesRB%5B1%5D.jpg\" \/><\/a><\/p>\n<div><a href=\"http:\/\/4.bp.blogspot.com\/_tkQIW00FXMc\/SremE7mnpQI\/AAAAAAAAAFc\/ztER9YBu1Js\/s1600-h\/calldetenescolorRB%5B1%5D.jpg\" data-rel=\"lightbox-image-1\" data-rl_title=\"\" data-rl_caption=\"\" title=\"\"><img decoding=\"async\" style=\"TEXT-ALIGN: center; MARGIN: 0px auto 10px; WIDTH: 281px; DISPLAY: block; HEIGHT: 400px; CURSOR: hand\" id=\"BLOGGER_PHOTO_ID_5383954483194078466\" border=\"0\" alt=\"\" src=\"http:\/\/4.bp.blogspot.com\/_tkQIW00FXMc\/SremE7mnpQI\/AAAAAAAAAFc\/ztER9YBu1Js\/s400\/calldetenescolorRB%5B1%5D.jpg\" \/><\/a><\/p>\n<div>En <strong>Cesc Fullana<\/strong> que fa de professor al nostre centre va guanyar el passat dissabte 19 de Setembre de 2009 la XVIII a. Edici\u00f3 del Concurs de C\u00f2mic de Calldetenes amb l&#8217; obra <strong>CONTINUA SOMIANT<\/strong> de tem\u00e0tica i t\u00e9cnica lliure.<\/div>\n<\/div>","protected":false},"excerpt":{"rendered":"<p>En Cesc Fullana que fa de professor al nostre centre va guanyar el passat dissabte 19 de Setembre de 2009 la XVIII a. Edici\u00f3 del Concurs de C\u00f2mic de Calldetenes amb l&#8217; obra CONTINUA SOMIANT de tem\u00e0tica i t\u00e9cnica lliure.<\/p>","protected":false},"author":2,"featured_media":0,"comment_status":"open","ping_status":"open","sticky":false,"template":"","format":"standard","meta":{"_monsterinsights_skip_tracking":false,"_monsterinsights_sitenote_active":false,"_monsterinsights_sitenote_note":"","_monsterinsights_sitenote_category":0,"footnotes":""},"categories":[1],"tags":[],"class_list":["post-418","post","type-post","status-publish","format-standard","hentry","category-general"],"yoast_head":"<!-- This site is optimized with the Yoast SEO plugin v25.6 - https:\/\/yoast.com\/wordpress\/plugins\/seo\/ -->\n<title>CESC FULLANA, GUANYADOR DEL CONCURS DE C\u00d2MIC DE CALLDETENES. - Escola Joso Sabadell<\/title>\n<meta name=\"robots\" content=\"index, follow, max-snippet:-1, max-image-preview:large, max-video-preview:-1\" \/>\n<link rel=\"canonical\" href=\"http:\/\/jososabadell.cat\/es\/2009\/09\/21\/cesc-fullana-guanyador-del-concurs-de-comic-de-calldetenes\/\" \/>\n<meta property=\"og:locale\" content=\"es_ES\" \/>\n<meta property=\"og:type\" content=\"article\" \/>\n<meta property=\"og:title\" content=\"CESC FULLANA, GUANYADOR DEL CONCURS DE C\u00d2MIC DE CALLDETENES. - Escola Joso Sabadell\" \/>\n<meta property=\"og:description\" content=\"En Cesc Fullana que fa de professor al nostre centre va guanyar el passat dissabte 19 de Setembre de 2009 la XVIII a. Edici\u00f3 del Concurs de C\u00f2mic de Calldetenes amb l&#8217; obra CONTINUA SOMIANT de tem\u00e0tica i t\u00e9cnica lliure.\" \/>\n<meta property=\"og:url\" content=\"http:\/\/jososabadell.cat\/es\/2009\/09\/21\/cesc-fullana-guanyador-del-concurs-de-comic-de-calldetenes\/\" \/>\n<meta property=\"og:site_name\" content=\"Escola Joso Sabadell\" \/>\n<meta property=\"article:publisher\" content=\"https:\/\/www.facebook.com\/escolajososabadell\/\" \/>\n<meta property=\"article:published_time\" content=\"2009-09-21T16:03:00+00:00\" \/>\n<meta property=\"article:modified_time\" content=\"2018-04-13T13:03:16+00:00\" \/>\n<meta property=\"og:image\" content=\"http:\/\/4.bp.blogspot.com\/_tkQIW00FXMc\/SremoIhCHKI\/AAAAAAAAAFk\/NcKC7WT_u_k\/s400\/calldetenesRB%5B1%5D.jpg\" \/>\n<meta name=\"author\" content=\"Joso Sabadell\" \/>\n<meta name=\"twitter:card\" content=\"summary_large_image\" \/>\n<meta name=\"twitter:creator\" content=\"@EscolaJosoSbd\" \/>\n<meta name=\"twitter:site\" content=\"@EscolaJosoSbd\" \/>\n<meta name=\"twitter:label1\" content=\"Escrito por\" \/>\n\t<meta name=\"twitter:data1\" content=\"Joso Sabadell\" \/>\n<script type=\"application\/ld+json\" class=\"yoast-schema-graph\">{\"@context\":\"https:\/\/schema.org\",\"@graph\":[{\"@type\":\"WebPage\",\"@id\":\"http:\/\/jososabadell.cat\/es\/2009\/09\/21\/cesc-fullana-guanyador-del-concurs-de-comic-de-calldetenes\/\",\"url\":\"http:\/\/jososabadell.cat\/es\/2009\/09\/21\/cesc-fullana-guanyador-del-concurs-de-comic-de-calldetenes\/\",\"name\":\"CESC FULLANA, GUANYADOR DEL CONCURS DE C\u00d2MIC DE CALLDETENES. - Escola Joso Sabadell\",\"isPartOf\":{\"@id\":\"https:\/\/jososabadell.cat\/#website\"},\"primaryImageOfPage\":{\"@id\":\"http:\/\/jososabadell.cat\/es\/2009\/09\/21\/cesc-fullana-guanyador-del-concurs-de-comic-de-calldetenes\/#primaryimage\"},\"image\":{\"@id\":\"http:\/\/jososabadell.cat\/es\/2009\/09\/21\/cesc-fullana-guanyador-del-concurs-de-comic-de-calldetenes\/#primaryimage\"},\"thumbnailUrl\":\"http:\/\/4.bp.blogspot.com\/_tkQIW00FXMc\/SremoIhCHKI\/AAAAAAAAAFk\/NcKC7WT_u_k\/s400\/calldetenesRB%5B1%5D.jpg\",\"datePublished\":\"2009-09-21T16:03:00+00:00\",\"dateModified\":\"2018-04-13T13:03:16+00:00\",\"author\":{\"@id\":\"https:\/\/jososabadell.cat\/#\/schema\/person\/233e57003be70aa898d35bfb3ee0fb72\"},\"breadcrumb\":{\"@id\":\"http:\/\/jososabadell.cat\/es\/2009\/09\/21\/cesc-fullana-guanyador-del-concurs-de-comic-de-calldetenes\/#breadcrumb\"},\"inLanguage\":\"es\",\"potentialAction\":[{\"@type\":\"ReadAction\",\"target\":[\"http:\/\/jososabadell.cat\/es\/2009\/09\/21\/cesc-fullana-guanyador-del-concurs-de-comic-de-calldetenes\/\"]}]},{\"@type\":\"ImageObject\",\"inLanguage\":\"es\",\"@id\":\"http:\/\/jososabadell.cat\/es\/2009\/09\/21\/cesc-fullana-guanyador-del-concurs-de-comic-de-calldetenes\/#primaryimage\",\"url\":\"http:\/\/4.bp.blogspot.com\/_tkQIW00FXMc\/SremoIhCHKI\/AAAAAAAAAFk\/NcKC7WT_u_k\/s400\/calldetenesRB%5B1%5D.jpg\",\"contentUrl\":\"http:\/\/4.bp.blogspot.com\/_tkQIW00FXMc\/SremoIhCHKI\/AAAAAAAAAFk\/NcKC7WT_u_k\/s400\/calldetenesRB%5B1%5D.jpg\"},{\"@type\":\"BreadcrumbList\",\"@id\":\"http:\/\/jososabadell.cat\/es\/2009\/09\/21\/cesc-fullana-guanyador-del-concurs-de-comic-de-calldetenes\/#breadcrumb\",\"itemListElement\":[{\"@type\":\"ListItem\",\"position\":1,\"name\":\"Inici\",\"item\":\"https:\/\/jososabadell.cat\/\"},{\"@type\":\"ListItem\",\"position\":2,\"name\":\"CESC FULLANA, GUANYADOR DEL CONCURS DE C\u00d2MIC DE CALLDETENES.\"}]},{\"@type\":\"WebSite\",\"@id\":\"https:\/\/jososabadell.cat\/#website\",\"url\":\"https:\/\/jososabadell.cat\/\",\"name\":\"Escola Joso Sabadell\",\"description\":\"\",\"potentialAction\":[{\"@type\":\"SearchAction\",\"target\":{\"@type\":\"EntryPoint\",\"urlTemplate\":\"https:\/\/jososabadell.cat\/?s={search_term_string}\"},\"query-input\":{\"@type\":\"PropertyValueSpecification\",\"valueRequired\":true,\"valueName\":\"search_term_string\"}}],\"inLanguage\":\"es\"},{\"@type\":\"Person\",\"@id\":\"https:\/\/jososabadell.cat\/#\/schema\/person\/233e57003be70aa898d35bfb3ee0fb72\",\"name\":\"Joso Sabadell\",\"image\":{\"@type\":\"ImageObject\",\"inLanguage\":\"es\",\"@id\":\"https:\/\/jososabadell.cat\/#\/schema\/person\/image\/\",\"url\":\"https:\/\/secure.gravatar.com\/avatar\/5aa9d058168d026c6f8d651849c8cf5d?s=96&d=mm&r=g\",\"contentUrl\":\"https:\/\/secure.gravatar.com\/avatar\/5aa9d058168d026c6f8d651849c8cf5d?s=96&d=mm&r=g\",\"caption\":\"Joso Sabadell\"},\"sameAs\":[\"http:\/\/jososabadell.cat\"]}]}<\/script>\n<!-- \/ Yoast SEO plugin. -->","yoast_head_json":{"title":"CESC FULLANA, GUANYADOR DEL CONCURS DE C\u00d2MIC DE CALLDETENES. - Escola Joso Sabadell","robots":{"index":"index","follow":"follow","max-snippet":"max-snippet:-1","max-image-preview":"max-image-preview:large","max-video-preview":"max-video-preview:-1"},"canonical":"http:\/\/jososabadell.cat\/es\/2009\/09\/21\/cesc-fullana-guanyador-del-concurs-de-comic-de-calldetenes\/","og_locale":"es_ES","og_type":"article","og_title":"CESC FULLANA, GUANYADOR DEL CONCURS DE C\u00d2MIC DE CALLDETENES. - Escola Joso Sabadell","og_description":"En Cesc Fullana que fa de professor al nostre centre va guanyar el passat dissabte 19 de Setembre de 2009 la XVIII a. Edici\u00f3 del Concurs de C\u00f2mic de Calldetenes amb l&#8217; obra CONTINUA SOMIANT de tem\u00e0tica i t\u00e9cnica lliure.","og_url":"http:\/\/jososabadell.cat\/es\/2009\/09\/21\/cesc-fullana-guanyador-del-concurs-de-comic-de-calldetenes\/","og_site_name":"Escola Joso Sabadell","article_publisher":"https:\/\/www.facebook.com\/escolajososabadell\/","article_published_time":"2009-09-21T16:03:00+00:00","article_modified_time":"2018-04-13T13:03:16+00:00","og_image":[{"url":"http:\/\/4.bp.blogspot.com\/_tkQIW00FXMc\/SremoIhCHKI\/AAAAAAAAAFk\/NcKC7WT_u_k\/s400\/calldetenesRB%5B1%5D.jpg","type":"","width":"","height":""}],"author":"Joso Sabadell","twitter_card":"summary_large_image","twitter_creator":"@EscolaJosoSbd","twitter_site":"@EscolaJosoSbd","twitter_misc":{"Escrito por":"Joso Sabadell"},"schema":{"@context":"https:\/\/schema.org","@graph":[{"@type":"WebPage","@id":"http:\/\/jososabadell.cat\/es\/2009\/09\/21\/cesc-fullana-guanyador-del-concurs-de-comic-de-calldetenes\/","url":"http:\/\/jososabadell.cat\/es\/2009\/09\/21\/cesc-fullana-guanyador-del-concurs-de-comic-de-calldetenes\/","name":"CESC FULLANA, GUANYADOR DEL CONCURS DE C\u00d2MIC DE CALLDETENES. - Escola Joso Sabadell","isPartOf":{"@id":"https:\/\/jososabadell.cat\/#website"},"primaryImageOfPage":{"@id":"http:\/\/jososabadell.cat\/es\/2009\/09\/21\/cesc-fullana-guanyador-del-concurs-de-comic-de-calldetenes\/#primaryimage"},"image":{"@id":"http:\/\/jososabadell.cat\/es\/2009\/09\/21\/cesc-fullana-guanyador-del-concurs-de-comic-de-calldetenes\/#primaryimage"},"thumbnailUrl":"http:\/\/4.bp.blogspot.com\/_tkQIW00FXMc\/SremoIhCHKI\/AAAAAAAAAFk\/NcKC7WT_u_k\/s400\/calldetenesRB%5B1%5D.jpg","datePublished":"2009-09-21T16:03:00+00:00","dateModified":"2018-04-13T13:03:16+00:00","author":{"@id":"https:\/\/jososabadell.cat\/#\/schema\/person\/233e57003be70aa898d35bfb3ee0fb72"},"breadcrumb":{"@id":"http:\/\/jososabadell.cat\/es\/2009\/09\/21\/cesc-fullana-guanyador-del-concurs-de-comic-de-calldetenes\/#breadcrumb"},"inLanguage":"es","potentialAction":[{"@type":"ReadAction","target":["http:\/\/jososabadell.cat\/es\/2009\/09\/21\/cesc-fullana-guanyador-del-concurs-de-comic-de-calldetenes\/"]}]},{"@type":"ImageObject","inLanguage":"es","@id":"http:\/\/jososabadell.cat\/es\/2009\/09\/21\/cesc-fullana-guanyador-del-concurs-de-comic-de-calldetenes\/#primaryimage","url":"http:\/\/4.bp.blogspot.com\/_tkQIW00FXMc\/SremoIhCHKI\/AAAAAAAAAFk\/NcKC7WT_u_k\/s400\/calldetenesRB%5B1%5D.jpg","contentUrl":"http:\/\/4.bp.blogspot.com\/_tkQIW00FXMc\/SremoIhCHKI\/AAAAAAAAAFk\/NcKC7WT_u_k\/s400\/calldetenesRB%5B1%5D.jpg"},{"@type":"BreadcrumbList","@id":"http:\/\/jososabadell.cat\/es\/2009\/09\/21\/cesc-fullana-guanyador-del-concurs-de-comic-de-calldetenes\/#breadcrumb","itemListElement":[{"@type":"ListItem","position":1,"name":"Inici","item":"https:\/\/jososabadell.cat\/"},{"@type":"ListItem","position":2,"name":"CESC FULLANA, GUANYADOR DEL CONCURS DE C\u00d2MIC DE CALLDETENES."}]},{"@type":"WebSite","@id":"https:\/\/jososabadell.cat\/#website","url":"https:\/\/jososabadell.cat\/","name":"&nbsp;Escola Joso Sabadell","description":"","potentialAction":[{"@type":"SearchAction","target":{"@type":"EntryPoint","urlTemplate":"https:\/\/jososabadell.cat\/?s={search_term_string}"},"query-input":{"@type":"PropertyValueSpecification","valueRequired":true,"valueName":"search_term_string"}}],"inLanguage":"es"},{"@type":"Person","@id":"https:\/\/jososabadell.cat\/#\/schema\/person\/233e57003be70aa898d35bfb3ee0fb72","name":"Joso Sabadell","image":{"@type":"ImageObject","inLanguage":"es","@id":"https:\/\/jososabadell.cat\/#\/schema\/person\/image\/","url":"https:\/\/secure.gravatar.com\/avatar\/5aa9d058168d026c6f8d651849c8cf5d?s=96&d=mm&r=g","contentUrl":"https:\/\/secure.gravatar.com\/avatar\/5aa9d058168d026c6f8d651849c8cf5d?s=96&d=mm&r=g","caption":"Joso Sabadell"},"sameAs":["http:\/\/jososabadell.cat"]}]}},"_links":{"self":[{"href":"https:\/\/jososabadell.cat\/es\/wp-json\/wp\/v2\/posts\/418"}],"collection":[{"href":"https:\/\/jososabadell.cat\/es\/wp-json\/wp\/v2\/posts"}],"about":[{"href":"https:\/\/jososabadell.cat\/es\/wp-json\/wp\/v2\/types\/post"}],"author":[{"embeddable":true,"href":"https:\/\/jososabadell.cat\/es\/wp-json\/wp\/v2\/users\/2"}],"replies":[{"embeddable":true,"href":"https:\/\/jososabadell.cat\/es\/wp-json\/wp\/v2\/comments?post=418"}],"version-history":[{"count":1,"href":"https:\/\/jososabadell.cat\/es\/wp-json\/wp\/v2\/posts\/418\/revisions"}],"predecessor-version":[{"id":854,"href":"https:\/\/jososabadell.cat\/es\/wp-json\/wp\/v2\/posts\/418\/revisions\/854"}],"wp:attachment":[{"href":"https:\/\/jososabadell.cat\/es\/wp-json\/wp\/v2\/media?parent=418"}],"wp:term":[{"taxonomy":"category","embeddable":true,"href":"https:\/\/jososabadell.cat\/es\/wp-json\/wp\/v2\/categories?post=418"},{"taxonomy":"post_tag","embeddable":true,"href":"https:\/\/jososabadell.cat\/es\/wp-json\/wp\/v2\/tags?post=418"}],"curies":[{"name":"wp","href":"https:\/\/api.w.org\/{rel}","templated":true}]}}