{"id":5550,"date":"2022-02-03T22:36:33","date_gmt":"2022-02-03T20:36:33","guid":{"rendered":"http:\/\/jososabadell.cat\/?p=5550"},"modified":"2022-02-03T23:00:45","modified_gmt":"2022-02-03T21:00:45","slug":"el-diari-digital-isabadell-presenta-dues-publicacions-en-paper-dissenyades-per-miquel-angel-claveria","status":"publish","type":"post","link":"https:\/\/jososabadell.cat\/es\/2022\/02\/03\/el-diari-digital-isabadell-presenta-dues-publicacions-en-paper-dissenyades-per-miquel-angel-claveria\/","title":{"rendered":"El diari iSabadell presenta dues publicacions en paper, dissenyades per Miquel \u00c0ngel Claveria"},"content":{"rendered":"<p><strong>Claveria, que \u00e9s el nostre professor de disseny gr\u00e0fic d\u2019Art Gr\u00e0fic, tamb\u00e9 ha dissenyat la identitat visual amb la que l\u2019iSabadell celebrar\u00e0 el seu 10\u00e8 aniversari.<\/strong><\/p>\n\n\n\n<p>A la <a href=\"https:\/\/www.isabadell.cat\/10-anys-isabadell\/tret-sortida-actes-10-anys-isabadell\/\">presentaci\u00f3<\/a>, a c\u00e0rrec del director del digital, <strong>Jordi de Arriba<\/strong>, va estar convidat el Miquel \u00c0ngel per explicar el proc\u00e9s creatiu. Tamb\u00e9 va assistir la periodista de l\u2019iSabadell, <strong>J\u00falia Ramon<\/strong>.\u00a0\u00a0<\/p>\n\n\n\n<figure class=\"wp-block-image size-large\"><img loading=\"lazy\" decoding=\"async\" width=\"818\" height=\"370\" src=\"https:\/\/jososabadell.cat\/wp-content\/uploads\/2022\/02\/Logo-iSabadell-10-anys-i-logo-iSabadell-per-Miquel-Angel-Claveria-Mijuro.jpg\" alt=\"\" class=\"wp-image-5552\" srcset=\"https:\/\/jososabadell.cat\/wp-content\/uploads\/2022\/02\/Logo-iSabadell-10-anys-i-logo-iSabadell-per-Miquel-Angel-Claveria-Mijuro.jpg 818w, https:\/\/jososabadell.cat\/wp-content\/uploads\/2022\/02\/Logo-iSabadell-10-anys-i-logo-iSabadell-per-Miquel-Angel-Claveria-Mijuro-500x226.jpg 500w, https:\/\/jososabadell.cat\/wp-content\/uploads\/2022\/02\/Logo-iSabadell-10-anys-i-logo-iSabadell-per-Miquel-Angel-Claveria-Mijuro-768x347.jpg 768w, https:\/\/jososabadell.cat\/wp-content\/uploads\/2022\/02\/Logo-iSabadell-10-anys-i-logo-iSabadell-per-Miquel-Angel-Claveria-Mijuro-16x7.jpg 16w\" sizes=\"(max-width: 818px) 100vw, 818px\" \/><figcaption><em>Logo de l&#8217;iSabadell i dels 10 anys del mitj\u00e0<\/em>.<\/figcaption><\/figure>\n\n\n\n<p>El <a href=\"https:\/\/www.isabadell.cat\/10-anys-isabadell\/10-anys-isabadell-1\/\">logo<\/a> beu de la l\u00ednia gr\u00e0fica del mitj\u00e0, simple i assentada sobre el blanc. El protagonista absolut \u00e9s l\u2019imagotip: el 10, gran, central, basat en el cercle i la \u2018i\u2019 del logo original (reconvertida ara en un 1) i amb els colors magenta i verd distintius del digital.\u00a0<\/p>\n\n\n\n<p>El Miquel \u00c0ngel tamb\u00e9 ha estat l\u2019encarregat de la direcci\u00f3 d\u2019art, el disseny i la maquetaci\u00f3 de <a href=\"https:\/\/www.isabadell.cat\/producte\/anuari-2021-especial-10-anys\/\">les dues publicacions<\/a> en paper que ha llen\u00e7at l\u2019iSabadell. Un Especial, de 100 p\u00e0gines, per commemorar els 10 anys, i un Anuari, de 80, que ser\u00e0 el primer d\u2019una nova publicaci\u00f3 anual. Han participat tamb\u00e9 a l&#8217;edici\u00f3 els seus companys de l\u2019estudi <a href=\"https:\/\/www.instagram.com\/losmijuro\/\"><strong>Mijuro<\/strong><\/a>, el <strong>Joan Carles Claveria<\/strong> i el <strong>Roger Surroca<\/strong> (ambd\u00f3s, exalumnes de l\u2019escola i que van formar part de la primera generaci\u00f3 d\u2019Art Gr\u00e0fic de la Joso Sabadell),<\/p>\n\n\n\n<figure class=\"wp-block-image size-large\"><img loading=\"lazy\" decoding=\"async\" width=\"818\" height=\"552\" src=\"http:\/\/jososabadell.cat\/wp-content\/uploads\/2022\/02\/Portades-iSabadell-Especial-i-Anuari.jpg\" alt=\"\" class=\"wp-image-5553\" srcset=\"https:\/\/jososabadell.cat\/wp-content\/uploads\/2022\/02\/Portades-iSabadell-Especial-i-Anuari.jpg 818w, https:\/\/jososabadell.cat\/wp-content\/uploads\/2022\/02\/Portades-iSabadell-Especial-i-Anuari-500x337.jpg 500w, https:\/\/jososabadell.cat\/wp-content\/uploads\/2022\/02\/Portades-iSabadell-Especial-i-Anuari-768x518.jpg 768w, https:\/\/jososabadell.cat\/wp-content\/uploads\/2022\/02\/Portades-iSabadell-Especial-i-Anuari-16x12.jpg 16w\" sizes=\"(max-width: 818px) 100vw, 818px\" \/><figcaption><em>Portades de l&#8217;Especial i de l&#8217;Anuari de l&#8217;iSabadell.<\/em><\/figcaption><\/figure>\n\n\n\n<figure class=\"wp-block-image size-large\"><img loading=\"lazy\" decoding=\"async\" width=\"818\" height=\"552\" src=\"https:\/\/jososabadell.cat\/wp-content\/uploads\/2022\/02\/Pagines-Anuari-i-Especial-iSabadell-10-anys.jpg\" alt=\"\" class=\"wp-image-5554\" srcset=\"https:\/\/jososabadell.cat\/wp-content\/uploads\/2022\/02\/Pagines-Anuari-i-Especial-iSabadell-10-anys.jpg 818w, https:\/\/jososabadell.cat\/wp-content\/uploads\/2022\/02\/Pagines-Anuari-i-Especial-iSabadell-10-anys-500x337.jpg 500w, https:\/\/jososabadell.cat\/wp-content\/uploads\/2022\/02\/Pagines-Anuari-i-Especial-iSabadell-10-anys-768x518.jpg 768w, https:\/\/jososabadell.cat\/wp-content\/uploads\/2022\/02\/Pagines-Anuari-i-Especial-iSabadell-10-anys-16x12.jpg 16w\" sizes=\"(max-width: 818px) 100vw, 818px\" \/><figcaption><em>Algunes p\u00e0gines de l&#8217;anuari i de l&#8217;especial de l&#8217;iSabadell<\/em>.<\/figcaption><\/figure>\n\n\n\n<hr class=\"wp-block-separator\"\/>\n\n\n\n<p>\ud83d\udcf7<strong>Foto de portada:<\/strong> Miquel \u00c0ngel Claveria durant la presentaci\u00f3. Autor: David B. (iSabadell).  <\/p>","protected":false},"excerpt":{"rendered":"<p>Claveria, que \u00e9s el nostre professor de disseny gr\u00e0fic d\u2019Art Gr\u00e0fic, tamb\u00e9 ha dissenyat la identitat visual amb la que l\u2019iSabadell celebrar\u00e0 el seu 10\u00e8 aniversari. A la presentaci\u00f3, a c\u00e0rrec del director del digital, Jordi de Arriba, va estar convidat el Miquel \u00c0ngel per explicar el proc\u00e9s creatiu. Tamb\u00e9 va assistir la periodista de [&hellip;]<\/p>\n","protected":false},"author":2,"featured_media":5555,"comment_status":"open","ping_status":"open","sticky":false,"template":"","format":"standard","meta":{"_monsterinsights_skip_tracking":false,"_monsterinsights_sitenote_active":false,"_monsterinsights_sitenote_note":"","_monsterinsights_sitenote_category":0,"footnotes":""},"categories":[1],"tags":[],"class_list":["post-5550","post","type-post","status-publish","format-standard","has-post-thumbnail","hentry","category-general"],"yoast_head":"<!-- This site is optimized with the Yoast SEO plugin v25.6 - https:\/\/yoast.com\/wordpress\/plugins\/seo\/ -->\n<title>El diari iSabadell presenta dues publicacions en paper, dissenyades per Miquel \u00c0ngel Claveria - Escola Joso Sabadell<\/title>\n<meta name=\"robots\" content=\"index, follow, max-snippet:-1, max-image-preview:large, max-video-preview:-1\" \/>\n<link rel=\"canonical\" href=\"http:\/\/jososabadell.cat\/es\/2022\/02\/03\/el-diari-digital-isabadell-presenta-dues-publicacions-en-paper-dissenyades-per-miquel-angel-claveria\/\" \/>\n<meta property=\"og:locale\" content=\"es_ES\" \/>\n<meta property=\"og:type\" content=\"article\" \/>\n<meta property=\"og:title\" content=\"El diari iSabadell presenta dues publicacions en paper, dissenyades per Miquel \u00c0ngel Claveria - Escola Joso Sabadell\" \/>\n<meta property=\"og:description\" content=\"Claveria, que \u00e9s el nostre professor de disseny gr\u00e0fic d\u2019Art Gr\u00e0fic, tamb\u00e9 ha dissenyat la identitat visual amb la que l\u2019iSabadell celebrar\u00e0 el seu 10\u00e8 aniversari. A la presentaci\u00f3, a c\u00e0rrec del director del digital, Jordi de Arriba, va estar convidat el Miquel \u00c0ngel per explicar el proc\u00e9s creatiu. Tamb\u00e9 va assistir la periodista de [&hellip;]\" \/>\n<meta property=\"og:url\" content=\"http:\/\/jososabadell.cat\/es\/2022\/02\/03\/el-diari-digital-isabadell-presenta-dues-publicacions-en-paper-dissenyades-per-miquel-angel-claveria\/\" \/>\n<meta property=\"og:site_name\" content=\"Escola Joso Sabadell\" \/>\n<meta property=\"article:publisher\" content=\"https:\/\/www.facebook.com\/escolajososabadell\/\" \/>\n<meta property=\"article:published_time\" content=\"2022-02-03T20:36:33+00:00\" \/>\n<meta property=\"article:modified_time\" content=\"2022-02-03T21:00:45+00:00\" \/>\n<meta property=\"og:image\" content=\"https:\/\/jososabadell.cat\/wp-content\/uploads\/2022\/02\/Miquel-Angel-Claveria-presentacio-iSabadell-10-anys.jpg\" \/>\n\t<meta property=\"og:image:width\" content=\"818\" \/>\n\t<meta property=\"og:image:height\" content=\"370\" \/>\n\t<meta property=\"og:image:type\" content=\"image\/jpeg\" \/>\n<meta name=\"author\" content=\"Joso Sabadell\" \/>\n<meta name=\"twitter:card\" content=\"summary_large_image\" \/>\n<meta name=\"twitter:creator\" content=\"@EscolaJosoSbd\" \/>\n<meta name=\"twitter:site\" content=\"@EscolaJosoSbd\" \/>\n<meta name=\"twitter:label1\" content=\"Escrito por\" \/>\n\t<meta name=\"twitter:data1\" content=\"Joso Sabadell\" \/>\n\t<meta name=\"twitter:label2\" content=\"Tiempo de lectura\" \/>\n\t<meta name=\"twitter:data2\" content=\"1 minuto\" \/>\n<script type=\"application\/ld+json\" class=\"yoast-schema-graph\">{\"@context\":\"https:\/\/schema.org\",\"@graph\":[{\"@type\":\"WebPage\",\"@id\":\"http:\/\/jososabadell.cat\/es\/2022\/02\/03\/el-diari-digital-isabadell-presenta-dues-publicacions-en-paper-dissenyades-per-miquel-angel-claveria\/\",\"url\":\"http:\/\/jososabadell.cat\/es\/2022\/02\/03\/el-diari-digital-isabadell-presenta-dues-publicacions-en-paper-dissenyades-per-miquel-angel-claveria\/\",\"name\":\"El diari iSabadell presenta dues publicacions en paper, dissenyades per Miquel \u00c0ngel Claveria - Escola Joso Sabadell\",\"isPartOf\":{\"@id\":\"https:\/\/jososabadell.cat\/#website\"},\"primaryImageOfPage\":{\"@id\":\"http:\/\/jososabadell.cat\/es\/2022\/02\/03\/el-diari-digital-isabadell-presenta-dues-publicacions-en-paper-dissenyades-per-miquel-angel-claveria\/#primaryimage\"},\"image\":{\"@id\":\"http:\/\/jososabadell.cat\/es\/2022\/02\/03\/el-diari-digital-isabadell-presenta-dues-publicacions-en-paper-dissenyades-per-miquel-angel-claveria\/#primaryimage\"},\"thumbnailUrl\":\"https:\/\/jososabadell.cat\/wp-content\/uploads\/2022\/02\/Miquel-Angel-Claveria-presentacio-iSabadell-10-anys.jpg\",\"datePublished\":\"2022-02-03T20:36:33+00:00\",\"dateModified\":\"2022-02-03T21:00:45+00:00\",\"author\":{\"@id\":\"https:\/\/jososabadell.cat\/#\/schema\/person\/233e57003be70aa898d35bfb3ee0fb72\"},\"breadcrumb\":{\"@id\":\"http:\/\/jososabadell.cat\/es\/2022\/02\/03\/el-diari-digital-isabadell-presenta-dues-publicacions-en-paper-dissenyades-per-miquel-angel-claveria\/#breadcrumb\"},\"inLanguage\":\"es\",\"potentialAction\":[{\"@type\":\"ReadAction\",\"target\":[\"http:\/\/jososabadell.cat\/es\/2022\/02\/03\/el-diari-digital-isabadell-presenta-dues-publicacions-en-paper-dissenyades-per-miquel-angel-claveria\/\"]}]},{\"@type\":\"ImageObject\",\"inLanguage\":\"es\",\"@id\":\"http:\/\/jososabadell.cat\/es\/2022\/02\/03\/el-diari-digital-isabadell-presenta-dues-publicacions-en-paper-dissenyades-per-miquel-angel-claveria\/#primaryimage\",\"url\":\"https:\/\/jososabadell.cat\/wp-content\/uploads\/2022\/02\/Miquel-Angel-Claveria-presentacio-iSabadell-10-anys.jpg\",\"contentUrl\":\"https:\/\/jososabadell.cat\/wp-content\/uploads\/2022\/02\/Miquel-Angel-Claveria-presentacio-iSabadell-10-anys.jpg\",\"width\":818,\"height\":370,\"caption\":\"Miquel \u00c0ngel Claveria presentaci\u00f3 iSabadell 10 anys\"},{\"@type\":\"BreadcrumbList\",\"@id\":\"http:\/\/jososabadell.cat\/es\/2022\/02\/03\/el-diari-digital-isabadell-presenta-dues-publicacions-en-paper-dissenyades-per-miquel-angel-claveria\/#breadcrumb\",\"itemListElement\":[{\"@type\":\"ListItem\",\"position\":1,\"name\":\"Inici\",\"item\":\"https:\/\/jososabadell.cat\/\"},{\"@type\":\"ListItem\",\"position\":2,\"name\":\"El diari iSabadell presenta dues publicacions en paper, dissenyades per Miquel \u00c0ngel Claveria\"}]},{\"@type\":\"WebSite\",\"@id\":\"https:\/\/jososabadell.cat\/#website\",\"url\":\"https:\/\/jososabadell.cat\/\",\"name\":\"Escola Joso Sabadell\",\"description\":\"\",\"potentialAction\":[{\"@type\":\"SearchAction\",\"target\":{\"@type\":\"EntryPoint\",\"urlTemplate\":\"https:\/\/jososabadell.cat\/?s={search_term_string}\"},\"query-input\":{\"@type\":\"PropertyValueSpecification\",\"valueRequired\":true,\"valueName\":\"search_term_string\"}}],\"inLanguage\":\"es\"},{\"@type\":\"Person\",\"@id\":\"https:\/\/jososabadell.cat\/#\/schema\/person\/233e57003be70aa898d35bfb3ee0fb72\",\"name\":\"Joso Sabadell\",\"image\":{\"@type\":\"ImageObject\",\"inLanguage\":\"es\",\"@id\":\"https:\/\/jososabadell.cat\/#\/schema\/person\/image\/\",\"url\":\"https:\/\/secure.gravatar.com\/avatar\/5aa9d058168d026c6f8d651849c8cf5d?s=96&d=mm&r=g\",\"contentUrl\":\"https:\/\/secure.gravatar.com\/avatar\/5aa9d058168d026c6f8d651849c8cf5d?s=96&d=mm&r=g\",\"caption\":\"Joso Sabadell\"},\"sameAs\":[\"http:\/\/jososabadell.cat\"]}]}<\/script>\n<!-- \/ Yoast SEO plugin. -->","yoast_head_json":{"title":"El diari iSabadell presenta dues publicacions en paper, dissenyades per Miquel \u00c0ngel Claveria - Escola Joso Sabadell","robots":{"index":"index","follow":"follow","max-snippet":"max-snippet:-1","max-image-preview":"max-image-preview:large","max-video-preview":"max-video-preview:-1"},"canonical":"http:\/\/jososabadell.cat\/es\/2022\/02\/03\/el-diari-digital-isabadell-presenta-dues-publicacions-en-paper-dissenyades-per-miquel-angel-claveria\/","og_locale":"es_ES","og_type":"article","og_title":"El diari iSabadell presenta dues publicacions en paper, dissenyades per Miquel \u00c0ngel Claveria - Escola Joso Sabadell","og_description":"Claveria, que \u00e9s el nostre professor de disseny gr\u00e0fic d\u2019Art Gr\u00e0fic, tamb\u00e9 ha dissenyat la identitat visual amb la que l\u2019iSabadell celebrar\u00e0 el seu 10\u00e8 aniversari. A la presentaci\u00f3, a c\u00e0rrec del director del digital, Jordi de Arriba, va estar convidat el Miquel \u00c0ngel per explicar el proc\u00e9s creatiu. Tamb\u00e9 va assistir la periodista de [&hellip;]","og_url":"http:\/\/jososabadell.cat\/es\/2022\/02\/03\/el-diari-digital-isabadell-presenta-dues-publicacions-en-paper-dissenyades-per-miquel-angel-claveria\/","og_site_name":"Escola Joso Sabadell","article_publisher":"https:\/\/www.facebook.com\/escolajososabadell\/","article_published_time":"2022-02-03T20:36:33+00:00","article_modified_time":"2022-02-03T21:00:45+00:00","og_image":[{"width":818,"height":370,"url":"https:\/\/jososabadell.cat\/wp-content\/uploads\/2022\/02\/Miquel-Angel-Claveria-presentacio-iSabadell-10-anys.jpg","type":"image\/jpeg"}],"author":"Joso Sabadell","twitter_card":"summary_large_image","twitter_creator":"@EscolaJosoSbd","twitter_site":"@EscolaJosoSbd","twitter_misc":{"Escrito por":"Joso Sabadell","Tiempo de lectura":"1 minuto"},"schema":{"@context":"https:\/\/schema.org","@graph":[{"@type":"WebPage","@id":"http:\/\/jososabadell.cat\/es\/2022\/02\/03\/el-diari-digital-isabadell-presenta-dues-publicacions-en-paper-dissenyades-per-miquel-angel-claveria\/","url":"http:\/\/jososabadell.cat\/es\/2022\/02\/03\/el-diari-digital-isabadell-presenta-dues-publicacions-en-paper-dissenyades-per-miquel-angel-claveria\/","name":"El diari iSabadell presenta dues publicacions en paper, dissenyades per Miquel \u00c0ngel Claveria - Escola Joso Sabadell","isPartOf":{"@id":"https:\/\/jososabadell.cat\/#website"},"primaryImageOfPage":{"@id":"http:\/\/jososabadell.cat\/es\/2022\/02\/03\/el-diari-digital-isabadell-presenta-dues-publicacions-en-paper-dissenyades-per-miquel-angel-claveria\/#primaryimage"},"image":{"@id":"http:\/\/jososabadell.cat\/es\/2022\/02\/03\/el-diari-digital-isabadell-presenta-dues-publicacions-en-paper-dissenyades-per-miquel-angel-claveria\/#primaryimage"},"thumbnailUrl":"https:\/\/jososabadell.cat\/wp-content\/uploads\/2022\/02\/Miquel-Angel-Claveria-presentacio-iSabadell-10-anys.jpg","datePublished":"2022-02-03T20:36:33+00:00","dateModified":"2022-02-03T21:00:45+00:00","author":{"@id":"https:\/\/jososabadell.cat\/#\/schema\/person\/233e57003be70aa898d35bfb3ee0fb72"},"breadcrumb":{"@id":"http:\/\/jososabadell.cat\/es\/2022\/02\/03\/el-diari-digital-isabadell-presenta-dues-publicacions-en-paper-dissenyades-per-miquel-angel-claveria\/#breadcrumb"},"inLanguage":"es","potentialAction":[{"@type":"ReadAction","target":["http:\/\/jososabadell.cat\/es\/2022\/02\/03\/el-diari-digital-isabadell-presenta-dues-publicacions-en-paper-dissenyades-per-miquel-angel-claveria\/"]}]},{"@type":"ImageObject","inLanguage":"es","@id":"http:\/\/jososabadell.cat\/es\/2022\/02\/03\/el-diari-digital-isabadell-presenta-dues-publicacions-en-paper-dissenyades-per-miquel-angel-claveria\/#primaryimage","url":"https:\/\/jososabadell.cat\/wp-content\/uploads\/2022\/02\/Miquel-Angel-Claveria-presentacio-iSabadell-10-anys.jpg","contentUrl":"https:\/\/jososabadell.cat\/wp-content\/uploads\/2022\/02\/Miquel-Angel-Claveria-presentacio-iSabadell-10-anys.jpg","width":818,"height":370,"caption":"Miquel \u00c0ngel Claveria presentaci\u00f3 iSabadell 10 anys"},{"@type":"BreadcrumbList","@id":"http:\/\/jososabadell.cat\/es\/2022\/02\/03\/el-diari-digital-isabadell-presenta-dues-publicacions-en-paper-dissenyades-per-miquel-angel-claveria\/#breadcrumb","itemListElement":[{"@type":"ListItem","position":1,"name":"Inici","item":"https:\/\/jososabadell.cat\/"},{"@type":"ListItem","position":2,"name":"El diari iSabadell presenta dues publicacions en paper, dissenyades per Miquel \u00c0ngel Claveria"}]},{"@type":"WebSite","@id":"https:\/\/jososabadell.cat\/#website","url":"https:\/\/jososabadell.cat\/","name":"&nbsp;Escola Joso Sabadell","description":"","potentialAction":[{"@type":"SearchAction","target":{"@type":"EntryPoint","urlTemplate":"https:\/\/jososabadell.cat\/?s={search_term_string}"},"query-input":{"@type":"PropertyValueSpecification","valueRequired":true,"valueName":"search_term_string"}}],"inLanguage":"es"},{"@type":"Person","@id":"https:\/\/jososabadell.cat\/#\/schema\/person\/233e57003be70aa898d35bfb3ee0fb72","name":"Joso Sabadell","image":{"@type":"ImageObject","inLanguage":"es","@id":"https:\/\/jososabadell.cat\/#\/schema\/person\/image\/","url":"https:\/\/secure.gravatar.com\/avatar\/5aa9d058168d026c6f8d651849c8cf5d?s=96&d=mm&r=g","contentUrl":"https:\/\/secure.gravatar.com\/avatar\/5aa9d058168d026c6f8d651849c8cf5d?s=96&d=mm&r=g","caption":"Joso Sabadell"},"sameAs":["http:\/\/jososabadell.cat"]}]}},"_links":{"self":[{"href":"https:\/\/jososabadell.cat\/es\/wp-json\/wp\/v2\/posts\/5550"}],"collection":[{"href":"https:\/\/jososabadell.cat\/es\/wp-json\/wp\/v2\/posts"}],"about":[{"href":"https:\/\/jososabadell.cat\/es\/wp-json\/wp\/v2\/types\/post"}],"author":[{"embeddable":true,"href":"https:\/\/jososabadell.cat\/es\/wp-json\/wp\/v2\/users\/2"}],"replies":[{"embeddable":true,"href":"https:\/\/jososabadell.cat\/es\/wp-json\/wp\/v2\/comments?post=5550"}],"version-history":[{"count":7,"href":"https:\/\/jososabadell.cat\/es\/wp-json\/wp\/v2\/posts\/5550\/revisions"}],"predecessor-version":[{"id":5562,"href":"https:\/\/jososabadell.cat\/es\/wp-json\/wp\/v2\/posts\/5550\/revisions\/5562"}],"wp:featuredmedia":[{"embeddable":true,"href":"https:\/\/jososabadell.cat\/es\/wp-json\/wp\/v2\/media\/5555"}],"wp:attachment":[{"href":"https:\/\/jososabadell.cat\/es\/wp-json\/wp\/v2\/media?parent=5550"}],"wp:term":[{"taxonomy":"category","embeddable":true,"href":"https:\/\/jososabadell.cat\/es\/wp-json\/wp\/v2\/categories?post=5550"},{"taxonomy":"post_tag","embeddable":true,"href":"https:\/\/jososabadell.cat\/es\/wp-json\/wp\/v2\/tags?post=5550"}],"curies":[{"name":"wp","href":"https:\/\/api.w.org\/{rel}","templated":true}]}}