{"id":7734,"date":"2022-10-02T17:29:57","date_gmt":"2022-10-02T15:29:57","guid":{"rendered":"http:\/\/jososabadell.cat\/?p=7734"},"modified":"2022-10-02T17:31:23","modified_gmt":"2022-10-02T15:31:23","slug":"lucas-roque-illustra-el-cartell-de-muerte-en-torrevieja","status":"publish","type":"post","link":"https:\/\/jososabadell.cat\/es\/2022\/10\/02\/lucas-roque-illustra-el-cartell-de-muerte-en-torrevieja\/","title":{"rendered":"Lucas Roque il\u00b7lustra el cartell de \u2018Muerte en Torrevieja\u2019"},"content":{"rendered":"<p><strong>El curtmetratge \u2018Muerte en Torrevieja\u2019 \u00e9s el projecte de final de grau d\u2019un grup d\u2019estudiants de l\u2019<a href=\"https:\/\/escac.com\/\" target=\"_blank\" rel=\"noreferrer noopener\">ESCAC<\/a> (Escola Superior de Cinema i Audiovisuals de Catalunya)<\/strong>.<\/p>\n\n\n\n<p><a href=\"https:\/\/www.instagram.com\/luks_illustration\/\" target=\"_blank\" rel=\"noreferrer noopener\">Lucas Roque<\/a>, alumne de 2n d\u2019Art Gr\u00e0fic de l\u2019escola, ha dut a terme la imatge gr\u00e0fica de la producci\u00f3 cinematogr\u00e0fica. Seu \u00e9s el disseny del t\u00edtol, aix\u00ed com la il\u00b7lustraci\u00f3 i el disseny del cartell.<\/p>\n\n\n\n<figure class=\"wp-block-image size-large\"><img loading=\"lazy\" decoding=\"async\" width=\"707\" height=\"1024\" src=\"https:\/\/jososabadell.cat\/wp-content\/uploads\/2022\/10\/Muerte-en-Torrevieja-cartell-by-Lucas-Roque-96ppp-707x1024.jpg\" alt=\"'Muerte en Torrevieja' (2022). Cartell il\u00b7lustrat per Lucas Roqie.\" class=\"wp-image-7735\" srcset=\"https:\/\/jososabadell.cat\/wp-content\/uploads\/2022\/10\/Muerte-en-Torrevieja-cartell-by-Lucas-Roque-96ppp-707x1024.jpg 707w, https:\/\/jososabadell.cat\/wp-content\/uploads\/2022\/10\/Muerte-en-Torrevieja-cartell-by-Lucas-Roque-96ppp-345x500.jpg 345w, https:\/\/jososabadell.cat\/wp-content\/uploads\/2022\/10\/Muerte-en-Torrevieja-cartell-by-Lucas-Roque-96ppp-768x1112.jpg 768w, https:\/\/jososabadell.cat\/wp-content\/uploads\/2022\/10\/Muerte-en-Torrevieja-cartell-by-Lucas-Roque-96ppp-8x12.jpg 8w, https:\/\/jososabadell.cat\/wp-content\/uploads\/2022\/10\/Muerte-en-Torrevieja-cartell-by-Lucas-Roque-96ppp-870x1260.jpg 870w, https:\/\/jososabadell.cat\/wp-content\/uploads\/2022\/10\/Muerte-en-Torrevieja-cartell-by-Lucas-Roque-96ppp.jpg 960w\" sizes=\"(max-width: 707px) 100vw, 707px\" \/><\/figure>\n\n\n\n<p>La protagonista de \u2018Muerte en Torrevieja\u2019&nbsp; \u00e9s una noia de 21 anys, mare d\u2019un fill no desitjat, que per sobreviure organitza apostes il\u00b7legals de balconing. \u201c\u00c9s un retrat de la cara B espanyola, excluida de l&#8217;europe\u00eftzaci\u00f3, i de l\u2019impacte de com el turisme est\u00e0 afectant als petits pobles costers\u201d, explica <a href=\"https:\/\/www.instagram.com\/adriarratia\/\" target=\"_blank\" rel=\"noreferrer noopener\">Adriana Arratia<\/a>, coguionista i directora del curt.&nbsp;&nbsp;<\/p>\n\n\n\n<p>De fet, va ser la pr\u00f2pia Arratia qui va contactar amb el Lucas Roque per encomanar-li l\u2019enc\u00e0rrec.<\/p>\n\n\n\n<p>\u2018Muerte en Torrevieja\u2019 <strong>s\u2019estrena dilluns 3 d\u2019octubre a Cinesa Diagonal<\/strong> (Barcelona).<\/p>\n\n\n\n<hr class=\"wp-block-separator\"\/>","protected":false},"excerpt":{"rendered":"<p>El curtmetratge \u2018Muerte en Torrevieja\u2019 \u00e9s el projecte de final de grau d\u2019un grup d\u2019estudiants de l\u2019ESCAC (Escola Superior de Cinema i Audiovisuals de Catalunya). Lucas Roque, alumne de 2n d\u2019Art Gr\u00e0fic de l\u2019escola, ha dut a terme la imatge gr\u00e0fica de la producci\u00f3 cinematogr\u00e0fica. Seu \u00e9s el disseny del t\u00edtol, aix\u00ed com la il\u00b7lustraci\u00f3 [&hellip;]<\/p>\n","protected":false},"author":2,"featured_media":7737,"comment_status":"open","ping_status":"open","sticky":false,"template":"","format":"standard","meta":{"_monsterinsights_skip_tracking":false,"_monsterinsights_sitenote_active":false,"_monsterinsights_sitenote_note":"","_monsterinsights_sitenote_category":0,"footnotes":""},"categories":[1],"tags":[],"class_list":["post-7734","post","type-post","status-publish","format-standard","has-post-thumbnail","hentry","category-general"],"yoast_head":"<!-- This site is optimized with the Yoast SEO plugin v25.6 - https:\/\/yoast.com\/wordpress\/plugins\/seo\/ -->\n<title>Lucas Roque il\u00b7lustra el cartell de \u2018Muerte en Torrevieja\u2019 - Escola Joso Sabadell<\/title>\n<meta name=\"robots\" content=\"index, follow, max-snippet:-1, max-image-preview:large, max-video-preview:-1\" \/>\n<link rel=\"canonical\" href=\"http:\/\/jososabadell.cat\/es\/2022\/10\/02\/lucas-roque-illustra-el-cartell-de-muerte-en-torrevieja\/\" \/>\n<meta property=\"og:locale\" content=\"es_ES\" \/>\n<meta property=\"og:type\" content=\"article\" \/>\n<meta property=\"og:title\" content=\"Lucas Roque il\u00b7lustra el cartell de \u2018Muerte en Torrevieja\u2019 - Escola Joso Sabadell\" \/>\n<meta property=\"og:description\" content=\"El curtmetratge \u2018Muerte en Torrevieja\u2019 \u00e9s el projecte de final de grau d\u2019un grup d\u2019estudiants de l\u2019ESCAC (Escola Superior de Cinema i Audiovisuals de Catalunya). Lucas Roque, alumne de 2n d\u2019Art Gr\u00e0fic de l\u2019escola, ha dut a terme la imatge gr\u00e0fica de la producci\u00f3 cinematogr\u00e0fica. Seu \u00e9s el disseny del t\u00edtol, aix\u00ed com la il\u00b7lustraci\u00f3 [&hellip;]\" \/>\n<meta property=\"og:url\" content=\"http:\/\/jososabadell.cat\/es\/2022\/10\/02\/lucas-roque-illustra-el-cartell-de-muerte-en-torrevieja\/\" \/>\n<meta property=\"og:site_name\" content=\"Escola Joso Sabadell\" \/>\n<meta property=\"article:publisher\" content=\"https:\/\/www.facebook.com\/escolajososabadell\/\" \/>\n<meta property=\"article:published_time\" content=\"2022-10-02T15:29:57+00:00\" \/>\n<meta property=\"article:modified_time\" content=\"2022-10-02T15:31:23+00:00\" \/>\n<meta property=\"og:image\" content=\"https:\/\/jososabadell.cat\/wp-content\/uploads\/2022\/10\/Muerte-en-Torrevieja-cartell-by-Lucas-Roque-96ppp-portada-web.jpg\" \/>\n\t<meta property=\"og:image:width\" content=\"818\" \/>\n\t<meta property=\"og:image:height\" content=\"370\" \/>\n\t<meta property=\"og:image:type\" content=\"image\/jpeg\" \/>\n<meta name=\"author\" content=\"Joso Sabadell\" \/>\n<meta name=\"twitter:card\" content=\"summary_large_image\" \/>\n<meta name=\"twitter:creator\" content=\"@EscolaJosoSbd\" \/>\n<meta name=\"twitter:site\" content=\"@EscolaJosoSbd\" \/>\n<meta name=\"twitter:label1\" content=\"Escrito por\" \/>\n\t<meta name=\"twitter:data1\" content=\"Joso Sabadell\" \/>\n\t<meta name=\"twitter:label2\" content=\"Tiempo de lectura\" \/>\n\t<meta name=\"twitter:data2\" content=\"1 minuto\" \/>\n<script type=\"application\/ld+json\" class=\"yoast-schema-graph\">{\"@context\":\"https:\/\/schema.org\",\"@graph\":[{\"@type\":\"WebPage\",\"@id\":\"http:\/\/jososabadell.cat\/es\/2022\/10\/02\/lucas-roque-illustra-el-cartell-de-muerte-en-torrevieja\/\",\"url\":\"http:\/\/jososabadell.cat\/es\/2022\/10\/02\/lucas-roque-illustra-el-cartell-de-muerte-en-torrevieja\/\",\"name\":\"Lucas Roque il\u00b7lustra el cartell de \u2018Muerte en Torrevieja\u2019 - Escola Joso Sabadell\",\"isPartOf\":{\"@id\":\"https:\/\/jososabadell.cat\/#website\"},\"primaryImageOfPage\":{\"@id\":\"http:\/\/jososabadell.cat\/es\/2022\/10\/02\/lucas-roque-illustra-el-cartell-de-muerte-en-torrevieja\/#primaryimage\"},\"image\":{\"@id\":\"http:\/\/jososabadell.cat\/es\/2022\/10\/02\/lucas-roque-illustra-el-cartell-de-muerte-en-torrevieja\/#primaryimage\"},\"thumbnailUrl\":\"https:\/\/jososabadell.cat\/wp-content\/uploads\/2022\/10\/Muerte-en-Torrevieja-cartell-by-Lucas-Roque-96ppp-portada-web.jpg\",\"datePublished\":\"2022-10-02T15:29:57+00:00\",\"dateModified\":\"2022-10-02T15:31:23+00:00\",\"author\":{\"@id\":\"https:\/\/jososabadell.cat\/#\/schema\/person\/233e57003be70aa898d35bfb3ee0fb72\"},\"breadcrumb\":{\"@id\":\"http:\/\/jososabadell.cat\/es\/2022\/10\/02\/lucas-roque-illustra-el-cartell-de-muerte-en-torrevieja\/#breadcrumb\"},\"inLanguage\":\"es\",\"potentialAction\":[{\"@type\":\"ReadAction\",\"target\":[\"http:\/\/jososabadell.cat\/es\/2022\/10\/02\/lucas-roque-illustra-el-cartell-de-muerte-en-torrevieja\/\"]}]},{\"@type\":\"ImageObject\",\"inLanguage\":\"es\",\"@id\":\"http:\/\/jososabadell.cat\/es\/2022\/10\/02\/lucas-roque-illustra-el-cartell-de-muerte-en-torrevieja\/#primaryimage\",\"url\":\"https:\/\/jososabadell.cat\/wp-content\/uploads\/2022\/10\/Muerte-en-Torrevieja-cartell-by-Lucas-Roque-96ppp-portada-web.jpg\",\"contentUrl\":\"https:\/\/jososabadell.cat\/wp-content\/uploads\/2022\/10\/Muerte-en-Torrevieja-cartell-by-Lucas-Roque-96ppp-portada-web.jpg\",\"width\":818,\"height\":370,\"caption\":\"'Muerte en Torrevieja' (2022). Cartell de Lucas Roque.\"},{\"@type\":\"BreadcrumbList\",\"@id\":\"http:\/\/jososabadell.cat\/es\/2022\/10\/02\/lucas-roque-illustra-el-cartell-de-muerte-en-torrevieja\/#breadcrumb\",\"itemListElement\":[{\"@type\":\"ListItem\",\"position\":1,\"name\":\"Inici\",\"item\":\"https:\/\/jososabadell.cat\/\"},{\"@type\":\"ListItem\",\"position\":2,\"name\":\"Lucas Roque il\u00b7lustra el cartell de \u2018Muerte en Torrevieja\u2019\"}]},{\"@type\":\"WebSite\",\"@id\":\"https:\/\/jososabadell.cat\/#website\",\"url\":\"https:\/\/jososabadell.cat\/\",\"name\":\"Escola Joso Sabadell\",\"description\":\"\",\"potentialAction\":[{\"@type\":\"SearchAction\",\"target\":{\"@type\":\"EntryPoint\",\"urlTemplate\":\"https:\/\/jososabadell.cat\/?s={search_term_string}\"},\"query-input\":{\"@type\":\"PropertyValueSpecification\",\"valueRequired\":true,\"valueName\":\"search_term_string\"}}],\"inLanguage\":\"es\"},{\"@type\":\"Person\",\"@id\":\"https:\/\/jososabadell.cat\/#\/schema\/person\/233e57003be70aa898d35bfb3ee0fb72\",\"name\":\"Joso Sabadell\",\"image\":{\"@type\":\"ImageObject\",\"inLanguage\":\"es\",\"@id\":\"https:\/\/jososabadell.cat\/#\/schema\/person\/image\/\",\"url\":\"https:\/\/secure.gravatar.com\/avatar\/5aa9d058168d026c6f8d651849c8cf5d?s=96&d=mm&r=g\",\"contentUrl\":\"https:\/\/secure.gravatar.com\/avatar\/5aa9d058168d026c6f8d651849c8cf5d?s=96&d=mm&r=g\",\"caption\":\"Joso Sabadell\"},\"sameAs\":[\"http:\/\/jososabadell.cat\"]}]}<\/script>\n<!-- \/ Yoast SEO plugin. -->","yoast_head_json":{"title":"Lucas Roque il\u00b7lustra el cartell de \u2018Muerte en Torrevieja\u2019 - Escola Joso Sabadell","robots":{"index":"index","follow":"follow","max-snippet":"max-snippet:-1","max-image-preview":"max-image-preview:large","max-video-preview":"max-video-preview:-1"},"canonical":"http:\/\/jososabadell.cat\/es\/2022\/10\/02\/lucas-roque-illustra-el-cartell-de-muerte-en-torrevieja\/","og_locale":"es_ES","og_type":"article","og_title":"Lucas Roque il\u00b7lustra el cartell de \u2018Muerte en Torrevieja\u2019 - Escola Joso Sabadell","og_description":"El curtmetratge \u2018Muerte en Torrevieja\u2019 \u00e9s el projecte de final de grau d\u2019un grup d\u2019estudiants de l\u2019ESCAC (Escola Superior de Cinema i Audiovisuals de Catalunya). Lucas Roque, alumne de 2n d\u2019Art Gr\u00e0fic de l\u2019escola, ha dut a terme la imatge gr\u00e0fica de la producci\u00f3 cinematogr\u00e0fica. Seu \u00e9s el disseny del t\u00edtol, aix\u00ed com la il\u00b7lustraci\u00f3 [&hellip;]","og_url":"http:\/\/jososabadell.cat\/es\/2022\/10\/02\/lucas-roque-illustra-el-cartell-de-muerte-en-torrevieja\/","og_site_name":"Escola Joso Sabadell","article_publisher":"https:\/\/www.facebook.com\/escolajososabadell\/","article_published_time":"2022-10-02T15:29:57+00:00","article_modified_time":"2022-10-02T15:31:23+00:00","og_image":[{"width":818,"height":370,"url":"https:\/\/jososabadell.cat\/wp-content\/uploads\/2022\/10\/Muerte-en-Torrevieja-cartell-by-Lucas-Roque-96ppp-portada-web.jpg","type":"image\/jpeg"}],"author":"Joso Sabadell","twitter_card":"summary_large_image","twitter_creator":"@EscolaJosoSbd","twitter_site":"@EscolaJosoSbd","twitter_misc":{"Escrito por":"Joso Sabadell","Tiempo de lectura":"1 minuto"},"schema":{"@context":"https:\/\/schema.org","@graph":[{"@type":"WebPage","@id":"http:\/\/jososabadell.cat\/es\/2022\/10\/02\/lucas-roque-illustra-el-cartell-de-muerte-en-torrevieja\/","url":"http:\/\/jososabadell.cat\/es\/2022\/10\/02\/lucas-roque-illustra-el-cartell-de-muerte-en-torrevieja\/","name":"Lucas Roque il\u00b7lustra el cartell de \u2018Muerte en Torrevieja\u2019 - Escola Joso Sabadell","isPartOf":{"@id":"https:\/\/jososabadell.cat\/#website"},"primaryImageOfPage":{"@id":"http:\/\/jososabadell.cat\/es\/2022\/10\/02\/lucas-roque-illustra-el-cartell-de-muerte-en-torrevieja\/#primaryimage"},"image":{"@id":"http:\/\/jososabadell.cat\/es\/2022\/10\/02\/lucas-roque-illustra-el-cartell-de-muerte-en-torrevieja\/#primaryimage"},"thumbnailUrl":"https:\/\/jososabadell.cat\/wp-content\/uploads\/2022\/10\/Muerte-en-Torrevieja-cartell-by-Lucas-Roque-96ppp-portada-web.jpg","datePublished":"2022-10-02T15:29:57+00:00","dateModified":"2022-10-02T15:31:23+00:00","author":{"@id":"https:\/\/jososabadell.cat\/#\/schema\/person\/233e57003be70aa898d35bfb3ee0fb72"},"breadcrumb":{"@id":"http:\/\/jososabadell.cat\/es\/2022\/10\/02\/lucas-roque-illustra-el-cartell-de-muerte-en-torrevieja\/#breadcrumb"},"inLanguage":"es","potentialAction":[{"@type":"ReadAction","target":["http:\/\/jososabadell.cat\/es\/2022\/10\/02\/lucas-roque-illustra-el-cartell-de-muerte-en-torrevieja\/"]}]},{"@type":"ImageObject","inLanguage":"es","@id":"http:\/\/jososabadell.cat\/es\/2022\/10\/02\/lucas-roque-illustra-el-cartell-de-muerte-en-torrevieja\/#primaryimage","url":"https:\/\/jososabadell.cat\/wp-content\/uploads\/2022\/10\/Muerte-en-Torrevieja-cartell-by-Lucas-Roque-96ppp-portada-web.jpg","contentUrl":"https:\/\/jososabadell.cat\/wp-content\/uploads\/2022\/10\/Muerte-en-Torrevieja-cartell-by-Lucas-Roque-96ppp-portada-web.jpg","width":818,"height":370,"caption":"'Muerte en Torrevieja' (2022). Cartell de Lucas Roque."},{"@type":"BreadcrumbList","@id":"http:\/\/jososabadell.cat\/es\/2022\/10\/02\/lucas-roque-illustra-el-cartell-de-muerte-en-torrevieja\/#breadcrumb","itemListElement":[{"@type":"ListItem","position":1,"name":"Inici","item":"https:\/\/jososabadell.cat\/"},{"@type":"ListItem","position":2,"name":"Lucas Roque il\u00b7lustra el cartell de \u2018Muerte en Torrevieja\u2019"}]},{"@type":"WebSite","@id":"https:\/\/jososabadell.cat\/#website","url":"https:\/\/jososabadell.cat\/","name":"&nbsp;Escola Joso Sabadell","description":"","potentialAction":[{"@type":"SearchAction","target":{"@type":"EntryPoint","urlTemplate":"https:\/\/jososabadell.cat\/?s={search_term_string}"},"query-input":{"@type":"PropertyValueSpecification","valueRequired":true,"valueName":"search_term_string"}}],"inLanguage":"es"},{"@type":"Person","@id":"https:\/\/jososabadell.cat\/#\/schema\/person\/233e57003be70aa898d35bfb3ee0fb72","name":"Joso Sabadell","image":{"@type":"ImageObject","inLanguage":"es","@id":"https:\/\/jososabadell.cat\/#\/schema\/person\/image\/","url":"https:\/\/secure.gravatar.com\/avatar\/5aa9d058168d026c6f8d651849c8cf5d?s=96&d=mm&r=g","contentUrl":"https:\/\/secure.gravatar.com\/avatar\/5aa9d058168d026c6f8d651849c8cf5d?s=96&d=mm&r=g","caption":"Joso Sabadell"},"sameAs":["http:\/\/jososabadell.cat"]}]}},"_links":{"self":[{"href":"https:\/\/jososabadell.cat\/es\/wp-json\/wp\/v2\/posts\/7734"}],"collection":[{"href":"https:\/\/jososabadell.cat\/es\/wp-json\/wp\/v2\/posts"}],"about":[{"href":"https:\/\/jososabadell.cat\/es\/wp-json\/wp\/v2\/types\/post"}],"author":[{"embeddable":true,"href":"https:\/\/jososabadell.cat\/es\/wp-json\/wp\/v2\/users\/2"}],"replies":[{"embeddable":true,"href":"https:\/\/jososabadell.cat\/es\/wp-json\/wp\/v2\/comments?post=7734"}],"version-history":[{"count":2,"href":"https:\/\/jososabadell.cat\/es\/wp-json\/wp\/v2\/posts\/7734\/revisions"}],"predecessor-version":[{"id":7738,"href":"https:\/\/jososabadell.cat\/es\/wp-json\/wp\/v2\/posts\/7734\/revisions\/7738"}],"wp:featuredmedia":[{"embeddable":true,"href":"https:\/\/jososabadell.cat\/es\/wp-json\/wp\/v2\/media\/7737"}],"wp:attachment":[{"href":"https:\/\/jososabadell.cat\/es\/wp-json\/wp\/v2\/media?parent=7734"}],"wp:term":[{"taxonomy":"category","embeddable":true,"href":"https:\/\/jososabadell.cat\/es\/wp-json\/wp\/v2\/categories?post=7734"},{"taxonomy":"post_tag","embeddable":true,"href":"https:\/\/jososabadell.cat\/es\/wp-json\/wp\/v2\/tags?post=7734"}],"curies":[{"name":"wp","href":"https:\/\/api.w.org\/{rel}","templated":true}]}}