{"id":8587,"date":"2023-02-19T00:12:02","date_gmt":"2023-02-18T22:12:02","guid":{"rendered":"https:\/\/jososabadell.cat\/?p=8587"},"modified":"2023-02-20T18:59:18","modified_gmt":"2023-02-20T16:59:18","slug":"webtoon-amb-meritxell-garcia-curs-intensiu","status":"publish","type":"post","link":"https:\/\/jososabadell.cat\/es\/2023\/02\/19\/webtoon-amb-meritxell-garcia-curs-intensiu\/","title":{"rendered":"Webtoon amb Meritxell Garcia, curs intensiu"},"content":{"rendered":"<p><strong>L\u2019Escola Joso Sabadell incorpora com a professora a l\u2019autora del webtoon Gecko Chan.<\/strong>&nbsp;<\/p>\n\n\n\n<p>Il\u00b7lustradora, dissenyadora gr\u00e0fica, concept artist, directora d\u2019art,&#8230; i tamb\u00e9 creadora i dibuixant de Gecko Chan. Tot aix\u00f2, i m\u00e9s, \u00e9s la Meritxell Garcia, la nova professora de l\u2019Escola Joso Sabadell.&nbsp;&nbsp;<\/p>\n\n\n\n<p><a href=\"https:\/\/www.instagram.com\/meritxellgarciadotcom\/\" target=\"_blank\" rel=\"noreferrer noopener\">Meritxell Garcia<\/a>, nascuda a Terrassa, impartir\u00e0 l\u2019assignatura de webtoon dins del curs d\u2019Art Gr\u00e0fic. Per\u00f2 qualsevol alumne o exalumne de l\u2019escola podr\u00e0 matricular-se en les seves classes per aprendre-ho tot sobre com narrar en aquest format de c\u00f2mic digital de lectura vertical, nascut a Corea ara fa 20 anys. Els darrers anys els webtoons han experimentat un gran creixement en autors i lectors, arreu del m\u00f3n.&nbsp;<\/p>\n\n\n\n<figure class=\"wp-block-image size-large\"><img loading=\"lazy\" decoding=\"async\" width=\"1024\" height=\"615\" src=\"https:\/\/jososabadell.cat\/wp-content\/uploads\/2023\/02\/Vinyeta-Gecko-Chan-by-Meritxell-Garcia-1024x615.png\" alt=\"\" class=\"wp-image-8591\" srcset=\"https:\/\/jososabadell.cat\/wp-content\/uploads\/2023\/02\/Vinyeta-Gecko-Chan-by-Meritxell-Garcia-1024x615.png 1024w, https:\/\/jososabadell.cat\/wp-content\/uploads\/2023\/02\/Vinyeta-Gecko-Chan-by-Meritxell-Garcia-500x300.png 500w, https:\/\/jososabadell.cat\/wp-content\/uploads\/2023\/02\/Vinyeta-Gecko-Chan-by-Meritxell-Garcia-768x461.png 768w, https:\/\/jososabadell.cat\/wp-content\/uploads\/2023\/02\/Vinyeta-Gecko-Chan-by-Meritxell-Garcia-1536x922.png 1536w, https:\/\/jososabadell.cat\/wp-content\/uploads\/2023\/02\/Vinyeta-Gecko-Chan-by-Meritxell-Garcia-18x12.png 18w, https:\/\/jososabadell.cat\/wp-content\/uploads\/2023\/02\/Vinyeta-Gecko-Chan-by-Meritxell-Garcia-320x192.png 320w, https:\/\/jososabadell.cat\/wp-content\/uploads\/2023\/02\/Vinyeta-Gecko-Chan-by-Meritxell-Garcia-480x288.png 480w, https:\/\/jososabadell.cat\/wp-content\/uploads\/2023\/02\/Vinyeta-Gecko-Chan-by-Meritxell-Garcia-800x480.png 800w, https:\/\/jososabadell.cat\/wp-content\/uploads\/2023\/02\/Vinyeta-Gecko-Chan-by-Meritxell-Garcia-870x522.png 870w, https:\/\/jososabadell.cat\/wp-content\/uploads\/2023\/02\/Vinyeta-Gecko-Chan-by-Meritxell-Garcia.png 1636w\" sizes=\"(max-width: 1024px) 100vw, 1024px\" \/><\/figure>\n\n\n\n<p><a href=\"https:\/\/www.webtoons.com\/es\/comedy\/gecko-chan\/list?title_no=2947\" target=\"_blank\" rel=\"noreferrer noopener\">Geco Chan, Original de Webtoon<\/a>, narra la hist\u00f2ria d\u2019un dinosaure adolescent que ha d\u2019aprendre a lidiar amb uns poders que no controla, alhora que fuig d\u2019una ca\u00e7adora de monstres que intenta capturar-lo. Ho far\u00e0 amb ajuda dels seus nous amics humans, als que coneix en la nova ciutat a la que s\u2019acaba de mudar.<\/p>\n\n\n\n<p>El nou curs de Webtoon \u00e9s una de les apostes de l\u2019Escola Joso Sabadell per continuar estant al capdavant de l\u2019ensenyament del c\u00f2mic, el manga i altres formes de narrativa visual. Quin millor moment per fer-ho que en el marc del nostre 30\u00e8 aniversari.<\/p>\n\n\n<div class=\"wp-block-image is-style-rounded\">\n<figure class=\"aligncenter size-large is-resized\"><img loading=\"lazy\" decoding=\"async\" src=\"https:\/\/jososabadell.cat\/wp-content\/uploads\/2023\/02\/Meritxell-Garcia-web-719x1024.jpg\" alt=\"\" class=\"wp-image-8589\" width=\"291\" height=\"414\" srcset=\"https:\/\/jososabadell.cat\/wp-content\/uploads\/2023\/02\/Meritxell-Garcia-web-719x1024.jpg 719w, https:\/\/jososabadell.cat\/wp-content\/uploads\/2023\/02\/Meritxell-Garcia-web-351x500.jpg 351w, https:\/\/jososabadell.cat\/wp-content\/uploads\/2023\/02\/Meritxell-Garcia-web-768x1094.jpg 768w, https:\/\/jososabadell.cat\/wp-content\/uploads\/2023\/02\/Meritxell-Garcia-web-8x12.jpg 8w, https:\/\/jososabadell.cat\/wp-content\/uploads\/2023\/02\/Meritxell-Garcia-web-320x456.jpg 320w, https:\/\/jososabadell.cat\/wp-content\/uploads\/2023\/02\/Meritxell-Garcia-web-480x684.jpg 480w, https:\/\/jososabadell.cat\/wp-content\/uploads\/2023\/02\/Meritxell-Garcia-web-800x1139.jpg 800w, https:\/\/jososabadell.cat\/wp-content\/uploads\/2023\/02\/Meritxell-Garcia-web.jpg 818w\" sizes=\"(max-width: 291px) 100vw, 291px\" \/><\/figure><\/div>\n\n\n<div style=\"height:16px\" aria-hidden=\"true\" class=\"wp-block-spacer\"><\/div>\n\n\n\n<p>Si esteu interessades o interessats en el curs, podeu fer-nos arribar un mail a <strong>info@jososabadell.cat<\/strong> o fent servir el nostre <a href=\"https:\/\/jososabadell.cat\/es\/formulari\/\" target=\"_blank\" rel=\"noreferrer noopener\">formulari<\/a>. <\/p>\n\n\n\n<hr class=\"wp-block-separator has-alpha-channel-opacity\"\/>\n\n\n\n<p>\ud83d\udcf8Meritxell Garcia i Gecko Chan, benvinguts a la Joso Sabadell! \ud83d\udc9a<\/p>","protected":false},"excerpt":{"rendered":"<p>L\u2019Escola Joso Sabadell incorpora com a professora a l\u2019autora del webtoon Gecko Chan.&nbsp; Il\u00b7lustradora, dissenyadora gr\u00e0fica, concept artist, directora d\u2019art,&#8230; i tamb\u00e9 creadora i dibuixant de Gecko Chan. Tot aix\u00f2, i m\u00e9s, \u00e9s la Meritxell Garcia, la nova professora de l\u2019Escola Joso Sabadell.&nbsp;&nbsp; Meritxell Garcia, nascuda a Terrassa, impartir\u00e0 l\u2019assignatura de webtoon dins del curs [&hellip;]<\/p>\n","protected":false},"author":2,"featured_media":8588,"comment_status":"open","ping_status":"open","sticky":false,"template":"","format":"standard","meta":{"_monsterinsights_skip_tracking":false,"_monsterinsights_sitenote_active":false,"_monsterinsights_sitenote_note":"","_monsterinsights_sitenote_category":0,"footnotes":""},"categories":[1],"tags":[],"class_list":["post-8587","post","type-post","status-publish","format-standard","has-post-thumbnail","hentry","category-general"],"yoast_head":"<!-- This site is optimized with the Yoast SEO plugin v25.6 - https:\/\/yoast.com\/wordpress\/plugins\/seo\/ -->\n<title>Webtoon amb Meritxell Garcia, curs intensiu - Escola Joso Sabadell<\/title>\n<meta name=\"robots\" content=\"index, follow, max-snippet:-1, max-image-preview:large, max-video-preview:-1\" \/>\n<link rel=\"canonical\" href=\"https:\/\/jososabadell.cat\/es\/2023\/02\/19\/webtoon-amb-meritxell-garcia-curs-intensiu\/\" \/>\n<meta property=\"og:locale\" content=\"es_ES\" \/>\n<meta property=\"og:type\" content=\"article\" \/>\n<meta property=\"og:title\" content=\"Webtoon amb Meritxell Garcia, curs intensiu - Escola Joso Sabadell\" \/>\n<meta property=\"og:description\" content=\"L\u2019Escola Joso Sabadell incorpora com a professora a l\u2019autora del webtoon Gecko Chan.&nbsp; Il\u00b7lustradora, dissenyadora gr\u00e0fica, concept artist, directora d\u2019art,&#8230; i tamb\u00e9 creadora i dibuixant de Gecko Chan. Tot aix\u00f2, i m\u00e9s, \u00e9s la Meritxell Garcia, la nova professora de l\u2019Escola Joso Sabadell.&nbsp;&nbsp; Meritxell Garcia, nascuda a Terrassa, impartir\u00e0 l\u2019assignatura de webtoon dins del curs [&hellip;]\" \/>\n<meta property=\"og:url\" content=\"https:\/\/jososabadell.cat\/es\/2023\/02\/19\/webtoon-amb-meritxell-garcia-curs-intensiu\/\" \/>\n<meta property=\"og:site_name\" content=\"Escola Joso Sabadell\" \/>\n<meta property=\"article:publisher\" content=\"https:\/\/www.facebook.com\/escolajososabadell\/\" \/>\n<meta property=\"article:published_time\" content=\"2023-02-18T22:12:02+00:00\" \/>\n<meta property=\"article:modified_time\" content=\"2023-02-20T16:59:18+00:00\" \/>\n<meta property=\"og:image\" content=\"https:\/\/jososabadell.cat\/wp-content\/uploads\/2023\/02\/Gecko-Chan-by-Meritxell-Garcia-web.jpg\" \/>\n\t<meta property=\"og:image:width\" content=\"818\" \/>\n\t<meta property=\"og:image:height\" content=\"370\" \/>\n\t<meta property=\"og:image:type\" content=\"image\/jpeg\" \/>\n<meta name=\"author\" content=\"Joso Sabadell\" \/>\n<meta name=\"twitter:card\" content=\"summary_large_image\" \/>\n<meta name=\"twitter:creator\" content=\"@EscolaJosoSbd\" \/>\n<meta name=\"twitter:site\" content=\"@EscolaJosoSbd\" \/>\n<meta name=\"twitter:label1\" content=\"Escrito por\" \/>\n\t<meta name=\"twitter:data1\" content=\"Joso Sabadell\" \/>\n\t<meta name=\"twitter:label2\" content=\"Tiempo de lectura\" \/>\n\t<meta name=\"twitter:data2\" content=\"2 minutos\" \/>\n<script type=\"application\/ld+json\" class=\"yoast-schema-graph\">{\"@context\":\"https:\/\/schema.org\",\"@graph\":[{\"@type\":\"WebPage\",\"@id\":\"https:\/\/jososabadell.cat\/2023\/02\/19\/webtoon-amb-meritxell-garcia-curs-intensiu\/\",\"url\":\"https:\/\/jososabadell.cat\/2023\/02\/19\/webtoon-amb-meritxell-garcia-curs-intensiu\/\",\"name\":\"Webtoon amb Meritxell Garcia, curs intensiu - Escola Joso Sabadell\",\"isPartOf\":{\"@id\":\"https:\/\/jososabadell.cat\/#website\"},\"primaryImageOfPage\":{\"@id\":\"https:\/\/jososabadell.cat\/2023\/02\/19\/webtoon-amb-meritxell-garcia-curs-intensiu\/#primaryimage\"},\"image\":{\"@id\":\"https:\/\/jososabadell.cat\/2023\/02\/19\/webtoon-amb-meritxell-garcia-curs-intensiu\/#primaryimage\"},\"thumbnailUrl\":\"https:\/\/jososabadell.cat\/wp-content\/uploads\/2023\/02\/Gecko-Chan-by-Meritxell-Garcia-web.jpg\",\"datePublished\":\"2023-02-18T22:12:02+00:00\",\"dateModified\":\"2023-02-20T16:59:18+00:00\",\"author\":{\"@id\":\"https:\/\/jososabadell.cat\/#\/schema\/person\/233e57003be70aa898d35bfb3ee0fb72\"},\"breadcrumb\":{\"@id\":\"https:\/\/jososabadell.cat\/2023\/02\/19\/webtoon-amb-meritxell-garcia-curs-intensiu\/#breadcrumb\"},\"inLanguage\":\"es\",\"potentialAction\":[{\"@type\":\"ReadAction\",\"target\":[\"https:\/\/jososabadell.cat\/2023\/02\/19\/webtoon-amb-meritxell-garcia-curs-intensiu\/\"]}]},{\"@type\":\"ImageObject\",\"inLanguage\":\"es\",\"@id\":\"https:\/\/jososabadell.cat\/2023\/02\/19\/webtoon-amb-meritxell-garcia-curs-intensiu\/#primaryimage\",\"url\":\"https:\/\/jososabadell.cat\/wp-content\/uploads\/2023\/02\/Gecko-Chan-by-Meritxell-Garcia-web.jpg\",\"contentUrl\":\"https:\/\/jososabadell.cat\/wp-content\/uploads\/2023\/02\/Gecko-Chan-by-Meritxell-Garcia-web.jpg\",\"width\":818,\"height\":370,\"caption\":\"Gecko Chan by Meritxell Garcia\"},{\"@type\":\"BreadcrumbList\",\"@id\":\"https:\/\/jososabadell.cat\/2023\/02\/19\/webtoon-amb-meritxell-garcia-curs-intensiu\/#breadcrumb\",\"itemListElement\":[{\"@type\":\"ListItem\",\"position\":1,\"name\":\"Inici\",\"item\":\"https:\/\/jososabadell.cat\/\"},{\"@type\":\"ListItem\",\"position\":2,\"name\":\"Webtoon amb Meritxell Garcia, curs intensiu\"}]},{\"@type\":\"WebSite\",\"@id\":\"https:\/\/jososabadell.cat\/#website\",\"url\":\"https:\/\/jososabadell.cat\/\",\"name\":\"Escola Joso Sabadell\",\"description\":\"\",\"potentialAction\":[{\"@type\":\"SearchAction\",\"target\":{\"@type\":\"EntryPoint\",\"urlTemplate\":\"https:\/\/jososabadell.cat\/?s={search_term_string}\"},\"query-input\":{\"@type\":\"PropertyValueSpecification\",\"valueRequired\":true,\"valueName\":\"search_term_string\"}}],\"inLanguage\":\"es\"},{\"@type\":\"Person\",\"@id\":\"https:\/\/jososabadell.cat\/#\/schema\/person\/233e57003be70aa898d35bfb3ee0fb72\",\"name\":\"Joso Sabadell\",\"image\":{\"@type\":\"ImageObject\",\"inLanguage\":\"es\",\"@id\":\"https:\/\/jososabadell.cat\/#\/schema\/person\/image\/\",\"url\":\"https:\/\/secure.gravatar.com\/avatar\/5aa9d058168d026c6f8d651849c8cf5d?s=96&d=mm&r=g\",\"contentUrl\":\"https:\/\/secure.gravatar.com\/avatar\/5aa9d058168d026c6f8d651849c8cf5d?s=96&d=mm&r=g\",\"caption\":\"Joso Sabadell\"},\"sameAs\":[\"http:\/\/jososabadell.cat\"]}]}<\/script>\n<!-- \/ Yoast SEO plugin. -->","yoast_head_json":{"title":"Webtoon amb Meritxell Garcia, curs intensiu - Escola Joso Sabadell","robots":{"index":"index","follow":"follow","max-snippet":"max-snippet:-1","max-image-preview":"max-image-preview:large","max-video-preview":"max-video-preview:-1"},"canonical":"https:\/\/jososabadell.cat\/es\/2023\/02\/19\/webtoon-amb-meritxell-garcia-curs-intensiu\/","og_locale":"es_ES","og_type":"article","og_title":"Webtoon amb Meritxell Garcia, curs intensiu - Escola Joso Sabadell","og_description":"L\u2019Escola Joso Sabadell incorpora com a professora a l\u2019autora del webtoon Gecko Chan.&nbsp; Il\u00b7lustradora, dissenyadora gr\u00e0fica, concept artist, directora d\u2019art,&#8230; i tamb\u00e9 creadora i dibuixant de Gecko Chan. Tot aix\u00f2, i m\u00e9s, \u00e9s la Meritxell Garcia, la nova professora de l\u2019Escola Joso Sabadell.&nbsp;&nbsp; Meritxell Garcia, nascuda a Terrassa, impartir\u00e0 l\u2019assignatura de webtoon dins del curs [&hellip;]","og_url":"https:\/\/jososabadell.cat\/es\/2023\/02\/19\/webtoon-amb-meritxell-garcia-curs-intensiu\/","og_site_name":"Escola Joso Sabadell","article_publisher":"https:\/\/www.facebook.com\/escolajososabadell\/","article_published_time":"2023-02-18T22:12:02+00:00","article_modified_time":"2023-02-20T16:59:18+00:00","og_image":[{"width":818,"height":370,"url":"https:\/\/jososabadell.cat\/wp-content\/uploads\/2023\/02\/Gecko-Chan-by-Meritxell-Garcia-web.jpg","type":"image\/jpeg"}],"author":"Joso Sabadell","twitter_card":"summary_large_image","twitter_creator":"@EscolaJosoSbd","twitter_site":"@EscolaJosoSbd","twitter_misc":{"Escrito por":"Joso Sabadell","Tiempo de lectura":"2 minutos"},"schema":{"@context":"https:\/\/schema.org","@graph":[{"@type":"WebPage","@id":"https:\/\/jososabadell.cat\/2023\/02\/19\/webtoon-amb-meritxell-garcia-curs-intensiu\/","url":"https:\/\/jososabadell.cat\/2023\/02\/19\/webtoon-amb-meritxell-garcia-curs-intensiu\/","name":"Webtoon amb Meritxell Garcia, curs intensiu - Escola Joso Sabadell","isPartOf":{"@id":"https:\/\/jososabadell.cat\/#website"},"primaryImageOfPage":{"@id":"https:\/\/jososabadell.cat\/2023\/02\/19\/webtoon-amb-meritxell-garcia-curs-intensiu\/#primaryimage"},"image":{"@id":"https:\/\/jososabadell.cat\/2023\/02\/19\/webtoon-amb-meritxell-garcia-curs-intensiu\/#primaryimage"},"thumbnailUrl":"https:\/\/jososabadell.cat\/wp-content\/uploads\/2023\/02\/Gecko-Chan-by-Meritxell-Garcia-web.jpg","datePublished":"2023-02-18T22:12:02+00:00","dateModified":"2023-02-20T16:59:18+00:00","author":{"@id":"https:\/\/jososabadell.cat\/#\/schema\/person\/233e57003be70aa898d35bfb3ee0fb72"},"breadcrumb":{"@id":"https:\/\/jososabadell.cat\/2023\/02\/19\/webtoon-amb-meritxell-garcia-curs-intensiu\/#breadcrumb"},"inLanguage":"es","potentialAction":[{"@type":"ReadAction","target":["https:\/\/jososabadell.cat\/2023\/02\/19\/webtoon-amb-meritxell-garcia-curs-intensiu\/"]}]},{"@type":"ImageObject","inLanguage":"es","@id":"https:\/\/jososabadell.cat\/2023\/02\/19\/webtoon-amb-meritxell-garcia-curs-intensiu\/#primaryimage","url":"https:\/\/jososabadell.cat\/wp-content\/uploads\/2023\/02\/Gecko-Chan-by-Meritxell-Garcia-web.jpg","contentUrl":"https:\/\/jososabadell.cat\/wp-content\/uploads\/2023\/02\/Gecko-Chan-by-Meritxell-Garcia-web.jpg","width":818,"height":370,"caption":"Gecko Chan by Meritxell Garcia"},{"@type":"BreadcrumbList","@id":"https:\/\/jososabadell.cat\/2023\/02\/19\/webtoon-amb-meritxell-garcia-curs-intensiu\/#breadcrumb","itemListElement":[{"@type":"ListItem","position":1,"name":"Inici","item":"https:\/\/jososabadell.cat\/"},{"@type":"ListItem","position":2,"name":"Webtoon amb Meritxell Garcia, curs intensiu"}]},{"@type":"WebSite","@id":"https:\/\/jososabadell.cat\/#website","url":"https:\/\/jososabadell.cat\/","name":"&nbsp;Escola Joso Sabadell","description":"","potentialAction":[{"@type":"SearchAction","target":{"@type":"EntryPoint","urlTemplate":"https:\/\/jososabadell.cat\/?s={search_term_string}"},"query-input":{"@type":"PropertyValueSpecification","valueRequired":true,"valueName":"search_term_string"}}],"inLanguage":"es"},{"@type":"Person","@id":"https:\/\/jososabadell.cat\/#\/schema\/person\/233e57003be70aa898d35bfb3ee0fb72","name":"Joso Sabadell","image":{"@type":"ImageObject","inLanguage":"es","@id":"https:\/\/jososabadell.cat\/#\/schema\/person\/image\/","url":"https:\/\/secure.gravatar.com\/avatar\/5aa9d058168d026c6f8d651849c8cf5d?s=96&d=mm&r=g","contentUrl":"https:\/\/secure.gravatar.com\/avatar\/5aa9d058168d026c6f8d651849c8cf5d?s=96&d=mm&r=g","caption":"Joso Sabadell"},"sameAs":["http:\/\/jososabadell.cat"]}]}},"_links":{"self":[{"href":"https:\/\/jososabadell.cat\/es\/wp-json\/wp\/v2\/posts\/8587"}],"collection":[{"href":"https:\/\/jososabadell.cat\/es\/wp-json\/wp\/v2\/posts"}],"about":[{"href":"https:\/\/jososabadell.cat\/es\/wp-json\/wp\/v2\/types\/post"}],"author":[{"embeddable":true,"href":"https:\/\/jososabadell.cat\/es\/wp-json\/wp\/v2\/users\/2"}],"replies":[{"embeddable":true,"href":"https:\/\/jososabadell.cat\/es\/wp-json\/wp\/v2\/comments?post=8587"}],"version-history":[{"count":6,"href":"https:\/\/jososabadell.cat\/es\/wp-json\/wp\/v2\/posts\/8587\/revisions"}],"predecessor-version":[{"id":8596,"href":"https:\/\/jososabadell.cat\/es\/wp-json\/wp\/v2\/posts\/8587\/revisions\/8596"}],"wp:featuredmedia":[{"embeddable":true,"href":"https:\/\/jososabadell.cat\/es\/wp-json\/wp\/v2\/media\/8588"}],"wp:attachment":[{"href":"https:\/\/jososabadell.cat\/es\/wp-json\/wp\/v2\/media?parent=8587"}],"wp:term":[{"taxonomy":"category","embeddable":true,"href":"https:\/\/jososabadell.cat\/es\/wp-json\/wp\/v2\/categories?post=8587"},{"taxonomy":"post_tag","embeddable":true,"href":"https:\/\/jososabadell.cat\/es\/wp-json\/wp\/v2\/tags?post=8587"}],"curies":[{"name":"wp","href":"https:\/\/api.w.org\/{rel}","templated":true}]}}