{"id":8669,"date":"2023-03-14T00:23:26","date_gmt":"2023-03-13T22:23:26","guid":{"rendered":"https:\/\/jososabadell.cat\/?p=8669"},"modified":"2023-03-14T00:24:42","modified_gmt":"2023-03-13T22:24:42","slug":"alumnes-dart-grafic-imparteixen-tallers-a-labacus","status":"publish","type":"post","link":"https:\/\/jososabadell.cat\/es\/2023\/03\/14\/alumnes-dart-grafic-imparteixen-tallers-a-labacus\/","title":{"rendered":"Alumnes d\u2019Art Gr\u00e0fic imparteixen tallers a l\u2019Abacus"},"content":{"rendered":"<p><strong>Alumnes de 4t d\u2019Art Gr\u00e0fic impartiran tallers de dibuix a botigues Abacus del Vall\u00e8s Occidental. La iniciativa \u00e9s fruit de la col\u00b7laboraci\u00f3 que Abacus duu a terme a tota Catalunya amb l\u2019Escola Joso.<\/strong><\/p>\n\n\n\n<p>En el marc de la campanya d\u2019Abacus \u2018<a href=\"https:\/\/abacus.cat\/es\/campana\/mes-del-comic-es\/\" target=\"_blank\" rel=\"noreferrer noopener\">Viu el mes del c\u00f2mic<\/a>\u2019, que la cooperativa duu a terme entre el 3 de mar\u00e7 i el 2 d\u2019abril, alumnes de l\u2019<a href=\"https:\/\/escolajoso.com\/\" target=\"_blank\" rel=\"noreferrer noopener\">Escola Joso<\/a> impartiran tallers de dibuix arreu de Catalunya. En el cas de Sabadell, seran alumnes de 4t d\u2019Art Gr\u00e0fic de la nostra escola les encarregades i els encarregats de conduir els tallers en botigues Abacus del Vall\u00e8s Occidental.<\/p>\n\n\n\n<figure class=\"wp-block-image size-full\"><img loading=\"lazy\" decoding=\"async\" width=\"818\" height=\"370\" src=\"https:\/\/jososabadell.cat\/wp-content\/uploads\/2023\/03\/230311-Abacus-Sabadell-Sheyla-Haddad-web-noti.jpg\" alt=\"\" class=\"wp-image-8671\" srcset=\"https:\/\/jososabadell.cat\/wp-content\/uploads\/2023\/03\/230311-Abacus-Sabadell-Sheyla-Haddad-web-noti.jpg 818w, https:\/\/jososabadell.cat\/wp-content\/uploads\/2023\/03\/230311-Abacus-Sabadell-Sheyla-Haddad-web-noti-500x226.jpg 500w, https:\/\/jososabadell.cat\/wp-content\/uploads\/2023\/03\/230311-Abacus-Sabadell-Sheyla-Haddad-web-noti-768x347.jpg 768w, https:\/\/jososabadell.cat\/wp-content\/uploads\/2023\/03\/230311-Abacus-Sabadell-Sheyla-Haddad-web-noti-18x8.jpg 18w, https:\/\/jososabadell.cat\/wp-content\/uploads\/2023\/03\/230311-Abacus-Sabadell-Sheyla-Haddad-web-noti-320x145.jpg 320w, https:\/\/jososabadell.cat\/wp-content\/uploads\/2023\/03\/230311-Abacus-Sabadell-Sheyla-Haddad-web-noti-480x217.jpg 480w, https:\/\/jososabadell.cat\/wp-content\/uploads\/2023\/03\/230311-Abacus-Sabadell-Sheyla-Haddad-web-noti-800x362.jpg 800w\" sizes=\"(max-width: 818px) 100vw, 818px\" \/><\/figure>\n\n\n\n<div style=\"height:28px\" aria-hidden=\"true\" class=\"wp-block-spacer\"><\/div>\n\n\n\n<p>La nostra primera participaci\u00f3 ha tingut lloc aquest cap de setmana a la botiga Abacus de Sabadell. L\u2019activitat, \u2018Taller de C\u00f2mic i Manga: creaci\u00f3 de personatges\u2019, ha anat a c\u00e0rrec de la<a href=\"https:\/\/www.instagram.com\/sheylahaddad\/\" target=\"_blank\" rel=\"noreferrer noopener\"> Sheyla Haddad<\/a>.<\/p>\n\n\n\n<hr class=\"wp-block-separator has-alpha-channel-opacity\"\/>\n\n\n\n<p>\ud83d\udcf8La Sheyla Haddad durant el taller a l&#8217;Abacus de Sabadell \ud83d\udc69\ud83c\udffb\u200d\ud83c\udfeb<\/p>","protected":false},"excerpt":{"rendered":"<p>Alumnes de 4t d\u2019Art Gr\u00e0fic impartiran tallers de dibuix a botigues Abacus del Vall\u00e8s Occidental. La iniciativa \u00e9s fruit de la col\u00b7laboraci\u00f3 que Abacus duu a terme a tota Catalunya amb l\u2019Escola Joso. En el marc de la campanya d\u2019Abacus \u2018Viu el mes del c\u00f2mic\u2019, que la cooperativa duu a terme entre el 3 de [&hellip;]<\/p>\n","protected":false},"author":2,"featured_media":8670,"comment_status":"open","ping_status":"open","sticky":false,"template":"","format":"standard","meta":{"_monsterinsights_skip_tracking":false,"_monsterinsights_sitenote_active":false,"_monsterinsights_sitenote_note":"","_monsterinsights_sitenote_category":0,"footnotes":""},"categories":[1],"tags":[],"class_list":["post-8669","post","type-post","status-publish","format-standard","has-post-thumbnail","hentry","category-general"],"yoast_head":"<!-- This site is optimized with the Yoast SEO plugin v25.6 - https:\/\/yoast.com\/wordpress\/plugins\/seo\/ -->\n<title>Alumnes d\u2019Art Gr\u00e0fic imparteixen tallers a l\u2019Abacus - Escola Joso Sabadell<\/title>\n<meta name=\"robots\" content=\"index, follow, max-snippet:-1, max-image-preview:large, max-video-preview:-1\" \/>\n<link rel=\"canonical\" href=\"https:\/\/jososabadell.cat\/es\/2023\/03\/14\/alumnes-dart-grafic-imparteixen-tallers-a-labacus\/\" \/>\n<meta property=\"og:locale\" content=\"es_ES\" \/>\n<meta property=\"og:type\" content=\"article\" \/>\n<meta property=\"og:title\" content=\"Alumnes d\u2019Art Gr\u00e0fic imparteixen tallers a l\u2019Abacus - Escola Joso Sabadell\" \/>\n<meta property=\"og:description\" content=\"Alumnes de 4t d\u2019Art Gr\u00e0fic impartiran tallers de dibuix a botigues Abacus del Vall\u00e8s Occidental. La iniciativa \u00e9s fruit de la col\u00b7laboraci\u00f3 que Abacus duu a terme a tota Catalunya amb l\u2019Escola Joso. En el marc de la campanya d\u2019Abacus \u2018Viu el mes del c\u00f2mic\u2019, que la cooperativa duu a terme entre el 3 de [&hellip;]\" \/>\n<meta property=\"og:url\" content=\"https:\/\/jososabadell.cat\/es\/2023\/03\/14\/alumnes-dart-grafic-imparteixen-tallers-a-labacus\/\" \/>\n<meta property=\"og:site_name\" content=\"Escola Joso Sabadell\" \/>\n<meta property=\"article:publisher\" content=\"https:\/\/www.facebook.com\/escolajososabadell\/\" \/>\n<meta property=\"article:published_time\" content=\"2023-03-13T22:23:26+00:00\" \/>\n<meta property=\"article:modified_time\" content=\"2023-03-13T22:24:42+00:00\" \/>\n<meta property=\"og:image\" content=\"https:\/\/jososabadell.cat\/wp-content\/uploads\/2023\/03\/230311-Abacus-Sabadell-Sheyla-Haddad-web-portada.jpg\" \/>\n\t<meta property=\"og:image:width\" content=\"818\" \/>\n\t<meta property=\"og:image:height\" content=\"370\" \/>\n\t<meta property=\"og:image:type\" content=\"image\/jpeg\" \/>\n<meta name=\"author\" content=\"Joso Sabadell\" \/>\n<meta name=\"twitter:card\" content=\"summary_large_image\" \/>\n<meta name=\"twitter:creator\" content=\"@EscolaJosoSbd\" \/>\n<meta name=\"twitter:site\" content=\"@EscolaJosoSbd\" \/>\n<meta name=\"twitter:label1\" content=\"Escrito por\" \/>\n\t<meta name=\"twitter:data1\" content=\"Joso Sabadell\" \/>\n\t<meta name=\"twitter:label2\" content=\"Tiempo de lectura\" \/>\n\t<meta name=\"twitter:data2\" content=\"2 minutos\" \/>\n<script type=\"application\/ld+json\" class=\"yoast-schema-graph\">{\"@context\":\"https:\/\/schema.org\",\"@graph\":[{\"@type\":\"WebPage\",\"@id\":\"https:\/\/jososabadell.cat\/2023\/03\/14\/alumnes-dart-grafic-imparteixen-tallers-a-labacus\/\",\"url\":\"https:\/\/jososabadell.cat\/2023\/03\/14\/alumnes-dart-grafic-imparteixen-tallers-a-labacus\/\",\"name\":\"Alumnes d\u2019Art Gr\u00e0fic imparteixen tallers a l\u2019Abacus - Escola Joso Sabadell\",\"isPartOf\":{\"@id\":\"https:\/\/jososabadell.cat\/#website\"},\"primaryImageOfPage\":{\"@id\":\"https:\/\/jososabadell.cat\/2023\/03\/14\/alumnes-dart-grafic-imparteixen-tallers-a-labacus\/#primaryimage\"},\"image\":{\"@id\":\"https:\/\/jososabadell.cat\/2023\/03\/14\/alumnes-dart-grafic-imparteixen-tallers-a-labacus\/#primaryimage\"},\"thumbnailUrl\":\"https:\/\/jososabadell.cat\/wp-content\/uploads\/2023\/03\/230311-Abacus-Sabadell-Sheyla-Haddad-web-portada.jpg\",\"datePublished\":\"2023-03-13T22:23:26+00:00\",\"dateModified\":\"2023-03-13T22:24:42+00:00\",\"author\":{\"@id\":\"https:\/\/jososabadell.cat\/#\/schema\/person\/233e57003be70aa898d35bfb3ee0fb72\"},\"breadcrumb\":{\"@id\":\"https:\/\/jososabadell.cat\/2023\/03\/14\/alumnes-dart-grafic-imparteixen-tallers-a-labacus\/#breadcrumb\"},\"inLanguage\":\"es\",\"potentialAction\":[{\"@type\":\"ReadAction\",\"target\":[\"https:\/\/jososabadell.cat\/2023\/03\/14\/alumnes-dart-grafic-imparteixen-tallers-a-labacus\/\"]}]},{\"@type\":\"ImageObject\",\"inLanguage\":\"es\",\"@id\":\"https:\/\/jososabadell.cat\/2023\/03\/14\/alumnes-dart-grafic-imparteixen-tallers-a-labacus\/#primaryimage\",\"url\":\"https:\/\/jososabadell.cat\/wp-content\/uploads\/2023\/03\/230311-Abacus-Sabadell-Sheyla-Haddad-web-portada.jpg\",\"contentUrl\":\"https:\/\/jososabadell.cat\/wp-content\/uploads\/2023\/03\/230311-Abacus-Sabadell-Sheyla-Haddad-web-portada.jpg\",\"width\":818,\"height\":370,\"caption\":\"230311 Abacus Sabadell Sheyla Haddad -web portada\"},{\"@type\":\"BreadcrumbList\",\"@id\":\"https:\/\/jososabadell.cat\/2023\/03\/14\/alumnes-dart-grafic-imparteixen-tallers-a-labacus\/#breadcrumb\",\"itemListElement\":[{\"@type\":\"ListItem\",\"position\":1,\"name\":\"Inici\",\"item\":\"https:\/\/jososabadell.cat\/\"},{\"@type\":\"ListItem\",\"position\":2,\"name\":\"Alumnes d\u2019Art Gr\u00e0fic imparteixen tallers a l\u2019Abacus\"}]},{\"@type\":\"WebSite\",\"@id\":\"https:\/\/jososabadell.cat\/#website\",\"url\":\"https:\/\/jososabadell.cat\/\",\"name\":\"Escola Joso Sabadell\",\"description\":\"\",\"potentialAction\":[{\"@type\":\"SearchAction\",\"target\":{\"@type\":\"EntryPoint\",\"urlTemplate\":\"https:\/\/jososabadell.cat\/?s={search_term_string}\"},\"query-input\":{\"@type\":\"PropertyValueSpecification\",\"valueRequired\":true,\"valueName\":\"search_term_string\"}}],\"inLanguage\":\"es\"},{\"@type\":\"Person\",\"@id\":\"https:\/\/jososabadell.cat\/#\/schema\/person\/233e57003be70aa898d35bfb3ee0fb72\",\"name\":\"Joso Sabadell\",\"image\":{\"@type\":\"ImageObject\",\"inLanguage\":\"es\",\"@id\":\"https:\/\/jososabadell.cat\/#\/schema\/person\/image\/\",\"url\":\"https:\/\/secure.gravatar.com\/avatar\/5aa9d058168d026c6f8d651849c8cf5d?s=96&d=mm&r=g\",\"contentUrl\":\"https:\/\/secure.gravatar.com\/avatar\/5aa9d058168d026c6f8d651849c8cf5d?s=96&d=mm&r=g\",\"caption\":\"Joso Sabadell\"},\"sameAs\":[\"http:\/\/jososabadell.cat\"]}]}<\/script>\n<!-- \/ Yoast SEO plugin. -->","yoast_head_json":{"title":"Alumnes d\u2019Art Gr\u00e0fic imparteixen tallers a l\u2019Abacus - Escola Joso Sabadell","robots":{"index":"index","follow":"follow","max-snippet":"max-snippet:-1","max-image-preview":"max-image-preview:large","max-video-preview":"max-video-preview:-1"},"canonical":"https:\/\/jososabadell.cat\/es\/2023\/03\/14\/alumnes-dart-grafic-imparteixen-tallers-a-labacus\/","og_locale":"es_ES","og_type":"article","og_title":"Alumnes d\u2019Art Gr\u00e0fic imparteixen tallers a l\u2019Abacus - Escola Joso Sabadell","og_description":"Alumnes de 4t d\u2019Art Gr\u00e0fic impartiran tallers de dibuix a botigues Abacus del Vall\u00e8s Occidental. La iniciativa \u00e9s fruit de la col\u00b7laboraci\u00f3 que Abacus duu a terme a tota Catalunya amb l\u2019Escola Joso. En el marc de la campanya d\u2019Abacus \u2018Viu el mes del c\u00f2mic\u2019, que la cooperativa duu a terme entre el 3 de [&hellip;]","og_url":"https:\/\/jososabadell.cat\/es\/2023\/03\/14\/alumnes-dart-grafic-imparteixen-tallers-a-labacus\/","og_site_name":"Escola Joso Sabadell","article_publisher":"https:\/\/www.facebook.com\/escolajososabadell\/","article_published_time":"2023-03-13T22:23:26+00:00","article_modified_time":"2023-03-13T22:24:42+00:00","og_image":[{"width":818,"height":370,"url":"https:\/\/jososabadell.cat\/wp-content\/uploads\/2023\/03\/230311-Abacus-Sabadell-Sheyla-Haddad-web-portada.jpg","type":"image\/jpeg"}],"author":"Joso Sabadell","twitter_card":"summary_large_image","twitter_creator":"@EscolaJosoSbd","twitter_site":"@EscolaJosoSbd","twitter_misc":{"Escrito por":"Joso Sabadell","Tiempo de lectura":"2 minutos"},"schema":{"@context":"https:\/\/schema.org","@graph":[{"@type":"WebPage","@id":"https:\/\/jososabadell.cat\/2023\/03\/14\/alumnes-dart-grafic-imparteixen-tallers-a-labacus\/","url":"https:\/\/jososabadell.cat\/2023\/03\/14\/alumnes-dart-grafic-imparteixen-tallers-a-labacus\/","name":"Alumnes d\u2019Art Gr\u00e0fic imparteixen tallers a l\u2019Abacus - Escola Joso Sabadell","isPartOf":{"@id":"https:\/\/jososabadell.cat\/#website"},"primaryImageOfPage":{"@id":"https:\/\/jososabadell.cat\/2023\/03\/14\/alumnes-dart-grafic-imparteixen-tallers-a-labacus\/#primaryimage"},"image":{"@id":"https:\/\/jososabadell.cat\/2023\/03\/14\/alumnes-dart-grafic-imparteixen-tallers-a-labacus\/#primaryimage"},"thumbnailUrl":"https:\/\/jososabadell.cat\/wp-content\/uploads\/2023\/03\/230311-Abacus-Sabadell-Sheyla-Haddad-web-portada.jpg","datePublished":"2023-03-13T22:23:26+00:00","dateModified":"2023-03-13T22:24:42+00:00","author":{"@id":"https:\/\/jososabadell.cat\/#\/schema\/person\/233e57003be70aa898d35bfb3ee0fb72"},"breadcrumb":{"@id":"https:\/\/jososabadell.cat\/2023\/03\/14\/alumnes-dart-grafic-imparteixen-tallers-a-labacus\/#breadcrumb"},"inLanguage":"es","potentialAction":[{"@type":"ReadAction","target":["https:\/\/jososabadell.cat\/2023\/03\/14\/alumnes-dart-grafic-imparteixen-tallers-a-labacus\/"]}]},{"@type":"ImageObject","inLanguage":"es","@id":"https:\/\/jososabadell.cat\/2023\/03\/14\/alumnes-dart-grafic-imparteixen-tallers-a-labacus\/#primaryimage","url":"https:\/\/jososabadell.cat\/wp-content\/uploads\/2023\/03\/230311-Abacus-Sabadell-Sheyla-Haddad-web-portada.jpg","contentUrl":"https:\/\/jososabadell.cat\/wp-content\/uploads\/2023\/03\/230311-Abacus-Sabadell-Sheyla-Haddad-web-portada.jpg","width":818,"height":370,"caption":"230311 Abacus Sabadell Sheyla Haddad -web portada"},{"@type":"BreadcrumbList","@id":"https:\/\/jososabadell.cat\/2023\/03\/14\/alumnes-dart-grafic-imparteixen-tallers-a-labacus\/#breadcrumb","itemListElement":[{"@type":"ListItem","position":1,"name":"Inici","item":"https:\/\/jososabadell.cat\/"},{"@type":"ListItem","position":2,"name":"Alumnes d\u2019Art Gr\u00e0fic imparteixen tallers a l\u2019Abacus"}]},{"@type":"WebSite","@id":"https:\/\/jososabadell.cat\/#website","url":"https:\/\/jososabadell.cat\/","name":"&nbsp;Escola Joso Sabadell","description":"","potentialAction":[{"@type":"SearchAction","target":{"@type":"EntryPoint","urlTemplate":"https:\/\/jososabadell.cat\/?s={search_term_string}"},"query-input":{"@type":"PropertyValueSpecification","valueRequired":true,"valueName":"search_term_string"}}],"inLanguage":"es"},{"@type":"Person","@id":"https:\/\/jososabadell.cat\/#\/schema\/person\/233e57003be70aa898d35bfb3ee0fb72","name":"Joso Sabadell","image":{"@type":"ImageObject","inLanguage":"es","@id":"https:\/\/jososabadell.cat\/#\/schema\/person\/image\/","url":"https:\/\/secure.gravatar.com\/avatar\/5aa9d058168d026c6f8d651849c8cf5d?s=96&d=mm&r=g","contentUrl":"https:\/\/secure.gravatar.com\/avatar\/5aa9d058168d026c6f8d651849c8cf5d?s=96&d=mm&r=g","caption":"Joso Sabadell"},"sameAs":["http:\/\/jososabadell.cat"]}]}},"_links":{"self":[{"href":"https:\/\/jososabadell.cat\/es\/wp-json\/wp\/v2\/posts\/8669"}],"collection":[{"href":"https:\/\/jososabadell.cat\/es\/wp-json\/wp\/v2\/posts"}],"about":[{"href":"https:\/\/jososabadell.cat\/es\/wp-json\/wp\/v2\/types\/post"}],"author":[{"embeddable":true,"href":"https:\/\/jososabadell.cat\/es\/wp-json\/wp\/v2\/users\/2"}],"replies":[{"embeddable":true,"href":"https:\/\/jososabadell.cat\/es\/wp-json\/wp\/v2\/comments?post=8669"}],"version-history":[{"count":2,"href":"https:\/\/jososabadell.cat\/es\/wp-json\/wp\/v2\/posts\/8669\/revisions"}],"predecessor-version":[{"id":8673,"href":"https:\/\/jososabadell.cat\/es\/wp-json\/wp\/v2\/posts\/8669\/revisions\/8673"}],"wp:featuredmedia":[{"embeddable":true,"href":"https:\/\/jososabadell.cat\/es\/wp-json\/wp\/v2\/media\/8670"}],"wp:attachment":[{"href":"https:\/\/jososabadell.cat\/es\/wp-json\/wp\/v2\/media?parent=8669"}],"wp:term":[{"taxonomy":"category","embeddable":true,"href":"https:\/\/jososabadell.cat\/es\/wp-json\/wp\/v2\/categories?post=8669"},{"taxonomy":"post_tag","embeddable":true,"href":"https:\/\/jososabadell.cat\/es\/wp-json\/wp\/v2\/tags?post=8669"}],"curies":[{"name":"wp","href":"https:\/\/api.w.org\/{rel}","templated":true}]}}