{"id":8742,"date":"2023-03-24T21:23:49","date_gmt":"2023-03-24T19:23:49","guid":{"rendered":"https:\/\/jososabadell.cat\/?p=8742"},"modified":"2023-03-24T21:23:50","modified_gmt":"2023-03-24T19:23:50","slug":"visita-a-cevagraf","status":"publish","type":"post","link":"https:\/\/jososabadell.cat\/es\/2023\/03\/24\/visita-a-cevagraf\/","title":{"rendered":"Visita a Cevagraf"},"content":{"rendered":"<p><strong>Un any m\u00e9s, el personal de la impremta Cevagraf acull en les seves instal\u00b7lacions a l\u2019alumnat de 4t d\u2019Art Gr\u00e0fic.\u00a0<\/strong><\/p>\n\n\n\n<p>Les i els alumnes de 4t d\u2019Art Gr\u00e0fic han pogut veure com es duu a terme el proc\u00e9s d\u2019impressi\u00f3 d\u2019una publicaci\u00f3. Des de la pantalla fins a la col\u00b7locaci\u00f3 de la portada, moment en que les obres ja estan llestes per viatjar cap als seus destins. Ho han fet a la <a href=\"https:\/\/www.cevagraf.coop\/imprimir\/\" target=\"_blank\" rel=\"noreferrer noopener\">impremta Cevagraf<\/a>, a Rub\u00ed, on el seu director d\u2019operacions David Rodr\u00edguez els ha acompanyat durant tot el proc\u00e9s. Al llarg de l\u2019itinerari per les diferents etapes d\u2019impressi\u00f3 (imposici\u00f3, tria de paper, talls, encolat o secat, per citar-ne algunes), Rodr\u00edguez ha pormenoritzat tots els procediments que es duen a terme.<\/p>\n\n\n\n<figure class=\"wp-block-image size-full\"><img loading=\"lazy\" decoding=\"async\" width=\"818\" height=\"472\" src=\"https:\/\/jososabadell.cat\/wp-content\/uploads\/2023\/03\/230322-Escola-Joso-Sabadell-a-Cevagraf-web-02.jpg\" alt=\"\" class=\"wp-image-8743\" srcset=\"https:\/\/jososabadell.cat\/wp-content\/uploads\/2023\/03\/230322-Escola-Joso-Sabadell-a-Cevagraf-web-02.jpg 818w, https:\/\/jososabadell.cat\/wp-content\/uploads\/2023\/03\/230322-Escola-Joso-Sabadell-a-Cevagraf-web-02-500x289.jpg 500w, https:\/\/jososabadell.cat\/wp-content\/uploads\/2023\/03\/230322-Escola-Joso-Sabadell-a-Cevagraf-web-02-768x443.jpg 768w, https:\/\/jososabadell.cat\/wp-content\/uploads\/2023\/03\/230322-Escola-Joso-Sabadell-a-Cevagraf-web-02-18x10.jpg 18w, https:\/\/jososabadell.cat\/wp-content\/uploads\/2023\/03\/230322-Escola-Joso-Sabadell-a-Cevagraf-web-02-320x185.jpg 320w, https:\/\/jososabadell.cat\/wp-content\/uploads\/2023\/03\/230322-Escola-Joso-Sabadell-a-Cevagraf-web-02-480x277.jpg 480w, https:\/\/jososabadell.cat\/wp-content\/uploads\/2023\/03\/230322-Escola-Joso-Sabadell-a-Cevagraf-web-02-800x462.jpg 800w\" sizes=\"(max-width: 818px) 100vw, 818px\" \/><figcaption class=\"wp-element-caption\"><sub>El grup de 4t d&#8217;Art Gr\u00e0fic en un moment de la visita.<\/sub><\/figcaption><\/figure>\n\n\n\n<div style=\"height:27px\" aria-hidden=\"true\" class=\"wp-block-spacer\"><\/div>\n\n\n\n<p>Cevagraf va n\u00e9ixer l\u2019any 1986 a una petita oficina de Barcelona. Gaireb\u00e9 quatre d\u00e8cades d\u2019experi\u00e8ncia al mercat despr\u00e9s, s\u2019ha consolidat com una impremta online puntera. Un dels recursos que la impremta ofereix \u00e9s el seu <a href=\"https:\/\/www.cevagraf.coop\/comics\/\" target=\"_blank\" rel=\"noreferrer noopener\">bloc de c\u00f2mics<\/a> on comparteixen cada cert temps informaci\u00f3 que de ben segur el nostre alumnat trobar\u00e0 molt interessant.<\/p>\n\n\n\n<hr class=\"wp-block-separator has-alpha-channel-opacity\"\/>\n\n\n\n<p>\ud83d\udcf8Una treballadora de Cevagraf en una de les etapes d&#8217;impressi\u00f3. \ud83d\udda8\ufe0f<\/p>","protected":false},"excerpt":{"rendered":"<p>Un any m\u00e9s, el personal de la impremta Cevagraf acull en les seves instal\u00b7lacions a l\u2019alumnat de 4t d\u2019Art Gr\u00e0fic.\u00a0 Les i els alumnes de 4t d\u2019Art Gr\u00e0fic han pogut veure com es duu a terme el proc\u00e9s d\u2019impressi\u00f3 d\u2019una publicaci\u00f3. Des de la pantalla fins a la col\u00b7locaci\u00f3 de la portada, moment en que [&hellip;]<\/p>\n","protected":false},"author":2,"featured_media":8744,"comment_status":"open","ping_status":"open","sticky":false,"template":"","format":"standard","meta":{"_monsterinsights_skip_tracking":false,"_monsterinsights_sitenote_active":false,"_monsterinsights_sitenote_note":"","_monsterinsights_sitenote_category":0,"footnotes":""},"categories":[1297,1287,1],"tags":[1304,1305],"class_list":["post-8742","post","type-post","status-publish","format-standard","has-post-thumbnail","hentry","category-activitats","category-artgrafic","category-general","tag-cevagraf","tag-impremta"],"yoast_head":"<!-- This site is optimized with the Yoast SEO plugin v25.6 - https:\/\/yoast.com\/wordpress\/plugins\/seo\/ -->\n<title>Visita a Cevagraf - Escola Joso Sabadell<\/title>\n<meta name=\"robots\" content=\"index, follow, max-snippet:-1, max-image-preview:large, max-video-preview:-1\" \/>\n<link rel=\"canonical\" href=\"https:\/\/jososabadell.cat\/es\/2023\/03\/24\/visita-a-cevagraf\/\" \/>\n<meta property=\"og:locale\" content=\"es_ES\" \/>\n<meta property=\"og:type\" content=\"article\" \/>\n<meta property=\"og:title\" content=\"Visita a Cevagraf - Escola Joso Sabadell\" \/>\n<meta property=\"og:description\" content=\"Un any m\u00e9s, el personal de la impremta Cevagraf acull en les seves instal\u00b7lacions a l\u2019alumnat de 4t d\u2019Art Gr\u00e0fic.\u00a0 Les i els alumnes de 4t d\u2019Art Gr\u00e0fic han pogut veure com es duu a terme el proc\u00e9s d\u2019impressi\u00f3 d\u2019una publicaci\u00f3. Des de la pantalla fins a la col\u00b7locaci\u00f3 de la portada, moment en que [&hellip;]\" \/>\n<meta property=\"og:url\" content=\"https:\/\/jososabadell.cat\/es\/2023\/03\/24\/visita-a-cevagraf\/\" \/>\n<meta property=\"og:site_name\" content=\"Escola Joso Sabadell\" \/>\n<meta property=\"article:publisher\" content=\"https:\/\/www.facebook.com\/escolajososabadell\/\" \/>\n<meta property=\"article:published_time\" content=\"2023-03-24T19:23:49+00:00\" \/>\n<meta property=\"article:modified_time\" content=\"2023-03-24T19:23:50+00:00\" \/>\n<meta property=\"og:image\" content=\"https:\/\/jososabadell.cat\/wp-content\/uploads\/2023\/03\/230322-Escola-Joso-Sabadell-a-Cevagraf-web-01.jpg\" \/>\n\t<meta property=\"og:image:width\" content=\"818\" \/>\n\t<meta property=\"og:image:height\" content=\"370\" \/>\n\t<meta property=\"og:image:type\" content=\"image\/jpeg\" \/>\n<meta name=\"author\" content=\"Joso Sabadell\" \/>\n<meta name=\"twitter:card\" content=\"summary_large_image\" \/>\n<meta name=\"twitter:creator\" content=\"@EscolaJosoSbd\" \/>\n<meta name=\"twitter:site\" content=\"@EscolaJosoSbd\" \/>\n<meta name=\"twitter:label1\" content=\"Escrito por\" \/>\n\t<meta name=\"twitter:data1\" content=\"Joso Sabadell\" \/>\n\t<meta name=\"twitter:label2\" content=\"Tiempo de lectura\" \/>\n\t<meta name=\"twitter:data2\" content=\"2 minutos\" \/>\n<script type=\"application\/ld+json\" class=\"yoast-schema-graph\">{\"@context\":\"https:\/\/schema.org\",\"@graph\":[{\"@type\":\"WebPage\",\"@id\":\"https:\/\/jososabadell.cat\/2023\/03\/24\/visita-a-cevagraf\/\",\"url\":\"https:\/\/jososabadell.cat\/2023\/03\/24\/visita-a-cevagraf\/\",\"name\":\"Visita a Cevagraf - Escola Joso Sabadell\",\"isPartOf\":{\"@id\":\"https:\/\/jososabadell.cat\/#website\"},\"primaryImageOfPage\":{\"@id\":\"https:\/\/jososabadell.cat\/2023\/03\/24\/visita-a-cevagraf\/#primaryimage\"},\"image\":{\"@id\":\"https:\/\/jososabadell.cat\/2023\/03\/24\/visita-a-cevagraf\/#primaryimage\"},\"thumbnailUrl\":\"https:\/\/jososabadell.cat\/wp-content\/uploads\/2023\/03\/230322-Escola-Joso-Sabadell-a-Cevagraf-web-01.jpg\",\"datePublished\":\"2023-03-24T19:23:49+00:00\",\"dateModified\":\"2023-03-24T19:23:50+00:00\",\"author\":{\"@id\":\"https:\/\/jososabadell.cat\/#\/schema\/person\/233e57003be70aa898d35bfb3ee0fb72\"},\"breadcrumb\":{\"@id\":\"https:\/\/jososabadell.cat\/2023\/03\/24\/visita-a-cevagraf\/#breadcrumb\"},\"inLanguage\":\"es\",\"potentialAction\":[{\"@type\":\"ReadAction\",\"target\":[\"https:\/\/jososabadell.cat\/2023\/03\/24\/visita-a-cevagraf\/\"]}]},{\"@type\":\"ImageObject\",\"inLanguage\":\"es\",\"@id\":\"https:\/\/jososabadell.cat\/2023\/03\/24\/visita-a-cevagraf\/#primaryimage\",\"url\":\"https:\/\/jososabadell.cat\/wp-content\/uploads\/2023\/03\/230322-Escola-Joso-Sabadell-a-Cevagraf-web-01.jpg\",\"contentUrl\":\"https:\/\/jososabadell.cat\/wp-content\/uploads\/2023\/03\/230322-Escola-Joso-Sabadell-a-Cevagraf-web-01.jpg\",\"width\":818,\"height\":370,\"caption\":\"La impremta Cevagraf, a Rub\u00ed.\"},{\"@type\":\"BreadcrumbList\",\"@id\":\"https:\/\/jososabadell.cat\/2023\/03\/24\/visita-a-cevagraf\/#breadcrumb\",\"itemListElement\":[{\"@type\":\"ListItem\",\"position\":1,\"name\":\"Inici\",\"item\":\"https:\/\/jososabadell.cat\/\"},{\"@type\":\"ListItem\",\"position\":2,\"name\":\"Visita a Cevagraf\"}]},{\"@type\":\"WebSite\",\"@id\":\"https:\/\/jososabadell.cat\/#website\",\"url\":\"https:\/\/jososabadell.cat\/\",\"name\":\"Escola Joso Sabadell\",\"description\":\"\",\"potentialAction\":[{\"@type\":\"SearchAction\",\"target\":{\"@type\":\"EntryPoint\",\"urlTemplate\":\"https:\/\/jososabadell.cat\/?s={search_term_string}\"},\"query-input\":{\"@type\":\"PropertyValueSpecification\",\"valueRequired\":true,\"valueName\":\"search_term_string\"}}],\"inLanguage\":\"es\"},{\"@type\":\"Person\",\"@id\":\"https:\/\/jososabadell.cat\/#\/schema\/person\/233e57003be70aa898d35bfb3ee0fb72\",\"name\":\"Joso Sabadell\",\"image\":{\"@type\":\"ImageObject\",\"inLanguage\":\"es\",\"@id\":\"https:\/\/jososabadell.cat\/#\/schema\/person\/image\/\",\"url\":\"https:\/\/secure.gravatar.com\/avatar\/5aa9d058168d026c6f8d651849c8cf5d?s=96&d=mm&r=g\",\"contentUrl\":\"https:\/\/secure.gravatar.com\/avatar\/5aa9d058168d026c6f8d651849c8cf5d?s=96&d=mm&r=g\",\"caption\":\"Joso Sabadell\"},\"sameAs\":[\"http:\/\/jososabadell.cat\"]}]}<\/script>\n<!-- \/ Yoast SEO plugin. -->","yoast_head_json":{"title":"Visita a Cevagraf - Escola Joso Sabadell","robots":{"index":"index","follow":"follow","max-snippet":"max-snippet:-1","max-image-preview":"max-image-preview:large","max-video-preview":"max-video-preview:-1"},"canonical":"https:\/\/jososabadell.cat\/es\/2023\/03\/24\/visita-a-cevagraf\/","og_locale":"es_ES","og_type":"article","og_title":"Visita a Cevagraf - Escola Joso Sabadell","og_description":"Un any m\u00e9s, el personal de la impremta Cevagraf acull en les seves instal\u00b7lacions a l\u2019alumnat de 4t d\u2019Art Gr\u00e0fic.\u00a0 Les i els alumnes de 4t d\u2019Art Gr\u00e0fic han pogut veure com es duu a terme el proc\u00e9s d\u2019impressi\u00f3 d\u2019una publicaci\u00f3. Des de la pantalla fins a la col\u00b7locaci\u00f3 de la portada, moment en que [&hellip;]","og_url":"https:\/\/jososabadell.cat\/es\/2023\/03\/24\/visita-a-cevagraf\/","og_site_name":"Escola Joso Sabadell","article_publisher":"https:\/\/www.facebook.com\/escolajososabadell\/","article_published_time":"2023-03-24T19:23:49+00:00","article_modified_time":"2023-03-24T19:23:50+00:00","og_image":[{"width":818,"height":370,"url":"https:\/\/jososabadell.cat\/wp-content\/uploads\/2023\/03\/230322-Escola-Joso-Sabadell-a-Cevagraf-web-01.jpg","type":"image\/jpeg"}],"author":"Joso Sabadell","twitter_card":"summary_large_image","twitter_creator":"@EscolaJosoSbd","twitter_site":"@EscolaJosoSbd","twitter_misc":{"Escrito por":"Joso Sabadell","Tiempo de lectura":"2 minutos"},"schema":{"@context":"https:\/\/schema.org","@graph":[{"@type":"WebPage","@id":"https:\/\/jososabadell.cat\/2023\/03\/24\/visita-a-cevagraf\/","url":"https:\/\/jososabadell.cat\/2023\/03\/24\/visita-a-cevagraf\/","name":"Visita a Cevagraf - Escola Joso Sabadell","isPartOf":{"@id":"https:\/\/jososabadell.cat\/#website"},"primaryImageOfPage":{"@id":"https:\/\/jososabadell.cat\/2023\/03\/24\/visita-a-cevagraf\/#primaryimage"},"image":{"@id":"https:\/\/jososabadell.cat\/2023\/03\/24\/visita-a-cevagraf\/#primaryimage"},"thumbnailUrl":"https:\/\/jososabadell.cat\/wp-content\/uploads\/2023\/03\/230322-Escola-Joso-Sabadell-a-Cevagraf-web-01.jpg","datePublished":"2023-03-24T19:23:49+00:00","dateModified":"2023-03-24T19:23:50+00:00","author":{"@id":"https:\/\/jososabadell.cat\/#\/schema\/person\/233e57003be70aa898d35bfb3ee0fb72"},"breadcrumb":{"@id":"https:\/\/jososabadell.cat\/2023\/03\/24\/visita-a-cevagraf\/#breadcrumb"},"inLanguage":"es","potentialAction":[{"@type":"ReadAction","target":["https:\/\/jososabadell.cat\/2023\/03\/24\/visita-a-cevagraf\/"]}]},{"@type":"ImageObject","inLanguage":"es","@id":"https:\/\/jososabadell.cat\/2023\/03\/24\/visita-a-cevagraf\/#primaryimage","url":"https:\/\/jososabadell.cat\/wp-content\/uploads\/2023\/03\/230322-Escola-Joso-Sabadell-a-Cevagraf-web-01.jpg","contentUrl":"https:\/\/jososabadell.cat\/wp-content\/uploads\/2023\/03\/230322-Escola-Joso-Sabadell-a-Cevagraf-web-01.jpg","width":818,"height":370,"caption":"La impremta Cevagraf, a Rub\u00ed."},{"@type":"BreadcrumbList","@id":"https:\/\/jososabadell.cat\/2023\/03\/24\/visita-a-cevagraf\/#breadcrumb","itemListElement":[{"@type":"ListItem","position":1,"name":"Inici","item":"https:\/\/jososabadell.cat\/"},{"@type":"ListItem","position":2,"name":"Visita a Cevagraf"}]},{"@type":"WebSite","@id":"https:\/\/jososabadell.cat\/#website","url":"https:\/\/jososabadell.cat\/","name":"&nbsp;Escola Joso Sabadell","description":"","potentialAction":[{"@type":"SearchAction","target":{"@type":"EntryPoint","urlTemplate":"https:\/\/jososabadell.cat\/?s={search_term_string}"},"query-input":{"@type":"PropertyValueSpecification","valueRequired":true,"valueName":"search_term_string"}}],"inLanguage":"es"},{"@type":"Person","@id":"https:\/\/jososabadell.cat\/#\/schema\/person\/233e57003be70aa898d35bfb3ee0fb72","name":"Joso Sabadell","image":{"@type":"ImageObject","inLanguage":"es","@id":"https:\/\/jososabadell.cat\/#\/schema\/person\/image\/","url":"https:\/\/secure.gravatar.com\/avatar\/5aa9d058168d026c6f8d651849c8cf5d?s=96&d=mm&r=g","contentUrl":"https:\/\/secure.gravatar.com\/avatar\/5aa9d058168d026c6f8d651849c8cf5d?s=96&d=mm&r=g","caption":"Joso Sabadell"},"sameAs":["http:\/\/jososabadell.cat"]}]}},"_links":{"self":[{"href":"https:\/\/jososabadell.cat\/es\/wp-json\/wp\/v2\/posts\/8742"}],"collection":[{"href":"https:\/\/jososabadell.cat\/es\/wp-json\/wp\/v2\/posts"}],"about":[{"href":"https:\/\/jososabadell.cat\/es\/wp-json\/wp\/v2\/types\/post"}],"author":[{"embeddable":true,"href":"https:\/\/jososabadell.cat\/es\/wp-json\/wp\/v2\/users\/2"}],"replies":[{"embeddable":true,"href":"https:\/\/jososabadell.cat\/es\/wp-json\/wp\/v2\/comments?post=8742"}],"version-history":[{"count":1,"href":"https:\/\/jososabadell.cat\/es\/wp-json\/wp\/v2\/posts\/8742\/revisions"}],"predecessor-version":[{"id":8745,"href":"https:\/\/jososabadell.cat\/es\/wp-json\/wp\/v2\/posts\/8742\/revisions\/8745"}],"wp:featuredmedia":[{"embeddable":true,"href":"https:\/\/jososabadell.cat\/es\/wp-json\/wp\/v2\/media\/8744"}],"wp:attachment":[{"href":"https:\/\/jososabadell.cat\/es\/wp-json\/wp\/v2\/media?parent=8742"}],"wp:term":[{"taxonomy":"category","embeddable":true,"href":"https:\/\/jososabadell.cat\/es\/wp-json\/wp\/v2\/categories?post=8742"},{"taxonomy":"post_tag","embeddable":true,"href":"https:\/\/jososabadell.cat\/es\/wp-json\/wp\/v2\/tags?post=8742"}],"curies":[{"name":"wp","href":"https:\/\/api.w.org\/{rel}","templated":true}]}}