{"id":8826,"date":"2023-04-18T08:42:50","date_gmt":"2023-04-18T06:42:50","guid":{"rendered":"https:\/\/jososabadell.cat\/?p=8826"},"modified":"2023-04-19T00:29:38","modified_gmt":"2023-04-18T22:29:38","slug":"fotos-de-la-sakura-matsuri-sabadell","status":"publish","type":"post","link":"https:\/\/jososabadell.cat\/es\/2023\/04\/18\/fotos-de-la-sakura-matsuri-sabadell\/","title":{"rendered":"Fotos de la Sakura Matsuri Sabadell"},"content":{"rendered":"<p><strong>Des de l&#8217;Escola Joso Sabadell estem molt satisfets de la nostra participaci\u00f3 a la fira Sakura Matsuri Sabadell. <a href=\"https:\/\/www.isabadell.cat\/societat\/balanc-2a-sakura-matsuri\/\" target=\"_blank\" rel=\"noreferrer noopener\">M\u00e9s de 7.500 persones<\/a> van passar pel recinte que va esdevenir, durant tres dies, un petit rac\u00f3 del Jap\u00f3 a la ciutat<\/strong>. <\/p>\n\n\n\n<p>Volem agrair molt especialment a les nostres dues alumnes d&#8217;Art Gr\u00e0fic, la<a href=\"https:\/\/www.instagram.com\/gema_foz\/\" target=\"_blank\" rel=\"noreferrer noopener\"> Gema Foz<\/a> i la <a href=\"https:\/\/www.instagram.com\/mariamomoart\/\" target=\"_blank\" rel=\"noreferrer noopener\">Maria Molina<\/a>, la seva implicaci\u00f3 en l&#8217;organitzaci\u00f3 del nostre <strong>stand<\/strong> i de les activitats que vam dur a terme. Sense elles, no hauria estat possible fer-ho tot. S\u00f3n unes cracks!<\/p>\n\n\n\n<figure class=\"wp-block-gallery has-nested-images columns-default is-cropped wp-block-gallery-1 is-layout-flex wp-block-gallery-is-layout-flex\">\n<figure class=\"wp-block-image size-large\"><img loading=\"lazy\" decoding=\"async\" width=\"1024\" height=\"683\" data-id=\"8831\" src=\"https:\/\/jososabadell.cat\/wp-content\/uploads\/2023\/04\/230416-07-Stand-1024x683.jpg\" alt=\"\" class=\"wp-image-8831\" srcset=\"https:\/\/jososabadell.cat\/wp-content\/uploads\/2023\/04\/230416-07-Stand-1024x683.jpg 1024w, https:\/\/jososabadell.cat\/wp-content\/uploads\/2023\/04\/230416-07-Stand-500x333.jpg 500w, https:\/\/jososabadell.cat\/wp-content\/uploads\/2023\/04\/230416-07-Stand-768x512.jpg 768w, https:\/\/jososabadell.cat\/wp-content\/uploads\/2023\/04\/230416-07-Stand-1536x1024.jpg 1536w, https:\/\/jososabadell.cat\/wp-content\/uploads\/2023\/04\/230416-07-Stand-2048x1365.jpg 2048w, https:\/\/jososabadell.cat\/wp-content\/uploads\/2023\/04\/230416-07-Stand-18x12.jpg 18w, https:\/\/jososabadell.cat\/wp-content\/uploads\/2023\/04\/230416-07-Stand-320x213.jpg 320w, https:\/\/jososabadell.cat\/wp-content\/uploads\/2023\/04\/230416-07-Stand-480x320.jpg 480w, https:\/\/jososabadell.cat\/wp-content\/uploads\/2023\/04\/230416-07-Stand-800x533.jpg 800w, https:\/\/jososabadell.cat\/wp-content\/uploads\/2023\/04\/230416-07-Stand-870x580.jpg 870w\" sizes=\"(max-width: 1024px) 100vw, 1024px\" \/><\/figure>\n\n\n\n<figure class=\"wp-block-image size-large\"><img loading=\"lazy\" decoding=\"async\" width=\"1024\" height=\"683\" data-id=\"8832\" src=\"https:\/\/jososabadell.cat\/wp-content\/uploads\/2023\/04\/230416-08-Stand-1024x683.jpg\" alt=\"\" class=\"wp-image-8832\" srcset=\"https:\/\/jososabadell.cat\/wp-content\/uploads\/2023\/04\/230416-08-Stand-1024x683.jpg 1024w, https:\/\/jososabadell.cat\/wp-content\/uploads\/2023\/04\/230416-08-Stand-500x333.jpg 500w, https:\/\/jososabadell.cat\/wp-content\/uploads\/2023\/04\/230416-08-Stand-768x512.jpg 768w, https:\/\/jososabadell.cat\/wp-content\/uploads\/2023\/04\/230416-08-Stand-1536x1024.jpg 1536w, https:\/\/jososabadell.cat\/wp-content\/uploads\/2023\/04\/230416-08-Stand-2048x1365.jpg 2048w, https:\/\/jososabadell.cat\/wp-content\/uploads\/2023\/04\/230416-08-Stand-18x12.jpg 18w, https:\/\/jososabadell.cat\/wp-content\/uploads\/2023\/04\/230416-08-Stand-320x213.jpg 320w, https:\/\/jososabadell.cat\/wp-content\/uploads\/2023\/04\/230416-08-Stand-480x320.jpg 480w, https:\/\/jososabadell.cat\/wp-content\/uploads\/2023\/04\/230416-08-Stand-800x533.jpg 800w, https:\/\/jososabadell.cat\/wp-content\/uploads\/2023\/04\/230416-08-Stand-870x580.jpg 870w\" sizes=\"(max-width: 1024px) 100vw, 1024px\" \/><\/figure>\n<\/figure>\n\n\n\n<div style=\"height:20px\" aria-hidden=\"true\" class=\"wp-block-spacer\"><\/div>\n\n\n\n<p>Per exemple, la Gema va participar a la <strong>tert\u00falia de &#8216;Al mat\u00ed de R\u00e0dio Sabadell&#8217;<\/strong> en nom de l&#8217;escola i la Maria va conduir la <strong>xerrada dels nostres 30 anys<\/strong>.<\/p>\n\n\n\n<figure class=\"wp-block-gallery has-nested-images columns-default is-cropped wp-block-gallery-2 is-layout-flex wp-block-gallery-is-layout-flex\">\n<figure class=\"wp-block-image size-large\"><img loading=\"lazy\" decoding=\"async\" width=\"1024\" height=\"683\" data-id=\"8836\" src=\"https:\/\/jososabadell.cat\/wp-content\/uploads\/2023\/04\/230414-01-Radio-Sabadell-1024x683.jpg\" alt=\"\" class=\"wp-image-8836\" srcset=\"https:\/\/jososabadell.cat\/wp-content\/uploads\/2023\/04\/230414-01-Radio-Sabadell-1024x683.jpg 1024w, https:\/\/jososabadell.cat\/wp-content\/uploads\/2023\/04\/230414-01-Radio-Sabadell-500x333.jpg 500w, https:\/\/jososabadell.cat\/wp-content\/uploads\/2023\/04\/230414-01-Radio-Sabadell-768x512.jpg 768w, https:\/\/jososabadell.cat\/wp-content\/uploads\/2023\/04\/230414-01-Radio-Sabadell-1536x1024.jpg 1536w, https:\/\/jososabadell.cat\/wp-content\/uploads\/2023\/04\/230414-01-Radio-Sabadell-2048x1365.jpg 2048w, https:\/\/jososabadell.cat\/wp-content\/uploads\/2023\/04\/230414-01-Radio-Sabadell-18x12.jpg 18w, https:\/\/jososabadell.cat\/wp-content\/uploads\/2023\/04\/230414-01-Radio-Sabadell-320x213.jpg 320w, https:\/\/jososabadell.cat\/wp-content\/uploads\/2023\/04\/230414-01-Radio-Sabadell-480x320.jpg 480w, https:\/\/jososabadell.cat\/wp-content\/uploads\/2023\/04\/230414-01-Radio-Sabadell-800x533.jpg 800w, https:\/\/jososabadell.cat\/wp-content\/uploads\/2023\/04\/230414-01-Radio-Sabadell-870x580.jpg 870w\" sizes=\"(max-width: 1024px) 100vw, 1024px\" \/><\/figure>\n\n\n\n<figure class=\"wp-block-image size-large\"><img loading=\"lazy\" decoding=\"async\" width=\"1024\" height=\"683\" data-id=\"8841\" src=\"https:\/\/jososabadell.cat\/wp-content\/uploads\/2023\/04\/230414-03-Gema-Foz-1-1024x683.jpg\" alt=\"\" class=\"wp-image-8841\" srcset=\"https:\/\/jososabadell.cat\/wp-content\/uploads\/2023\/04\/230414-03-Gema-Foz-1-1024x683.jpg 1024w, https:\/\/jososabadell.cat\/wp-content\/uploads\/2023\/04\/230414-03-Gema-Foz-1-500x333.jpg 500w, https:\/\/jososabadell.cat\/wp-content\/uploads\/2023\/04\/230414-03-Gema-Foz-1-768x512.jpg 768w, https:\/\/jososabadell.cat\/wp-content\/uploads\/2023\/04\/230414-03-Gema-Foz-1-1536x1024.jpg 1536w, https:\/\/jososabadell.cat\/wp-content\/uploads\/2023\/04\/230414-03-Gema-Foz-1-2048x1365.jpg 2048w, https:\/\/jososabadell.cat\/wp-content\/uploads\/2023\/04\/230414-03-Gema-Foz-1-18x12.jpg 18w, https:\/\/jososabadell.cat\/wp-content\/uploads\/2023\/04\/230414-03-Gema-Foz-1-320x213.jpg 320w, https:\/\/jososabadell.cat\/wp-content\/uploads\/2023\/04\/230414-03-Gema-Foz-1-480x320.jpg 480w, https:\/\/jososabadell.cat\/wp-content\/uploads\/2023\/04\/230414-03-Gema-Foz-1-800x533.jpg 800w, https:\/\/jososabadell.cat\/wp-content\/uploads\/2023\/04\/230414-03-Gema-Foz-1-870x580.jpg 870w\" sizes=\"(max-width: 1024px) 100vw, 1024px\" \/><\/figure>\n\n\n\n<figure class=\"wp-block-image size-large\"><img loading=\"lazy\" decoding=\"async\" width=\"1024\" height=\"683\" data-id=\"8835\" src=\"https:\/\/jososabadell.cat\/wp-content\/uploads\/2023\/04\/230416-00-30-anys-Joso-Sabadell-Sebas-1024x683.jpg\" alt=\"\" class=\"wp-image-8835\" srcset=\"https:\/\/jososabadell.cat\/wp-content\/uploads\/2023\/04\/230416-00-30-anys-Joso-Sabadell-Sebas-1024x683.jpg 1024w, https:\/\/jososabadell.cat\/wp-content\/uploads\/2023\/04\/230416-00-30-anys-Joso-Sabadell-Sebas-500x333.jpg 500w, https:\/\/jososabadell.cat\/wp-content\/uploads\/2023\/04\/230416-00-30-anys-Joso-Sabadell-Sebas-768x512.jpg 768w, https:\/\/jososabadell.cat\/wp-content\/uploads\/2023\/04\/230416-00-30-anys-Joso-Sabadell-Sebas-1536x1024.jpg 1536w, https:\/\/jososabadell.cat\/wp-content\/uploads\/2023\/04\/230416-00-30-anys-Joso-Sabadell-Sebas-2048x1365.jpg 2048w, https:\/\/jososabadell.cat\/wp-content\/uploads\/2023\/04\/230416-00-30-anys-Joso-Sabadell-Sebas-18x12.jpg 18w, https:\/\/jososabadell.cat\/wp-content\/uploads\/2023\/04\/230416-00-30-anys-Joso-Sabadell-Sebas-320x213.jpg 320w, https:\/\/jososabadell.cat\/wp-content\/uploads\/2023\/04\/230416-00-30-anys-Joso-Sabadell-Sebas-480x320.jpg 480w, https:\/\/jososabadell.cat\/wp-content\/uploads\/2023\/04\/230416-00-30-anys-Joso-Sabadell-Sebas-800x533.jpg 800w, https:\/\/jososabadell.cat\/wp-content\/uploads\/2023\/04\/230416-00-30-anys-Joso-Sabadell-Sebas-870x580.jpg 870w\" sizes=\"(max-width: 1024px) 100vw, 1024px\" \/><\/figure>\n\n\n\n<figure class=\"wp-block-image size-large\"><img loading=\"lazy\" decoding=\"async\" width=\"1024\" height=\"683\" data-id=\"8833\" src=\"https:\/\/jososabadell.cat\/wp-content\/uploads\/2023\/04\/230416-01-30-anys-Joso-Sabadell-Sebas-Maria-Molina-1024x683.jpg\" alt=\"\" class=\"wp-image-8833\" srcset=\"https:\/\/jososabadell.cat\/wp-content\/uploads\/2023\/04\/230416-01-30-anys-Joso-Sabadell-Sebas-Maria-Molina-1024x683.jpg 1024w, https:\/\/jososabadell.cat\/wp-content\/uploads\/2023\/04\/230416-01-30-anys-Joso-Sabadell-Sebas-Maria-Molina-500x333.jpg 500w, https:\/\/jososabadell.cat\/wp-content\/uploads\/2023\/04\/230416-01-30-anys-Joso-Sabadell-Sebas-Maria-Molina-768x512.jpg 768w, https:\/\/jososabadell.cat\/wp-content\/uploads\/2023\/04\/230416-01-30-anys-Joso-Sabadell-Sebas-Maria-Molina-1536x1024.jpg 1536w, https:\/\/jososabadell.cat\/wp-content\/uploads\/2023\/04\/230416-01-30-anys-Joso-Sabadell-Sebas-Maria-Molina-2048x1365.jpg 2048w, https:\/\/jososabadell.cat\/wp-content\/uploads\/2023\/04\/230416-01-30-anys-Joso-Sabadell-Sebas-Maria-Molina-18x12.jpg 18w, https:\/\/jososabadell.cat\/wp-content\/uploads\/2023\/04\/230416-01-30-anys-Joso-Sabadell-Sebas-Maria-Molina-320x213.jpg 320w, https:\/\/jososabadell.cat\/wp-content\/uploads\/2023\/04\/230416-01-30-anys-Joso-Sabadell-Sebas-Maria-Molina-480x320.jpg 480w, https:\/\/jososabadell.cat\/wp-content\/uploads\/2023\/04\/230416-01-30-anys-Joso-Sabadell-Sebas-Maria-Molina-800x533.jpg 800w, https:\/\/jososabadell.cat\/wp-content\/uploads\/2023\/04\/230416-01-30-anys-Joso-Sabadell-Sebas-Maria-Molina-870x580.jpg 870w\" sizes=\"(max-width: 1024px) 100vw, 1024px\" \/><\/figure>\n<\/figure>\n\n\n\n<div style=\"height:20px\" aria-hidden=\"true\" class=\"wp-block-spacer\"><\/div>\n\n\n\n<p>La Gema, a m\u00e9s, va ser qui va dur a terme el <strong>taller de dibuix infantil<\/strong> per crear una carpa koi amb la t\u00e8cnica de l&#8217;esgrafiat. <\/p>\n\n\n\n<figure class=\"wp-block-gallery has-nested-images columns-default is-cropped wp-block-gallery-3 is-layout-flex wp-block-gallery-is-layout-flex\">\n<figure class=\"wp-block-image size-large\"><img loading=\"lazy\" decoding=\"async\" width=\"1024\" height=\"683\" data-id=\"8838\" src=\"https:\/\/jososabadell.cat\/wp-content\/uploads\/2023\/04\/230416-09-Taller-infantil-1024x683.jpg\" alt=\"\" class=\"wp-image-8838\" srcset=\"https:\/\/jososabadell.cat\/wp-content\/uploads\/2023\/04\/230416-09-Taller-infantil-1024x683.jpg 1024w, https:\/\/jososabadell.cat\/wp-content\/uploads\/2023\/04\/230416-09-Taller-infantil-500x333.jpg 500w, https:\/\/jososabadell.cat\/wp-content\/uploads\/2023\/04\/230416-09-Taller-infantil-768x512.jpg 768w, https:\/\/jososabadell.cat\/wp-content\/uploads\/2023\/04\/230416-09-Taller-infantil-1536x1024.jpg 1536w, https:\/\/jososabadell.cat\/wp-content\/uploads\/2023\/04\/230416-09-Taller-infantil-2048x1365.jpg 2048w, https:\/\/jososabadell.cat\/wp-content\/uploads\/2023\/04\/230416-09-Taller-infantil-18x12.jpg 18w, https:\/\/jososabadell.cat\/wp-content\/uploads\/2023\/04\/230416-09-Taller-infantil-320x213.jpg 320w, https:\/\/jososabadell.cat\/wp-content\/uploads\/2023\/04\/230416-09-Taller-infantil-480x320.jpg 480w, https:\/\/jososabadell.cat\/wp-content\/uploads\/2023\/04\/230416-09-Taller-infantil-800x533.jpg 800w\" sizes=\"(max-width: 1024px) 100vw, 1024px\" \/><\/figure>\n\n\n\n<figure class=\"wp-block-image size-large\"><img loading=\"lazy\" decoding=\"async\" width=\"1024\" height=\"683\" data-id=\"8837\" src=\"https:\/\/jososabadell.cat\/wp-content\/uploads\/2023\/04\/230416-10-Taller-infantil-1024x683.jpg\" alt=\"\" class=\"wp-image-8837\" srcset=\"https:\/\/jososabadell.cat\/wp-content\/uploads\/2023\/04\/230416-10-Taller-infantil-1024x683.jpg 1024w, https:\/\/jososabadell.cat\/wp-content\/uploads\/2023\/04\/230416-10-Taller-infantil-500x333.jpg 500w, https:\/\/jososabadell.cat\/wp-content\/uploads\/2023\/04\/230416-10-Taller-infantil-768x512.jpg 768w, https:\/\/jososabadell.cat\/wp-content\/uploads\/2023\/04\/230416-10-Taller-infantil-1536x1024.jpg 1536w, https:\/\/jososabadell.cat\/wp-content\/uploads\/2023\/04\/230416-10-Taller-infantil-2048x1365.jpg 2048w, https:\/\/jososabadell.cat\/wp-content\/uploads\/2023\/04\/230416-10-Taller-infantil-18x12.jpg 18w, https:\/\/jososabadell.cat\/wp-content\/uploads\/2023\/04\/230416-10-Taller-infantil-320x213.jpg 320w, https:\/\/jososabadell.cat\/wp-content\/uploads\/2023\/04\/230416-10-Taller-infantil-480x320.jpg 480w, https:\/\/jososabadell.cat\/wp-content\/uploads\/2023\/04\/230416-10-Taller-infantil-800x533.jpg 800w, https:\/\/jososabadell.cat\/wp-content\/uploads\/2023\/04\/230416-10-Taller-infantil-870x580.jpg 870w\" sizes=\"(max-width: 1024px) 100vw, 1024px\" \/><\/figure>\n\n\n\n<figure class=\"wp-block-image size-large\"><img loading=\"lazy\" decoding=\"async\" width=\"1024\" height=\"683\" data-id=\"8842\" src=\"https:\/\/jososabadell.cat\/wp-content\/uploads\/2023\/04\/230416-13-Taller-infantil-1-1024x683.jpg\" alt=\"\" class=\"wp-image-8842\" srcset=\"https:\/\/jososabadell.cat\/wp-content\/uploads\/2023\/04\/230416-13-Taller-infantil-1-1024x683.jpg 1024w, https:\/\/jososabadell.cat\/wp-content\/uploads\/2023\/04\/230416-13-Taller-infantil-1-500x333.jpg 500w, https:\/\/jososabadell.cat\/wp-content\/uploads\/2023\/04\/230416-13-Taller-infantil-1-768x512.jpg 768w, https:\/\/jososabadell.cat\/wp-content\/uploads\/2023\/04\/230416-13-Taller-infantil-1-1536x1024.jpg 1536w, https:\/\/jososabadell.cat\/wp-content\/uploads\/2023\/04\/230416-13-Taller-infantil-1-2048x1365.jpg 2048w, https:\/\/jososabadell.cat\/wp-content\/uploads\/2023\/04\/230416-13-Taller-infantil-1-18x12.jpg 18w, https:\/\/jososabadell.cat\/wp-content\/uploads\/2023\/04\/230416-13-Taller-infantil-1-320x213.jpg 320w, https:\/\/jososabadell.cat\/wp-content\/uploads\/2023\/04\/230416-13-Taller-infantil-1-480x320.jpg 480w, https:\/\/jososabadell.cat\/wp-content\/uploads\/2023\/04\/230416-13-Taller-infantil-1-800x533.jpg 800w, https:\/\/jososabadell.cat\/wp-content\/uploads\/2023\/04\/230416-13-Taller-infantil-1-870x580.jpg 870w\" sizes=\"(max-width: 1024px) 100vw, 1024px\" \/><\/figure>\n\n\n\n<figure class=\"wp-block-image size-large\"><img loading=\"lazy\" decoding=\"async\" width=\"1024\" height=\"683\" data-id=\"8839\" src=\"https:\/\/jososabadell.cat\/wp-content\/uploads\/2023\/04\/230416-11-Taller-infantil-1024x683.jpg\" alt=\"\" class=\"wp-image-8839\" srcset=\"https:\/\/jososabadell.cat\/wp-content\/uploads\/2023\/04\/230416-11-Taller-infantil-1024x683.jpg 1024w, https:\/\/jososabadell.cat\/wp-content\/uploads\/2023\/04\/230416-11-Taller-infantil-500x333.jpg 500w, https:\/\/jososabadell.cat\/wp-content\/uploads\/2023\/04\/230416-11-Taller-infantil-768x512.jpg 768w, https:\/\/jososabadell.cat\/wp-content\/uploads\/2023\/04\/230416-11-Taller-infantil-1536x1024.jpg 1536w, https:\/\/jososabadell.cat\/wp-content\/uploads\/2023\/04\/230416-11-Taller-infantil-2048x1365.jpg 2048w, https:\/\/jososabadell.cat\/wp-content\/uploads\/2023\/04\/230416-11-Taller-infantil-18x12.jpg 18w, https:\/\/jososabadell.cat\/wp-content\/uploads\/2023\/04\/230416-11-Taller-infantil-320x213.jpg 320w, https:\/\/jososabadell.cat\/wp-content\/uploads\/2023\/04\/230416-11-Taller-infantil-480x320.jpg 480w, https:\/\/jososabadell.cat\/wp-content\/uploads\/2023\/04\/230416-11-Taller-infantil-800x533.jpg 800w, https:\/\/jososabadell.cat\/wp-content\/uploads\/2023\/04\/230416-11-Taller-infantil-870x580.jpg 870w\" sizes=\"(max-width: 1024px) 100vw, 1024px\" \/><\/figure>\n<\/figure>\n\n\n\n<div style=\"height:20px\" aria-hidden=\"true\" class=\"wp-block-spacer\"><\/div>\n\n\n\n<p>Gr\u00e0cies tamb\u00e9 al <a href=\"https:\/\/www.instagram.com\/busquetjosep\/\" target=\"_blank\" rel=\"noreferrer noopener\">Josep Busquet<\/a> per fer la <strong>confer\u00e8ncia sobre el seu viatge al Jap\u00f3<\/strong>, al 2020, quan va anar a recollir el premi obtingut al Japan International Manga Award, que atorga el Ministeri d\u2019Assumptes Exteriors del Jap\u00f3, per la seva obra \u2018Korokke y el esp\u00edritu bajo la monta\u00f1a\u2019. Fruit d\u2019aquesta viv\u00e8ncia, Busquet tamb\u00e9 ha publicat \u2018<a href=\"https:\/\/www.spacemanproject.com\/es\/proyecto\/un-guionista-en-japon-y-el-manga-award-de-korokke\/98\" target=\"_blank\" rel=\"noreferrer noopener\">Un guionista en Jap\u00f3n<\/a>\u2019.<\/p>\n\n\n\n<figure class=\"wp-block-gallery has-nested-images columns-default is-cropped wp-block-gallery-4 is-layout-flex wp-block-gallery-is-layout-flex\">\n<figure class=\"wp-block-image size-large\"><img loading=\"lazy\" decoding=\"async\" width=\"1024\" height=\"683\" data-id=\"8845\" src=\"https:\/\/jososabadell.cat\/wp-content\/uploads\/2023\/04\/230415-03-Xerrada-Josep-Busquet-1024x683.jpg\" alt=\"\" class=\"wp-image-8845\" srcset=\"https:\/\/jososabadell.cat\/wp-content\/uploads\/2023\/04\/230415-03-Xerrada-Josep-Busquet-1024x683.jpg 1024w, https:\/\/jososabadell.cat\/wp-content\/uploads\/2023\/04\/230415-03-Xerrada-Josep-Busquet-500x333.jpg 500w, https:\/\/jososabadell.cat\/wp-content\/uploads\/2023\/04\/230415-03-Xerrada-Josep-Busquet-768x512.jpg 768w, https:\/\/jososabadell.cat\/wp-content\/uploads\/2023\/04\/230415-03-Xerrada-Josep-Busquet-1536x1024.jpg 1536w, https:\/\/jososabadell.cat\/wp-content\/uploads\/2023\/04\/230415-03-Xerrada-Josep-Busquet-2048x1365.jpg 2048w, https:\/\/jososabadell.cat\/wp-content\/uploads\/2023\/04\/230415-03-Xerrada-Josep-Busquet-18x12.jpg 18w, https:\/\/jososabadell.cat\/wp-content\/uploads\/2023\/04\/230415-03-Xerrada-Josep-Busquet-320x213.jpg 320w, https:\/\/jososabadell.cat\/wp-content\/uploads\/2023\/04\/230415-03-Xerrada-Josep-Busquet-480x320.jpg 480w, https:\/\/jososabadell.cat\/wp-content\/uploads\/2023\/04\/230415-03-Xerrada-Josep-Busquet-800x533.jpg 800w, https:\/\/jososabadell.cat\/wp-content\/uploads\/2023\/04\/230415-03-Xerrada-Josep-Busquet-870x580.jpg 870w\" sizes=\"(max-width: 1024px) 100vw, 1024px\" \/><\/figure>\n\n\n\n<figure class=\"wp-block-image size-large\"><img loading=\"lazy\" decoding=\"async\" width=\"1024\" height=\"683\" data-id=\"8844\" src=\"https:\/\/jososabadell.cat\/wp-content\/uploads\/2023\/04\/230415-04-Xerrada-Josep-Busquet-1024x683.jpg\" alt=\"\" class=\"wp-image-8844\" srcset=\"https:\/\/jososabadell.cat\/wp-content\/uploads\/2023\/04\/230415-04-Xerrada-Josep-Busquet-1024x683.jpg 1024w, https:\/\/jososabadell.cat\/wp-content\/uploads\/2023\/04\/230415-04-Xerrada-Josep-Busquet-500x333.jpg 500w, https:\/\/jososabadell.cat\/wp-content\/uploads\/2023\/04\/230415-04-Xerrada-Josep-Busquet-768x512.jpg 768w, https:\/\/jososabadell.cat\/wp-content\/uploads\/2023\/04\/230415-04-Xerrada-Josep-Busquet-1536x1024.jpg 1536w, https:\/\/jososabadell.cat\/wp-content\/uploads\/2023\/04\/230415-04-Xerrada-Josep-Busquet-2048x1365.jpg 2048w, https:\/\/jososabadell.cat\/wp-content\/uploads\/2023\/04\/230415-04-Xerrada-Josep-Busquet-18x12.jpg 18w, https:\/\/jososabadell.cat\/wp-content\/uploads\/2023\/04\/230415-04-Xerrada-Josep-Busquet-320x213.jpg 320w, https:\/\/jososabadell.cat\/wp-content\/uploads\/2023\/04\/230415-04-Xerrada-Josep-Busquet-480x320.jpg 480w, https:\/\/jososabadell.cat\/wp-content\/uploads\/2023\/04\/230415-04-Xerrada-Josep-Busquet-800x533.jpg 800w, https:\/\/jososabadell.cat\/wp-content\/uploads\/2023\/04\/230415-04-Xerrada-Josep-Busquet-870x580.jpg 870w\" sizes=\"(max-width: 1024px) 100vw, 1024px\" \/><\/figure>\n<\/figure>\n\n\n\n<div style=\"height:20px\" aria-hidden=\"true\" class=\"wp-block-spacer\"><\/div>\n\n\n\n<p>Tamb\u00e9 volem felicitar als i a les alumnes, i als professors i les professores, que es van animar a participar al <strong>combat de dibuixants<\/strong>: <a href=\"https:\/\/www.instagram.com\/cescf.dalmases\/\" target=\"_blank\" rel=\"noreferrer noopener\">Cesc F. Dalmases<\/a>, <a href=\"https:\/\/www.instagram.com\/manugarabatos\/\" target=\"_blank\" rel=\"noreferrer noopener\">Manu Ortega<\/a>, <a href=\"https:\/\/www.instagram.com\/marimbavidal\/\" target=\"_blank\" rel=\"noreferrer noopener\">Marina Vidal<\/a>, <a href=\"https:\/\/www.instagram.com\/rsurroca\/\" target=\"_blank\" rel=\"noreferrer noopener\">Roger Surroca<\/a>, Gema Foz, Gerard Garcia, <a href=\"https:\/\/www.instagram.com\/olimpia.art\/\" target=\"_blank\" rel=\"noreferrer noopener\">Olimpia Garcia<\/a> y <a href=\"https:\/\/www.instagram.com\/aracnostudio\/\" target=\"_blank\" rel=\"noreferrer noopener\">Oscar Sanchez<\/a>. Van ser molt valentes i valents. Cal ser-ho per posar-se a dibuixar il\u00b7lustracions improvitzades a petici\u00f3 del p\u00fablic en menys de deu minuts, davant d&#8217;un centenar llarg de persones. <\/p>\n\n\n\n<figure class=\"wp-block-gallery has-nested-images columns-default is-cropped wp-block-gallery-5 is-layout-flex wp-block-gallery-is-layout-flex\">\n<figure class=\"wp-block-image size-large\"><img loading=\"lazy\" decoding=\"async\" width=\"1024\" height=\"683\" data-id=\"8852\" src=\"https:\/\/jososabadell.cat\/wp-content\/uploads\/2023\/04\/230415-09-Combat-ronda-1-Gema-Foz-Olimpia-Garcia-1-1024x683.jpg\" alt=\"\" class=\"wp-image-8852\" srcset=\"https:\/\/jososabadell.cat\/wp-content\/uploads\/2023\/04\/230415-09-Combat-ronda-1-Gema-Foz-Olimpia-Garcia-1-1024x683.jpg 1024w, https:\/\/jososabadell.cat\/wp-content\/uploads\/2023\/04\/230415-09-Combat-ronda-1-Gema-Foz-Olimpia-Garcia-1-500x333.jpg 500w, https:\/\/jososabadell.cat\/wp-content\/uploads\/2023\/04\/230415-09-Combat-ronda-1-Gema-Foz-Olimpia-Garcia-1-768x512.jpg 768w, https:\/\/jososabadell.cat\/wp-content\/uploads\/2023\/04\/230415-09-Combat-ronda-1-Gema-Foz-Olimpia-Garcia-1-1536x1024.jpg 1536w, https:\/\/jososabadell.cat\/wp-content\/uploads\/2023\/04\/230415-09-Combat-ronda-1-Gema-Foz-Olimpia-Garcia-1-2048x1365.jpg 2048w, https:\/\/jososabadell.cat\/wp-content\/uploads\/2023\/04\/230415-09-Combat-ronda-1-Gema-Foz-Olimpia-Garcia-1-18x12.jpg 18w, https:\/\/jososabadell.cat\/wp-content\/uploads\/2023\/04\/230415-09-Combat-ronda-1-Gema-Foz-Olimpia-Garcia-1-320x213.jpg 320w, https:\/\/jososabadell.cat\/wp-content\/uploads\/2023\/04\/230415-09-Combat-ronda-1-Gema-Foz-Olimpia-Garcia-1-480x320.jpg 480w, https:\/\/jososabadell.cat\/wp-content\/uploads\/2023\/04\/230415-09-Combat-ronda-1-Gema-Foz-Olimpia-Garcia-1-800x533.jpg 800w, https:\/\/jososabadell.cat\/wp-content\/uploads\/2023\/04\/230415-09-Combat-ronda-1-Gema-Foz-Olimpia-Garcia-1-870x580.jpg 870w\" sizes=\"(max-width: 1024px) 100vw, 1024px\" \/><\/figure>\n\n\n\n<figure class=\"wp-block-image size-large\"><img loading=\"lazy\" decoding=\"async\" width=\"1024\" height=\"683\" data-id=\"8853\" src=\"https:\/\/jososabadell.cat\/wp-content\/uploads\/2023\/04\/230415-10-Combat-ronda-1-Gema-Foz-Olimpia-Garcia-1-1024x683.jpg\" alt=\"\" class=\"wp-image-8853\" srcset=\"https:\/\/jososabadell.cat\/wp-content\/uploads\/2023\/04\/230415-10-Combat-ronda-1-Gema-Foz-Olimpia-Garcia-1-1024x683.jpg 1024w, https:\/\/jososabadell.cat\/wp-content\/uploads\/2023\/04\/230415-10-Combat-ronda-1-Gema-Foz-Olimpia-Garcia-1-500x333.jpg 500w, https:\/\/jososabadell.cat\/wp-content\/uploads\/2023\/04\/230415-10-Combat-ronda-1-Gema-Foz-Olimpia-Garcia-1-768x512.jpg 768w, https:\/\/jososabadell.cat\/wp-content\/uploads\/2023\/04\/230415-10-Combat-ronda-1-Gema-Foz-Olimpia-Garcia-1-1536x1024.jpg 1536w, https:\/\/jososabadell.cat\/wp-content\/uploads\/2023\/04\/230415-10-Combat-ronda-1-Gema-Foz-Olimpia-Garcia-1-2048x1365.jpg 2048w, https:\/\/jososabadell.cat\/wp-content\/uploads\/2023\/04\/230415-10-Combat-ronda-1-Gema-Foz-Olimpia-Garcia-1-18x12.jpg 18w, https:\/\/jososabadell.cat\/wp-content\/uploads\/2023\/04\/230415-10-Combat-ronda-1-Gema-Foz-Olimpia-Garcia-1-320x213.jpg 320w, https:\/\/jososabadell.cat\/wp-content\/uploads\/2023\/04\/230415-10-Combat-ronda-1-Gema-Foz-Olimpia-Garcia-1-480x320.jpg 480w, https:\/\/jososabadell.cat\/wp-content\/uploads\/2023\/04\/230415-10-Combat-ronda-1-Gema-Foz-Olimpia-Garcia-1-800x533.jpg 800w, https:\/\/jososabadell.cat\/wp-content\/uploads\/2023\/04\/230415-10-Combat-ronda-1-Gema-Foz-Olimpia-Garcia-1-870x580.jpg 870w\" sizes=\"(max-width: 1024px) 100vw, 1024px\" \/><\/figure>\n\n\n\n<figure class=\"wp-block-image size-large\"><img loading=\"lazy\" decoding=\"async\" width=\"1024\" height=\"683\" data-id=\"8851\" src=\"https:\/\/jososabadell.cat\/wp-content\/uploads\/2023\/04\/230415-11-Combat-ronda-1-Gema-Foz-Olimpia-Garcia-1024x683.jpg\" alt=\"\" class=\"wp-image-8851\" srcset=\"https:\/\/jososabadell.cat\/wp-content\/uploads\/2023\/04\/230415-11-Combat-ronda-1-Gema-Foz-Olimpia-Garcia-1024x683.jpg 1024w, https:\/\/jososabadell.cat\/wp-content\/uploads\/2023\/04\/230415-11-Combat-ronda-1-Gema-Foz-Olimpia-Garcia-500x333.jpg 500w, https:\/\/jososabadell.cat\/wp-content\/uploads\/2023\/04\/230415-11-Combat-ronda-1-Gema-Foz-Olimpia-Garcia-768x512.jpg 768w, https:\/\/jososabadell.cat\/wp-content\/uploads\/2023\/04\/230415-11-Combat-ronda-1-Gema-Foz-Olimpia-Garcia-1536x1024.jpg 1536w, https:\/\/jososabadell.cat\/wp-content\/uploads\/2023\/04\/230415-11-Combat-ronda-1-Gema-Foz-Olimpia-Garcia-2048x1365.jpg 2048w, https:\/\/jososabadell.cat\/wp-content\/uploads\/2023\/04\/230415-11-Combat-ronda-1-Gema-Foz-Olimpia-Garcia-18x12.jpg 18w, https:\/\/jososabadell.cat\/wp-content\/uploads\/2023\/04\/230415-11-Combat-ronda-1-Gema-Foz-Olimpia-Garcia-320x213.jpg 320w, https:\/\/jososabadell.cat\/wp-content\/uploads\/2023\/04\/230415-11-Combat-ronda-1-Gema-Foz-Olimpia-Garcia-480x320.jpg 480w, https:\/\/jososabadell.cat\/wp-content\/uploads\/2023\/04\/230415-11-Combat-ronda-1-Gema-Foz-Olimpia-Garcia-800x533.jpg 800w, https:\/\/jososabadell.cat\/wp-content\/uploads\/2023\/04\/230415-11-Combat-ronda-1-Gema-Foz-Olimpia-Garcia-870x580.jpg 870w\" sizes=\"(max-width: 1024px) 100vw, 1024px\" \/><\/figure>\n\n\n\n<figure class=\"wp-block-image size-large\"><img loading=\"lazy\" decoding=\"async\" width=\"1024\" height=\"683\" data-id=\"8854\" src=\"https:\/\/jososabadell.cat\/wp-content\/uploads\/2023\/04\/230415-12-Combat-ronda-2-Gerard-Garcia-Oscar-Sanchez-1-1024x683.jpg\" alt=\"\" class=\"wp-image-8854\" srcset=\"https:\/\/jososabadell.cat\/wp-content\/uploads\/2023\/04\/230415-12-Combat-ronda-2-Gerard-Garcia-Oscar-Sanchez-1-1024x683.jpg 1024w, https:\/\/jososabadell.cat\/wp-content\/uploads\/2023\/04\/230415-12-Combat-ronda-2-Gerard-Garcia-Oscar-Sanchez-1-500x333.jpg 500w, https:\/\/jososabadell.cat\/wp-content\/uploads\/2023\/04\/230415-12-Combat-ronda-2-Gerard-Garcia-Oscar-Sanchez-1-768x512.jpg 768w, https:\/\/jososabadell.cat\/wp-content\/uploads\/2023\/04\/230415-12-Combat-ronda-2-Gerard-Garcia-Oscar-Sanchez-1-1536x1024.jpg 1536w, https:\/\/jososabadell.cat\/wp-content\/uploads\/2023\/04\/230415-12-Combat-ronda-2-Gerard-Garcia-Oscar-Sanchez-1-2048x1365.jpg 2048w, https:\/\/jososabadell.cat\/wp-content\/uploads\/2023\/04\/230415-12-Combat-ronda-2-Gerard-Garcia-Oscar-Sanchez-1-18x12.jpg 18w, https:\/\/jososabadell.cat\/wp-content\/uploads\/2023\/04\/230415-12-Combat-ronda-2-Gerard-Garcia-Oscar-Sanchez-1-320x213.jpg 320w, https:\/\/jososabadell.cat\/wp-content\/uploads\/2023\/04\/230415-12-Combat-ronda-2-Gerard-Garcia-Oscar-Sanchez-1-480x320.jpg 480w, https:\/\/jososabadell.cat\/wp-content\/uploads\/2023\/04\/230415-12-Combat-ronda-2-Gerard-Garcia-Oscar-Sanchez-1-800x533.jpg 800w, https:\/\/jososabadell.cat\/wp-content\/uploads\/2023\/04\/230415-12-Combat-ronda-2-Gerard-Garcia-Oscar-Sanchez-1-870x580.jpg 870w\" sizes=\"(max-width: 1024px) 100vw, 1024px\" \/><\/figure>\n\n\n\n<figure class=\"wp-block-image size-large\"><img loading=\"lazy\" decoding=\"async\" width=\"1024\" height=\"683\" data-id=\"8847\" src=\"https:\/\/jososabadell.cat\/wp-content\/uploads\/2023\/04\/230415-14-Combat-ronda-final-Gerard-Garcia-Olimpia-Garcia-1024x683.jpg\" alt=\"\" class=\"wp-image-8847\" srcset=\"https:\/\/jososabadell.cat\/wp-content\/uploads\/2023\/04\/230415-14-Combat-ronda-final-Gerard-Garcia-Olimpia-Garcia-1024x683.jpg 1024w, https:\/\/jososabadell.cat\/wp-content\/uploads\/2023\/04\/230415-14-Combat-ronda-final-Gerard-Garcia-Olimpia-Garcia-500x333.jpg 500w, https:\/\/jososabadell.cat\/wp-content\/uploads\/2023\/04\/230415-14-Combat-ronda-final-Gerard-Garcia-Olimpia-Garcia-768x512.jpg 768w, https:\/\/jososabadell.cat\/wp-content\/uploads\/2023\/04\/230415-14-Combat-ronda-final-Gerard-Garcia-Olimpia-Garcia-1536x1024.jpg 1536w, https:\/\/jososabadell.cat\/wp-content\/uploads\/2023\/04\/230415-14-Combat-ronda-final-Gerard-Garcia-Olimpia-Garcia-2048x1365.jpg 2048w, https:\/\/jososabadell.cat\/wp-content\/uploads\/2023\/04\/230415-14-Combat-ronda-final-Gerard-Garcia-Olimpia-Garcia-18x12.jpg 18w, https:\/\/jososabadell.cat\/wp-content\/uploads\/2023\/04\/230415-14-Combat-ronda-final-Gerard-Garcia-Olimpia-Garcia-320x213.jpg 320w, https:\/\/jososabadell.cat\/wp-content\/uploads\/2023\/04\/230415-14-Combat-ronda-final-Gerard-Garcia-Olimpia-Garcia-480x320.jpg 480w, https:\/\/jososabadell.cat\/wp-content\/uploads\/2023\/04\/230415-14-Combat-ronda-final-Gerard-Garcia-Olimpia-Garcia-800x533.jpg 800w, https:\/\/jososabadell.cat\/wp-content\/uploads\/2023\/04\/230415-14-Combat-ronda-final-Gerard-Garcia-Olimpia-Garcia-870x580.jpg 870w\" sizes=\"(max-width: 1024px) 100vw, 1024px\" \/><\/figure>\n\n\n\n<figure class=\"wp-block-image size-large\"><img loading=\"lazy\" decoding=\"async\" width=\"1024\" height=\"683\" data-id=\"8850\" src=\"https:\/\/jososabadell.cat\/wp-content\/uploads\/2023\/04\/230415-16-Combat-noobs-1024x683.jpg\" alt=\"\" class=\"wp-image-8850\" srcset=\"https:\/\/jososabadell.cat\/wp-content\/uploads\/2023\/04\/230415-16-Combat-noobs-1024x683.jpg 1024w, https:\/\/jososabadell.cat\/wp-content\/uploads\/2023\/04\/230415-16-Combat-noobs-500x333.jpg 500w, https:\/\/jososabadell.cat\/wp-content\/uploads\/2023\/04\/230415-16-Combat-noobs-768x512.jpg 768w, https:\/\/jososabadell.cat\/wp-content\/uploads\/2023\/04\/230415-16-Combat-noobs-1536x1024.jpg 1536w, https:\/\/jososabadell.cat\/wp-content\/uploads\/2023\/04\/230415-16-Combat-noobs-2048x1365.jpg 2048w, https:\/\/jososabadell.cat\/wp-content\/uploads\/2023\/04\/230415-16-Combat-noobs-18x12.jpg 18w, https:\/\/jososabadell.cat\/wp-content\/uploads\/2023\/04\/230415-16-Combat-noobs-320x213.jpg 320w, https:\/\/jososabadell.cat\/wp-content\/uploads\/2023\/04\/230415-16-Combat-noobs-480x320.jpg 480w, https:\/\/jososabadell.cat\/wp-content\/uploads\/2023\/04\/230415-16-Combat-noobs-800x533.jpg 800w, https:\/\/jososabadell.cat\/wp-content\/uploads\/2023\/04\/230415-16-Combat-noobs-870x580.jpg 870w\" sizes=\"(max-width: 1024px) 100vw, 1024px\" \/><\/figure>\n<\/figure>\n\n\n\n<div style=\"height:20px\" aria-hidden=\"true\" class=\"wp-block-spacer\"><\/div>\n\n\n\n<figure class=\"wp-block-gallery has-nested-images columns-default is-cropped wp-block-gallery-6 is-layout-flex wp-block-gallery-is-layout-flex\">\n<figure class=\"wp-block-image size-large\"><img loading=\"lazy\" decoding=\"async\" width=\"1024\" height=\"683\" data-id=\"8855\" src=\"https:\/\/jososabadell.cat\/wp-content\/uploads\/2023\/04\/230415-20-Combat-ronda-1-Cesc-F.-Dalmases-1024x683.jpg\" alt=\"\" class=\"wp-image-8855\" srcset=\"https:\/\/jososabadell.cat\/wp-content\/uploads\/2023\/04\/230415-20-Combat-ronda-1-Cesc-F.-Dalmases-1024x683.jpg 1024w, https:\/\/jososabadell.cat\/wp-content\/uploads\/2023\/04\/230415-20-Combat-ronda-1-Cesc-F.-Dalmases-500x333.jpg 500w, https:\/\/jososabadell.cat\/wp-content\/uploads\/2023\/04\/230415-20-Combat-ronda-1-Cesc-F.-Dalmases-768x512.jpg 768w, https:\/\/jososabadell.cat\/wp-content\/uploads\/2023\/04\/230415-20-Combat-ronda-1-Cesc-F.-Dalmases-1536x1024.jpg 1536w, https:\/\/jososabadell.cat\/wp-content\/uploads\/2023\/04\/230415-20-Combat-ronda-1-Cesc-F.-Dalmases-2048x1365.jpg 2048w, https:\/\/jososabadell.cat\/wp-content\/uploads\/2023\/04\/230415-20-Combat-ronda-1-Cesc-F.-Dalmases-18x12.jpg 18w, https:\/\/jososabadell.cat\/wp-content\/uploads\/2023\/04\/230415-20-Combat-ronda-1-Cesc-F.-Dalmases-320x213.jpg 320w, https:\/\/jososabadell.cat\/wp-content\/uploads\/2023\/04\/230415-20-Combat-ronda-1-Cesc-F.-Dalmases-480x320.jpg 480w, https:\/\/jososabadell.cat\/wp-content\/uploads\/2023\/04\/230415-20-Combat-ronda-1-Cesc-F.-Dalmases-800x533.jpg 800w, https:\/\/jososabadell.cat\/wp-content\/uploads\/2023\/04\/230415-20-Combat-ronda-1-Cesc-F.-Dalmases-870x580.jpg 870w\" sizes=\"(max-width: 1024px) 100vw, 1024px\" \/><\/figure>\n\n\n\n<figure class=\"wp-block-image size-large\"><img loading=\"lazy\" decoding=\"async\" width=\"1024\" height=\"683\" data-id=\"8863\" src=\"https:\/\/jososabadell.cat\/wp-content\/uploads\/2023\/04\/230415-19-Combat-ronda-1-Roger-Surroca-1-1024x683.jpg\" alt=\"\" class=\"wp-image-8863\" srcset=\"https:\/\/jososabadell.cat\/wp-content\/uploads\/2023\/04\/230415-19-Combat-ronda-1-Roger-Surroca-1-1024x683.jpg 1024w, https:\/\/jososabadell.cat\/wp-content\/uploads\/2023\/04\/230415-19-Combat-ronda-1-Roger-Surroca-1-500x333.jpg 500w, https:\/\/jososabadell.cat\/wp-content\/uploads\/2023\/04\/230415-19-Combat-ronda-1-Roger-Surroca-1-768x512.jpg 768w, https:\/\/jososabadell.cat\/wp-content\/uploads\/2023\/04\/230415-19-Combat-ronda-1-Roger-Surroca-1-1536x1024.jpg 1536w, https:\/\/jososabadell.cat\/wp-content\/uploads\/2023\/04\/230415-19-Combat-ronda-1-Roger-Surroca-1-2048x1365.jpg 2048w, https:\/\/jososabadell.cat\/wp-content\/uploads\/2023\/04\/230415-19-Combat-ronda-1-Roger-Surroca-1-18x12.jpg 18w, https:\/\/jososabadell.cat\/wp-content\/uploads\/2023\/04\/230415-19-Combat-ronda-1-Roger-Surroca-1-320x213.jpg 320w, https:\/\/jososabadell.cat\/wp-content\/uploads\/2023\/04\/230415-19-Combat-ronda-1-Roger-Surroca-1-480x320.jpg 480w, https:\/\/jososabadell.cat\/wp-content\/uploads\/2023\/04\/230415-19-Combat-ronda-1-Roger-Surroca-1-800x533.jpg 800w, https:\/\/jososabadell.cat\/wp-content\/uploads\/2023\/04\/230415-19-Combat-ronda-1-Roger-Surroca-1-870x580.jpg 870w\" sizes=\"(max-width: 1024px) 100vw, 1024px\" \/><\/figure>\n\n\n\n<figure class=\"wp-block-image size-large\"><img loading=\"lazy\" decoding=\"async\" width=\"1024\" height=\"683\" data-id=\"8861\" src=\"https:\/\/jososabadell.cat\/wp-content\/uploads\/2023\/04\/230415-21-Combat-ronda-1-Cesc-F.-Dalmases-Roger-Surroca-1024x683.jpg\" alt=\"\" class=\"wp-image-8861\" srcset=\"https:\/\/jososabadell.cat\/wp-content\/uploads\/2023\/04\/230415-21-Combat-ronda-1-Cesc-F.-Dalmases-Roger-Surroca-1024x683.jpg 1024w, https:\/\/jososabadell.cat\/wp-content\/uploads\/2023\/04\/230415-21-Combat-ronda-1-Cesc-F.-Dalmases-Roger-Surroca-500x333.jpg 500w, https:\/\/jososabadell.cat\/wp-content\/uploads\/2023\/04\/230415-21-Combat-ronda-1-Cesc-F.-Dalmases-Roger-Surroca-768x512.jpg 768w, https:\/\/jososabadell.cat\/wp-content\/uploads\/2023\/04\/230415-21-Combat-ronda-1-Cesc-F.-Dalmases-Roger-Surroca-1536x1024.jpg 1536w, https:\/\/jososabadell.cat\/wp-content\/uploads\/2023\/04\/230415-21-Combat-ronda-1-Cesc-F.-Dalmases-Roger-Surroca-2048x1365.jpg 2048w, https:\/\/jososabadell.cat\/wp-content\/uploads\/2023\/04\/230415-21-Combat-ronda-1-Cesc-F.-Dalmases-Roger-Surroca-18x12.jpg 18w, https:\/\/jososabadell.cat\/wp-content\/uploads\/2023\/04\/230415-21-Combat-ronda-1-Cesc-F.-Dalmases-Roger-Surroca-320x213.jpg 320w, https:\/\/jososabadell.cat\/wp-content\/uploads\/2023\/04\/230415-21-Combat-ronda-1-Cesc-F.-Dalmases-Roger-Surroca-480x320.jpg 480w, https:\/\/jososabadell.cat\/wp-content\/uploads\/2023\/04\/230415-21-Combat-ronda-1-Cesc-F.-Dalmases-Roger-Surroca-800x533.jpg 800w, https:\/\/jososabadell.cat\/wp-content\/uploads\/2023\/04\/230415-21-Combat-ronda-1-Cesc-F.-Dalmases-Roger-Surroca-870x580.jpg 870w\" sizes=\"(max-width: 1024px) 100vw, 1024px\" \/><\/figure>\n\n\n\n<figure class=\"wp-block-image size-large\"><img loading=\"lazy\" decoding=\"async\" width=\"683\" height=\"1024\" data-id=\"8867\" src=\"https:\/\/jososabadell.cat\/wp-content\/uploads\/2023\/04\/230415-22-Combat-ronda-2-Manu-Ortega-2-683x1024.jpg\" alt=\"\" class=\"wp-image-8867\" srcset=\"https:\/\/jososabadell.cat\/wp-content\/uploads\/2023\/04\/230415-22-Combat-ronda-2-Manu-Ortega-2-683x1024.jpg 683w, https:\/\/jososabadell.cat\/wp-content\/uploads\/2023\/04\/230415-22-Combat-ronda-2-Manu-Ortega-2-333x500.jpg 333w, https:\/\/jososabadell.cat\/wp-content\/uploads\/2023\/04\/230415-22-Combat-ronda-2-Manu-Ortega-2-768x1152.jpg 768w, https:\/\/jososabadell.cat\/wp-content\/uploads\/2023\/04\/230415-22-Combat-ronda-2-Manu-Ortega-2-1024x1536.jpg 1024w, https:\/\/jososabadell.cat\/wp-content\/uploads\/2023\/04\/230415-22-Combat-ronda-2-Manu-Ortega-2-1365x2048.jpg 1365w, https:\/\/jososabadell.cat\/wp-content\/uploads\/2023\/04\/230415-22-Combat-ronda-2-Manu-Ortega-2-8x12.jpg 8w, https:\/\/jososabadell.cat\/wp-content\/uploads\/2023\/04\/230415-22-Combat-ronda-2-Manu-Ortega-2-320x480.jpg 320w, https:\/\/jososabadell.cat\/wp-content\/uploads\/2023\/04\/230415-22-Combat-ronda-2-Manu-Ortega-2-480x720.jpg 480w, https:\/\/jososabadell.cat\/wp-content\/uploads\/2023\/04\/230415-22-Combat-ronda-2-Manu-Ortega-2-800x1200.jpg 800w, https:\/\/jososabadell.cat\/wp-content\/uploads\/2023\/04\/230415-22-Combat-ronda-2-Manu-Ortega-2-870x1305.jpg 870w, https:\/\/jososabadell.cat\/wp-content\/uploads\/2023\/04\/230415-22-Combat-ronda-2-Manu-Ortega-2-scaled.jpg 1707w\" sizes=\"(max-width: 683px) 100vw, 683px\" \/><\/figure>\n\n\n\n<figure class=\"wp-block-image size-large\"><img loading=\"lazy\" decoding=\"async\" width=\"683\" height=\"1024\" data-id=\"8865\" src=\"https:\/\/jososabadell.cat\/wp-content\/uploads\/2023\/04\/230415-23-Combat-ronda-2-Marina-Vidal-1-683x1024.jpg\" alt=\"\" class=\"wp-image-8865\" srcset=\"https:\/\/jososabadell.cat\/wp-content\/uploads\/2023\/04\/230415-23-Combat-ronda-2-Marina-Vidal-1-683x1024.jpg 683w, https:\/\/jososabadell.cat\/wp-content\/uploads\/2023\/04\/230415-23-Combat-ronda-2-Marina-Vidal-1-333x500.jpg 333w, https:\/\/jososabadell.cat\/wp-content\/uploads\/2023\/04\/230415-23-Combat-ronda-2-Marina-Vidal-1-768x1152.jpg 768w, https:\/\/jososabadell.cat\/wp-content\/uploads\/2023\/04\/230415-23-Combat-ronda-2-Marina-Vidal-1-1024x1536.jpg 1024w, https:\/\/jososabadell.cat\/wp-content\/uploads\/2023\/04\/230415-23-Combat-ronda-2-Marina-Vidal-1-1365x2048.jpg 1365w, https:\/\/jososabadell.cat\/wp-content\/uploads\/2023\/04\/230415-23-Combat-ronda-2-Marina-Vidal-1-8x12.jpg 8w, https:\/\/jososabadell.cat\/wp-content\/uploads\/2023\/04\/230415-23-Combat-ronda-2-Marina-Vidal-1-320x480.jpg 320w, https:\/\/jososabadell.cat\/wp-content\/uploads\/2023\/04\/230415-23-Combat-ronda-2-Marina-Vidal-1-480x720.jpg 480w, https:\/\/jososabadell.cat\/wp-content\/uploads\/2023\/04\/230415-23-Combat-ronda-2-Marina-Vidal-1-800x1200.jpg 800w, https:\/\/jososabadell.cat\/wp-content\/uploads\/2023\/04\/230415-23-Combat-ronda-2-Marina-Vidal-1-870x1305.jpg 870w, https:\/\/jososabadell.cat\/wp-content\/uploads\/2023\/04\/230415-23-Combat-ronda-2-Marina-Vidal-1-scaled.jpg 1707w\" sizes=\"(max-width: 683px) 100vw, 683px\" \/><\/figure>\n\n\n\n<figure class=\"wp-block-image size-large\"><img loading=\"lazy\" decoding=\"async\" width=\"1024\" height=\"683\" data-id=\"8866\" src=\"https:\/\/jososabadell.cat\/wp-content\/uploads\/2023\/04\/230415-24-Combat-ronda-final-1-1024x683.jpg\" alt=\"\" class=\"wp-image-8866\" srcset=\"https:\/\/jososabadell.cat\/wp-content\/uploads\/2023\/04\/230415-24-Combat-ronda-final-1-1024x683.jpg 1024w, https:\/\/jososabadell.cat\/wp-content\/uploads\/2023\/04\/230415-24-Combat-ronda-final-1-500x333.jpg 500w, https:\/\/jososabadell.cat\/wp-content\/uploads\/2023\/04\/230415-24-Combat-ronda-final-1-768x512.jpg 768w, https:\/\/jososabadell.cat\/wp-content\/uploads\/2023\/04\/230415-24-Combat-ronda-final-1-1536x1024.jpg 1536w, https:\/\/jososabadell.cat\/wp-content\/uploads\/2023\/04\/230415-24-Combat-ronda-final-1-2048x1365.jpg 2048w, https:\/\/jososabadell.cat\/wp-content\/uploads\/2023\/04\/230415-24-Combat-ronda-final-1-18x12.jpg 18w, https:\/\/jososabadell.cat\/wp-content\/uploads\/2023\/04\/230415-24-Combat-ronda-final-1-320x213.jpg 320w, https:\/\/jososabadell.cat\/wp-content\/uploads\/2023\/04\/230415-24-Combat-ronda-final-1-480x320.jpg 480w, https:\/\/jososabadell.cat\/wp-content\/uploads\/2023\/04\/230415-24-Combat-ronda-final-1-800x533.jpg 800w, https:\/\/jososabadell.cat\/wp-content\/uploads\/2023\/04\/230415-24-Combat-ronda-final-1-870x580.jpg 870w\" sizes=\"(max-width: 1024px) 100vw, 1024px\" \/><\/figure>\n\n\n\n<figure class=\"wp-block-image size-large\"><img loading=\"lazy\" decoding=\"async\" width=\"1024\" height=\"683\" data-id=\"8860\" src=\"https:\/\/jososabadell.cat\/wp-content\/uploads\/2023\/04\/230415-25-Combat-ronda-final-Cesc-F.-Dalmases-Gerard-Garcia-1024x683.jpg\" alt=\"\" class=\"wp-image-8860\" srcset=\"https:\/\/jososabadell.cat\/wp-content\/uploads\/2023\/04\/230415-25-Combat-ronda-final-Cesc-F.-Dalmases-Gerard-Garcia-1024x683.jpg 1024w, https:\/\/jososabadell.cat\/wp-content\/uploads\/2023\/04\/230415-25-Combat-ronda-final-Cesc-F.-Dalmases-Gerard-Garcia-500x333.jpg 500w, https:\/\/jososabadell.cat\/wp-content\/uploads\/2023\/04\/230415-25-Combat-ronda-final-Cesc-F.-Dalmases-Gerard-Garcia-768x512.jpg 768w, https:\/\/jososabadell.cat\/wp-content\/uploads\/2023\/04\/230415-25-Combat-ronda-final-Cesc-F.-Dalmases-Gerard-Garcia-1536x1024.jpg 1536w, https:\/\/jososabadell.cat\/wp-content\/uploads\/2023\/04\/230415-25-Combat-ronda-final-Cesc-F.-Dalmases-Gerard-Garcia-2048x1365.jpg 2048w, https:\/\/jososabadell.cat\/wp-content\/uploads\/2023\/04\/230415-25-Combat-ronda-final-Cesc-F.-Dalmases-Gerard-Garcia-18x12.jpg 18w, https:\/\/jososabadell.cat\/wp-content\/uploads\/2023\/04\/230415-25-Combat-ronda-final-Cesc-F.-Dalmases-Gerard-Garcia-320x213.jpg 320w, https:\/\/jososabadell.cat\/wp-content\/uploads\/2023\/04\/230415-25-Combat-ronda-final-Cesc-F.-Dalmases-Gerard-Garcia-480x320.jpg 480w, https:\/\/jososabadell.cat\/wp-content\/uploads\/2023\/04\/230415-25-Combat-ronda-final-Cesc-F.-Dalmases-Gerard-Garcia-800x533.jpg 800w, https:\/\/jososabadell.cat\/wp-content\/uploads\/2023\/04\/230415-25-Combat-ronda-final-Cesc-F.-Dalmases-Gerard-Garcia-870x580.jpg 870w\" sizes=\"(max-width: 1024px) 100vw, 1024px\" \/><\/figure>\n\n\n\n<figure class=\"wp-block-image size-large\"><img loading=\"lazy\" decoding=\"async\" width=\"1024\" height=\"683\" data-id=\"8862\" src=\"https:\/\/jososabadell.cat\/wp-content\/uploads\/2023\/04\/230415-27-Combat-pros-Gerard-Garcia-1024x683.jpg\" alt=\"\" class=\"wp-image-8862\" srcset=\"https:\/\/jososabadell.cat\/wp-content\/uploads\/2023\/04\/230415-27-Combat-pros-Gerard-Garcia-1024x683.jpg 1024w, https:\/\/jososabadell.cat\/wp-content\/uploads\/2023\/04\/230415-27-Combat-pros-Gerard-Garcia-500x333.jpg 500w, https:\/\/jososabadell.cat\/wp-content\/uploads\/2023\/04\/230415-27-Combat-pros-Gerard-Garcia-768x512.jpg 768w, https:\/\/jososabadell.cat\/wp-content\/uploads\/2023\/04\/230415-27-Combat-pros-Gerard-Garcia-1536x1024.jpg 1536w, https:\/\/jososabadell.cat\/wp-content\/uploads\/2023\/04\/230415-27-Combat-pros-Gerard-Garcia-2048x1365.jpg 2048w, https:\/\/jososabadell.cat\/wp-content\/uploads\/2023\/04\/230415-27-Combat-pros-Gerard-Garcia-18x12.jpg 18w, https:\/\/jososabadell.cat\/wp-content\/uploads\/2023\/04\/230415-27-Combat-pros-Gerard-Garcia-320x213.jpg 320w, https:\/\/jososabadell.cat\/wp-content\/uploads\/2023\/04\/230415-27-Combat-pros-Gerard-Garcia-480x320.jpg 480w, https:\/\/jososabadell.cat\/wp-content\/uploads\/2023\/04\/230415-27-Combat-pros-Gerard-Garcia-800x533.jpg 800w, https:\/\/jososabadell.cat\/wp-content\/uploads\/2023\/04\/230415-27-Combat-pros-Gerard-Garcia-870x580.jpg 870w\" sizes=\"(max-width: 1024px) 100vw, 1024px\" \/><\/figure>\n<\/figure>\n\n\n\n<div style=\"height:20px\" aria-hidden=\"true\" class=\"wp-block-spacer\"><\/div>\n\n\n\n<p>I enhorabona sobretot al <a href=\"https:\/\/www.instagram.com\/gigisy.art\/\" target=\"_blank\" rel=\"noreferrer noopener\">Gerard Garcia<\/a>, l&#8217;alulmne d&#8217;Art Gr\u00e0fic guanyador del combat. S&#8217;ho va mer\u00e8ixer: ens va deixar a tothom bocabadat amb el seu nivell i la seva velocitat. Ah! I qu\u00e8 dir de la presentadora? La <a href=\"https:\/\/www.instagram.com\/art_of_valkyrie\/\" target=\"_blank\" rel=\"noreferrer noopener\">M. \u00c0ngels Vilella<\/a>, alumna de C\u00f2mic-Manga, va passejar la seva desimboltura per l&#8217;escenari i va mostrar un talent innat per amenitzar els combats.   <\/p>\n\n\n\n<figure class=\"wp-block-gallery has-nested-images columns-default is-cropped wp-block-gallery-7 is-layout-flex wp-block-gallery-is-layout-flex\">\n<figure class=\"wp-block-image size-large\"><img loading=\"lazy\" decoding=\"async\" width=\"1024\" height=\"683\" data-id=\"8869\" src=\"https:\/\/jososabadell.cat\/wp-content\/uploads\/2023\/04\/230415-17-Combat-Presenta-Maria-Angels-1024x683.jpg\" alt=\"\" class=\"wp-image-8869\" srcset=\"https:\/\/jososabadell.cat\/wp-content\/uploads\/2023\/04\/230415-17-Combat-Presenta-Maria-Angels-1024x683.jpg 1024w, https:\/\/jososabadell.cat\/wp-content\/uploads\/2023\/04\/230415-17-Combat-Presenta-Maria-Angels-500x333.jpg 500w, https:\/\/jososabadell.cat\/wp-content\/uploads\/2023\/04\/230415-17-Combat-Presenta-Maria-Angels-768x512.jpg 768w, https:\/\/jososabadell.cat\/wp-content\/uploads\/2023\/04\/230415-17-Combat-Presenta-Maria-Angels-1536x1024.jpg 1536w, https:\/\/jososabadell.cat\/wp-content\/uploads\/2023\/04\/230415-17-Combat-Presenta-Maria-Angels-2048x1365.jpg 2048w, https:\/\/jososabadell.cat\/wp-content\/uploads\/2023\/04\/230415-17-Combat-Presenta-Maria-Angels-18x12.jpg 18w, https:\/\/jososabadell.cat\/wp-content\/uploads\/2023\/04\/230415-17-Combat-Presenta-Maria-Angels-320x213.jpg 320w, https:\/\/jososabadell.cat\/wp-content\/uploads\/2023\/04\/230415-17-Combat-Presenta-Maria-Angels-480x320.jpg 480w, https:\/\/jososabadell.cat\/wp-content\/uploads\/2023\/04\/230415-17-Combat-Presenta-Maria-Angels-800x533.jpg 800w, https:\/\/jososabadell.cat\/wp-content\/uploads\/2023\/04\/230415-17-Combat-Presenta-Maria-Angels-870x580.jpg 870w\" sizes=\"(max-width: 1024px) 100vw, 1024px\" \/><\/figure>\n\n\n\n<figure class=\"wp-block-image size-large\"><img loading=\"lazy\" decoding=\"async\" width=\"1024\" height=\"683\" data-id=\"8868\" src=\"https:\/\/jososabadell.cat\/wp-content\/uploads\/2023\/04\/230415-26-Combat-ronda-final-Gerard-Garcia-1024x683.jpg\" alt=\"\" class=\"wp-image-8868\" srcset=\"https:\/\/jososabadell.cat\/wp-content\/uploads\/2023\/04\/230415-26-Combat-ronda-final-Gerard-Garcia-1024x683.jpg 1024w, https:\/\/jososabadell.cat\/wp-content\/uploads\/2023\/04\/230415-26-Combat-ronda-final-Gerard-Garcia-500x333.jpg 500w, https:\/\/jososabadell.cat\/wp-content\/uploads\/2023\/04\/230415-26-Combat-ronda-final-Gerard-Garcia-768x512.jpg 768w, https:\/\/jososabadell.cat\/wp-content\/uploads\/2023\/04\/230415-26-Combat-ronda-final-Gerard-Garcia-1536x1024.jpg 1536w, https:\/\/jososabadell.cat\/wp-content\/uploads\/2023\/04\/230415-26-Combat-ronda-final-Gerard-Garcia-2048x1365.jpg 2048w, https:\/\/jososabadell.cat\/wp-content\/uploads\/2023\/04\/230415-26-Combat-ronda-final-Gerard-Garcia-18x12.jpg 18w, https:\/\/jososabadell.cat\/wp-content\/uploads\/2023\/04\/230415-26-Combat-ronda-final-Gerard-Garcia-320x213.jpg 320w, https:\/\/jososabadell.cat\/wp-content\/uploads\/2023\/04\/230415-26-Combat-ronda-final-Gerard-Garcia-480x320.jpg 480w, https:\/\/jososabadell.cat\/wp-content\/uploads\/2023\/04\/230415-26-Combat-ronda-final-Gerard-Garcia-800x533.jpg 800w, https:\/\/jososabadell.cat\/wp-content\/uploads\/2023\/04\/230415-26-Combat-ronda-final-Gerard-Garcia-870x580.jpg 870w\" sizes=\"(max-width: 1024px) 100vw, 1024px\" \/><\/figure>\n<\/figure>\n\n\n\n<div style=\"height:20px\" aria-hidden=\"true\" class=\"wp-block-spacer\"><\/div>\n\n\n\n<p>Aix\u00ed mateix, moltes gr\u00e0cies a alumnes i ex-alumnes que es van estar algunes estones a l&#8217;stand posant a la venda el seu <strong>merxandatge i dibuixant en viu<\/strong>. Veure com evolucioneu any rere any com artistes ens omple d&#8217;orgull.  <\/p>\n\n\n\n<figure class=\"wp-block-gallery has-nested-images columns-default is-cropped wp-block-gallery-8 is-layout-flex wp-block-gallery-is-layout-flex\">\n<figure class=\"wp-block-image size-large\"><img loading=\"lazy\" decoding=\"async\" width=\"1024\" height=\"683\" data-id=\"8870\" src=\"https:\/\/jososabadell.cat\/wp-content\/uploads\/2023\/04\/230414-09-Maria-Molina-1024x683.jpg\" alt=\"\" class=\"wp-image-8870\" srcset=\"https:\/\/jososabadell.cat\/wp-content\/uploads\/2023\/04\/230414-09-Maria-Molina-1024x683.jpg 1024w, https:\/\/jososabadell.cat\/wp-content\/uploads\/2023\/04\/230414-09-Maria-Molina-500x333.jpg 500w, https:\/\/jososabadell.cat\/wp-content\/uploads\/2023\/04\/230414-09-Maria-Molina-768x512.jpg 768w, https:\/\/jososabadell.cat\/wp-content\/uploads\/2023\/04\/230414-09-Maria-Molina-1536x1024.jpg 1536w, https:\/\/jososabadell.cat\/wp-content\/uploads\/2023\/04\/230414-09-Maria-Molina-2048x1365.jpg 2048w, https:\/\/jososabadell.cat\/wp-content\/uploads\/2023\/04\/230414-09-Maria-Molina-18x12.jpg 18w, https:\/\/jososabadell.cat\/wp-content\/uploads\/2023\/04\/230414-09-Maria-Molina-320x213.jpg 320w, https:\/\/jososabadell.cat\/wp-content\/uploads\/2023\/04\/230414-09-Maria-Molina-480x320.jpg 480w, https:\/\/jososabadell.cat\/wp-content\/uploads\/2023\/04\/230414-09-Maria-Molina-800x533.jpg 800w, https:\/\/jososabadell.cat\/wp-content\/uploads\/2023\/04\/230414-09-Maria-Molina-870x580.jpg 870w\" sizes=\"(max-width: 1024px) 100vw, 1024px\" \/><\/figure>\n\n\n\n<figure class=\"wp-block-image size-large\"><img loading=\"lazy\" decoding=\"async\" width=\"1024\" height=\"683\" data-id=\"8874\" src=\"https:\/\/jososabadell.cat\/wp-content\/uploads\/2023\/04\/230414-06-Alex-Sola-1024x683.jpg\" alt=\"\" class=\"wp-image-8874\" srcset=\"https:\/\/jososabadell.cat\/wp-content\/uploads\/2023\/04\/230414-06-Alex-Sola-1024x683.jpg 1024w, https:\/\/jososabadell.cat\/wp-content\/uploads\/2023\/04\/230414-06-Alex-Sola-500x333.jpg 500w, https:\/\/jososabadell.cat\/wp-content\/uploads\/2023\/04\/230414-06-Alex-Sola-768x512.jpg 768w, https:\/\/jososabadell.cat\/wp-content\/uploads\/2023\/04\/230414-06-Alex-Sola-1536x1024.jpg 1536w, https:\/\/jososabadell.cat\/wp-content\/uploads\/2023\/04\/230414-06-Alex-Sola-2048x1365.jpg 2048w, https:\/\/jososabadell.cat\/wp-content\/uploads\/2023\/04\/230414-06-Alex-Sola-18x12.jpg 18w, https:\/\/jososabadell.cat\/wp-content\/uploads\/2023\/04\/230414-06-Alex-Sola-320x213.jpg 320w, https:\/\/jososabadell.cat\/wp-content\/uploads\/2023\/04\/230414-06-Alex-Sola-480x320.jpg 480w, https:\/\/jososabadell.cat\/wp-content\/uploads\/2023\/04\/230414-06-Alex-Sola-800x533.jpg 800w, https:\/\/jososabadell.cat\/wp-content\/uploads\/2023\/04\/230414-06-Alex-Sola-870x580.jpg 870w\" sizes=\"(max-width: 1024px) 100vw, 1024px\" \/><figcaption class=\"wp-element-caption\"><a href=\"https:\/\/www.instagram.com\/askoll.art\/\" target=\"_blank\" rel=\"noreferrer noopener\">Alex Sola<\/a><\/figcaption><\/figure>\n\n\n\n<figure class=\"wp-block-image size-large\"><img loading=\"lazy\" decoding=\"async\" width=\"1024\" height=\"683\" data-id=\"8872\" src=\"https:\/\/jososabadell.cat\/wp-content\/uploads\/2023\/04\/230415-01-Stand-Marina-Vargas-1024x683.jpg\" alt=\"\" class=\"wp-image-8872\" srcset=\"https:\/\/jososabadell.cat\/wp-content\/uploads\/2023\/04\/230415-01-Stand-Marina-Vargas-1024x683.jpg 1024w, https:\/\/jososabadell.cat\/wp-content\/uploads\/2023\/04\/230415-01-Stand-Marina-Vargas-500x333.jpg 500w, https:\/\/jososabadell.cat\/wp-content\/uploads\/2023\/04\/230415-01-Stand-Marina-Vargas-768x512.jpg 768w, https:\/\/jososabadell.cat\/wp-content\/uploads\/2023\/04\/230415-01-Stand-Marina-Vargas-1536x1024.jpg 1536w, https:\/\/jososabadell.cat\/wp-content\/uploads\/2023\/04\/230415-01-Stand-Marina-Vargas-2048x1365.jpg 2048w, https:\/\/jososabadell.cat\/wp-content\/uploads\/2023\/04\/230415-01-Stand-Marina-Vargas-18x12.jpg 18w, https:\/\/jososabadell.cat\/wp-content\/uploads\/2023\/04\/230415-01-Stand-Marina-Vargas-320x213.jpg 320w, https:\/\/jososabadell.cat\/wp-content\/uploads\/2023\/04\/230415-01-Stand-Marina-Vargas-480x320.jpg 480w, https:\/\/jososabadell.cat\/wp-content\/uploads\/2023\/04\/230415-01-Stand-Marina-Vargas-800x533.jpg 800w, https:\/\/jososabadell.cat\/wp-content\/uploads\/2023\/04\/230415-01-Stand-Marina-Vargas-870x580.jpg 870w\" sizes=\"(max-width: 1024px) 100vw, 1024px\" \/><figcaption class=\"wp-element-caption\"><a href=\"https:\/\/www.instagram.com\/marinavargas.art\/\" target=\"_blank\" rel=\"noreferrer noopener\">Marina Vargas<\/a><\/figcaption><\/figure>\n\n\n\n<figure class=\"wp-block-image size-large\"><img loading=\"lazy\" decoding=\"async\" width=\"1024\" height=\"683\" data-id=\"8873\" src=\"https:\/\/jososabadell.cat\/wp-content\/uploads\/2023\/04\/230415-00-Stand-3r-ARtGrafic-1-1024x683.jpg\" alt=\"\" class=\"wp-image-8873\" srcset=\"https:\/\/jososabadell.cat\/wp-content\/uploads\/2023\/04\/230415-00-Stand-3r-ARtGrafic-1-1024x683.jpg 1024w, https:\/\/jososabadell.cat\/wp-content\/uploads\/2023\/04\/230415-00-Stand-3r-ARtGrafic-1-500x333.jpg 500w, https:\/\/jososabadell.cat\/wp-content\/uploads\/2023\/04\/230415-00-Stand-3r-ARtGrafic-1-768x512.jpg 768w, https:\/\/jososabadell.cat\/wp-content\/uploads\/2023\/04\/230415-00-Stand-3r-ARtGrafic-1-1536x1024.jpg 1536w, https:\/\/jososabadell.cat\/wp-content\/uploads\/2023\/04\/230415-00-Stand-3r-ARtGrafic-1-2048x1365.jpg 2048w, https:\/\/jososabadell.cat\/wp-content\/uploads\/2023\/04\/230415-00-Stand-3r-ARtGrafic-1-18x12.jpg 18w, https:\/\/jososabadell.cat\/wp-content\/uploads\/2023\/04\/230415-00-Stand-3r-ARtGrafic-1-320x213.jpg 320w, https:\/\/jososabadell.cat\/wp-content\/uploads\/2023\/04\/230415-00-Stand-3r-ARtGrafic-1-480x320.jpg 480w, https:\/\/jososabadell.cat\/wp-content\/uploads\/2023\/04\/230415-00-Stand-3r-ARtGrafic-1-800x533.jpg 800w, https:\/\/jososabadell.cat\/wp-content\/uploads\/2023\/04\/230415-00-Stand-3r-ARtGrafic-1-870x580.jpg 870w\" sizes=\"(max-width: 1024px) 100vw, 1024px\" \/><figcaption class=\"wp-element-caption\"><a href=\"https:\/\/www.instagram.com\/gerardbabiloni_art\/\" target=\"_blank\" rel=\"noreferrer noopener\">Gerard Babiloni<\/a>, Celia Montalban, <a href=\"https:\/\/www.instagram.com\/torarunaa\/\" target=\"_blank\" rel=\"noreferrer noopener\">Toraruna<\/a>, <a href=\"https:\/\/www.instagram.com\/gerayserant\/\" target=\"_blank\" rel=\"noreferrer noopener\">Geray Serrano<\/a> i Oscar Sanchez. <\/figcaption><\/figure>\n<\/figure>\n\n\n\n<figure class=\"wp-block-gallery has-nested-images columns-default is-cropped wp-block-gallery-9 is-layout-flex wp-block-gallery-is-layout-flex\">\n<figure class=\"wp-block-image size-large\"><img loading=\"lazy\" decoding=\"async\" width=\"1024\" height=\"683\" data-id=\"8875\" src=\"https:\/\/jososabadell.cat\/wp-content\/uploads\/2023\/04\/230415-02-Stand-Paula-Fernandez-1024x683.jpg\" alt=\"\" class=\"wp-image-8875\" srcset=\"https:\/\/jososabadell.cat\/wp-content\/uploads\/2023\/04\/230415-02-Stand-Paula-Fernandez-1024x683.jpg 1024w, https:\/\/jososabadell.cat\/wp-content\/uploads\/2023\/04\/230415-02-Stand-Paula-Fernandez-500x333.jpg 500w, https:\/\/jososabadell.cat\/wp-content\/uploads\/2023\/04\/230415-02-Stand-Paula-Fernandez-768x512.jpg 768w, https:\/\/jososabadell.cat\/wp-content\/uploads\/2023\/04\/230415-02-Stand-Paula-Fernandez-1536x1024.jpg 1536w, https:\/\/jososabadell.cat\/wp-content\/uploads\/2023\/04\/230415-02-Stand-Paula-Fernandez-2048x1365.jpg 2048w, https:\/\/jososabadell.cat\/wp-content\/uploads\/2023\/04\/230415-02-Stand-Paula-Fernandez-18x12.jpg 18w, https:\/\/jososabadell.cat\/wp-content\/uploads\/2023\/04\/230415-02-Stand-Paula-Fernandez-320x213.jpg 320w, https:\/\/jososabadell.cat\/wp-content\/uploads\/2023\/04\/230415-02-Stand-Paula-Fernandez-480x320.jpg 480w, https:\/\/jososabadell.cat\/wp-content\/uploads\/2023\/04\/230415-02-Stand-Paula-Fernandez-800x533.jpg 800w, https:\/\/jososabadell.cat\/wp-content\/uploads\/2023\/04\/230415-02-Stand-Paula-Fernandez-870x580.jpg 870w\" sizes=\"(max-width: 1024px) 100vw, 1024px\" \/><figcaption class=\"wp-element-caption\"><a href=\"https:\/\/www.instagram.com\/paulafdezillus\/\" target=\"_blank\" rel=\"noreferrer noopener\">Paula Fern\u00e1ndez<\/a><\/figcaption><\/figure>\n<\/figure>\n\n\n\n<figure class=\"wp-block-gallery has-nested-images columns-default is-cropped wp-block-gallery-10 is-layout-flex wp-block-gallery-is-layout-flex\">\n<figure class=\"wp-block-image size-large\"><img loading=\"lazy\" decoding=\"async\" width=\"1024\" height=\"683\" data-id=\"8877\" src=\"https:\/\/jososabadell.cat\/wp-content\/uploads\/2023\/04\/230414-08-Paco-Atienza-i-Sebas-caricatura-1024x683.jpg\" alt=\"\" class=\"wp-image-8877\" srcset=\"https:\/\/jososabadell.cat\/wp-content\/uploads\/2023\/04\/230414-08-Paco-Atienza-i-Sebas-caricatura-1024x683.jpg 1024w, https:\/\/jososabadell.cat\/wp-content\/uploads\/2023\/04\/230414-08-Paco-Atienza-i-Sebas-caricatura-500x333.jpg 500w, https:\/\/jososabadell.cat\/wp-content\/uploads\/2023\/04\/230414-08-Paco-Atienza-i-Sebas-caricatura-768x512.jpg 768w, https:\/\/jososabadell.cat\/wp-content\/uploads\/2023\/04\/230414-08-Paco-Atienza-i-Sebas-caricatura-1536x1024.jpg 1536w, https:\/\/jososabadell.cat\/wp-content\/uploads\/2023\/04\/230414-08-Paco-Atienza-i-Sebas-caricatura-2048x1365.jpg 2048w, https:\/\/jososabadell.cat\/wp-content\/uploads\/2023\/04\/230414-08-Paco-Atienza-i-Sebas-caricatura-18x12.jpg 18w, https:\/\/jososabadell.cat\/wp-content\/uploads\/2023\/04\/230414-08-Paco-Atienza-i-Sebas-caricatura-320x213.jpg 320w, https:\/\/jososabadell.cat\/wp-content\/uploads\/2023\/04\/230414-08-Paco-Atienza-i-Sebas-caricatura-480x320.jpg 480w, https:\/\/jososabadell.cat\/wp-content\/uploads\/2023\/04\/230414-08-Paco-Atienza-i-Sebas-caricatura-800x533.jpg 800w, https:\/\/jososabadell.cat\/wp-content\/uploads\/2023\/04\/230414-08-Paco-Atienza-i-Sebas-caricatura-870x580.jpg 870w\" sizes=\"(max-width: 1024px) 100vw, 1024px\" \/><figcaption class=\"wp-element-caption\"><a href=\"https:\/\/www.instagram.com\/pacoatienzax\/\" target=\"_blank\" rel=\"noreferrer noopener\">Paco Atienza<\/a><\/figcaption><\/figure>\n\n\n\n<figure class=\"wp-block-image size-large\"><img loading=\"lazy\" decoding=\"async\" width=\"1024\" height=\"683\" data-id=\"8876\" src=\"https:\/\/jososabadell.cat\/wp-content\/uploads\/2023\/04\/230416-14-Stand-Berta-Carretero-1024x683.jpg\" alt=\"\" class=\"wp-image-8876\" srcset=\"https:\/\/jososabadell.cat\/wp-content\/uploads\/2023\/04\/230416-14-Stand-Berta-Carretero-1024x683.jpg 1024w, https:\/\/jososabadell.cat\/wp-content\/uploads\/2023\/04\/230416-14-Stand-Berta-Carretero-500x333.jpg 500w, https:\/\/jososabadell.cat\/wp-content\/uploads\/2023\/04\/230416-14-Stand-Berta-Carretero-768x512.jpg 768w, https:\/\/jososabadell.cat\/wp-content\/uploads\/2023\/04\/230416-14-Stand-Berta-Carretero-1536x1024.jpg 1536w, https:\/\/jososabadell.cat\/wp-content\/uploads\/2023\/04\/230416-14-Stand-Berta-Carretero-2048x1365.jpg 2048w, https:\/\/jososabadell.cat\/wp-content\/uploads\/2023\/04\/230416-14-Stand-Berta-Carretero-18x12.jpg 18w, https:\/\/jososabadell.cat\/wp-content\/uploads\/2023\/04\/230416-14-Stand-Berta-Carretero-320x213.jpg 320w, https:\/\/jososabadell.cat\/wp-content\/uploads\/2023\/04\/230416-14-Stand-Berta-Carretero-480x320.jpg 480w, https:\/\/jososabadell.cat\/wp-content\/uploads\/2023\/04\/230416-14-Stand-Berta-Carretero-800x533.jpg 800w, https:\/\/jososabadell.cat\/wp-content\/uploads\/2023\/04\/230416-14-Stand-Berta-Carretero-870x580.jpg 870w\" sizes=\"(max-width: 1024px) 100vw, 1024px\" \/><figcaption class=\"wp-element-caption\"><a href=\"https:\/\/www.instagram.com\/yunnamallen\/\" target=\"_blank\" rel=\"noreferrer noopener\">Yunna Mallen<\/a><\/figcaption><\/figure>\n\n\n\n<figure class=\"wp-block-image size-large\"><img loading=\"lazy\" decoding=\"async\" width=\"1024\" height=\"683\" data-id=\"8878\" src=\"https:\/\/jososabadell.cat\/wp-content\/uploads\/2023\/04\/230416-06-Stand-Marta-Perez-1024x683.jpg\" alt=\"\" class=\"wp-image-8878\" srcset=\"https:\/\/jososabadell.cat\/wp-content\/uploads\/2023\/04\/230416-06-Stand-Marta-Perez-1024x683.jpg 1024w, https:\/\/jososabadell.cat\/wp-content\/uploads\/2023\/04\/230416-06-Stand-Marta-Perez-500x333.jpg 500w, https:\/\/jososabadell.cat\/wp-content\/uploads\/2023\/04\/230416-06-Stand-Marta-Perez-768x512.jpg 768w, https:\/\/jososabadell.cat\/wp-content\/uploads\/2023\/04\/230416-06-Stand-Marta-Perez-1536x1024.jpg 1536w, https:\/\/jososabadell.cat\/wp-content\/uploads\/2023\/04\/230416-06-Stand-Marta-Perez-2048x1365.jpg 2048w, https:\/\/jososabadell.cat\/wp-content\/uploads\/2023\/04\/230416-06-Stand-Marta-Perez-18x12.jpg 18w, https:\/\/jososabadell.cat\/wp-content\/uploads\/2023\/04\/230416-06-Stand-Marta-Perez-320x213.jpg 320w, https:\/\/jososabadell.cat\/wp-content\/uploads\/2023\/04\/230416-06-Stand-Marta-Perez-480x320.jpg 480w, https:\/\/jososabadell.cat\/wp-content\/uploads\/2023\/04\/230416-06-Stand-Marta-Perez-800x533.jpg 800w, https:\/\/jososabadell.cat\/wp-content\/uploads\/2023\/04\/230416-06-Stand-Marta-Perez-870x580.jpg 870w\" sizes=\"(max-width: 1024px) 100vw, 1024px\" \/><figcaption class=\"wp-element-caption\"><a href=\"https:\/\/www.instagram.com\/martaleonat\/\" target=\"_blank\" rel=\"noreferrer noopener\">Marta Leonat<\/a><\/figcaption><\/figure>\n\n\n\n<figure class=\"wp-block-image size-large\"><img loading=\"lazy\" decoding=\"async\" width=\"1024\" height=\"683\" data-id=\"8880\" src=\"https:\/\/jososabadell.cat\/wp-content\/uploads\/2023\/04\/230416-04-Stand-Sonia-Sune-1-1024x683.jpg\" alt=\"\" class=\"wp-image-8880\" srcset=\"https:\/\/jososabadell.cat\/wp-content\/uploads\/2023\/04\/230416-04-Stand-Sonia-Sune-1-1024x683.jpg 1024w, https:\/\/jososabadell.cat\/wp-content\/uploads\/2023\/04\/230416-04-Stand-Sonia-Sune-1-500x333.jpg 500w, https:\/\/jososabadell.cat\/wp-content\/uploads\/2023\/04\/230416-04-Stand-Sonia-Sune-1-768x512.jpg 768w, https:\/\/jososabadell.cat\/wp-content\/uploads\/2023\/04\/230416-04-Stand-Sonia-Sune-1-1536x1024.jpg 1536w, https:\/\/jososabadell.cat\/wp-content\/uploads\/2023\/04\/230416-04-Stand-Sonia-Sune-1-2048x1365.jpg 2048w, https:\/\/jososabadell.cat\/wp-content\/uploads\/2023\/04\/230416-04-Stand-Sonia-Sune-1-18x12.jpg 18w, https:\/\/jososabadell.cat\/wp-content\/uploads\/2023\/04\/230416-04-Stand-Sonia-Sune-1-320x213.jpg 320w, https:\/\/jososabadell.cat\/wp-content\/uploads\/2023\/04\/230416-04-Stand-Sonia-Sune-1-480x320.jpg 480w, https:\/\/jososabadell.cat\/wp-content\/uploads\/2023\/04\/230416-04-Stand-Sonia-Sune-1-800x533.jpg 800w, https:\/\/jososabadell.cat\/wp-content\/uploads\/2023\/04\/230416-04-Stand-Sonia-Sune-1-870x580.jpg 870w\" sizes=\"(max-width: 1024px) 100vw, 1024px\" \/><figcaption class=\"wp-element-caption\"><a href=\"https:\/\/www.instagram.com\/suniihanckook\/\" target=\"_blank\" rel=\"noreferrer noopener\">Sunii<\/a><\/figcaption><\/figure>\n<\/figure>\n\n\n\n<div style=\"height:22px\" aria-hidden=\"true\" class=\"wp-block-spacer\"><\/div>\n\n\n\n<p>I, per acabar, molt\u00edssimes gr\u00e0cies a tothom que va a passar a saludar-nos i a xerrar una estoneta amb nosaltes.<\/p>\n\n\n\n<p>Totes i tots, profes, exprofes, alumnes, exalumnes i fam\u00edlies sou l&#8217;Escola Joso Sabadell.<\/p>","protected":false},"excerpt":{"rendered":"<p>Des de l&#8217;Escola Joso Sabadell estem molt satisfets de la nostra participaci\u00f3 a la fira Sakura Matsuri Sabadell. M\u00e9s de 7.500 persones van passar pel recinte que va esdevenir, durant tres dies, un petit rac\u00f3 del Jap\u00f3 a la ciutat. Volem agrair molt especialment a les nostres dues alumnes d&#8217;Art Gr\u00e0fic, la Gema Foz i [&hellip;]<\/p>\n","protected":false},"author":2,"featured_media":8890,"comment_status":"open","ping_status":"open","sticky":false,"template":"","format":"standard","meta":{"_monsterinsights_skip_tracking":false,"_monsterinsights_sitenote_active":false,"_monsterinsights_sitenote_note":"","_monsterinsights_sitenote_category":0,"footnotes":""},"categories":[1297,1],"tags":[1307],"class_list":["post-8826","post","type-post","status-publish","format-standard","has-post-thumbnail","hentry","category-activitats","category-general","tag-sakura-matsuri-sabadell"],"yoast_head":"<!-- This site is optimized with the Yoast SEO plugin v25.6 - https:\/\/yoast.com\/wordpress\/plugins\/seo\/ -->\n<title>Fotos de la Sakura Matsuri Sabadell - Escola Joso Sabadell<\/title>\n<meta name=\"robots\" content=\"index, follow, max-snippet:-1, max-image-preview:large, max-video-preview:-1\" \/>\n<link rel=\"canonical\" href=\"https:\/\/jososabadell.cat\/es\/2023\/04\/18\/fotos-de-la-sakura-matsuri-sabadell\/\" \/>\n<meta property=\"og:locale\" content=\"es_ES\" \/>\n<meta property=\"og:type\" content=\"article\" \/>\n<meta property=\"og:title\" content=\"Fotos de la Sakura Matsuri Sabadell - Escola Joso Sabadell\" \/>\n<meta property=\"og:description\" content=\"Des de l&#8217;Escola Joso Sabadell estem molt satisfets de la nostra participaci\u00f3 a la fira Sakura Matsuri Sabadell. M\u00e9s de 7.500 persones van passar pel recinte que va esdevenir, durant tres dies, un petit rac\u00f3 del Jap\u00f3 a la ciutat. Volem agrair molt especialment a les nostres dues alumnes d&#8217;Art Gr\u00e0fic, la Gema Foz i [&hellip;]\" \/>\n<meta property=\"og:url\" content=\"https:\/\/jososabadell.cat\/es\/2023\/04\/18\/fotos-de-la-sakura-matsuri-sabadell\/\" \/>\n<meta property=\"og:site_name\" content=\"Escola Joso Sabadell\" \/>\n<meta property=\"article:publisher\" content=\"https:\/\/www.facebook.com\/escolajososabadell\/\" \/>\n<meta property=\"article:published_time\" content=\"2023-04-18T06:42:50+00:00\" \/>\n<meta property=\"article:modified_time\" content=\"2023-04-18T22:29:38+00:00\" \/>\n<meta property=\"og:image\" content=\"https:\/\/jososabadell.cat\/wp-content\/uploads\/2023\/04\/fira-Sakura-Matsuri-Sabadell-web-1.jpg\" \/>\n\t<meta property=\"og:image:width\" content=\"818\" \/>\n\t<meta property=\"og:image:height\" content=\"370\" \/>\n\t<meta property=\"og:image:type\" content=\"image\/jpeg\" \/>\n<meta name=\"author\" content=\"Joso Sabadell\" \/>\n<meta name=\"twitter:card\" content=\"summary_large_image\" \/>\n<meta name=\"twitter:creator\" content=\"@EscolaJosoSbd\" \/>\n<meta name=\"twitter:site\" content=\"@EscolaJosoSbd\" \/>\n<meta name=\"twitter:label1\" content=\"Escrito por\" \/>\n\t<meta name=\"twitter:data1\" content=\"Joso Sabadell\" \/>\n\t<meta name=\"twitter:label2\" content=\"Tiempo de lectura\" \/>\n\t<meta name=\"twitter:data2\" content=\"10 minutos\" \/>\n<script type=\"application\/ld+json\" class=\"yoast-schema-graph\">{\"@context\":\"https:\/\/schema.org\",\"@graph\":[{\"@type\":\"WebPage\",\"@id\":\"https:\/\/jososabadell.cat\/2023\/04\/18\/fotos-de-la-sakura-matsuri-sabadell\/\",\"url\":\"https:\/\/jososabadell.cat\/2023\/04\/18\/fotos-de-la-sakura-matsuri-sabadell\/\",\"name\":\"Fotos de la Sakura Matsuri Sabadell - Escola Joso Sabadell\",\"isPartOf\":{\"@id\":\"https:\/\/jososabadell.cat\/#website\"},\"primaryImageOfPage\":{\"@id\":\"https:\/\/jososabadell.cat\/2023\/04\/18\/fotos-de-la-sakura-matsuri-sabadell\/#primaryimage\"},\"image\":{\"@id\":\"https:\/\/jososabadell.cat\/2023\/04\/18\/fotos-de-la-sakura-matsuri-sabadell\/#primaryimage\"},\"thumbnailUrl\":\"https:\/\/jososabadell.cat\/wp-content\/uploads\/2023\/04\/fira-Sakura-Matsuri-Sabadell-web-1.jpg\",\"datePublished\":\"2023-04-18T06:42:50+00:00\",\"dateModified\":\"2023-04-18T22:29:38+00:00\",\"author\":{\"@id\":\"https:\/\/jososabadell.cat\/#\/schema\/person\/233e57003be70aa898d35bfb3ee0fb72\"},\"breadcrumb\":{\"@id\":\"https:\/\/jososabadell.cat\/2023\/04\/18\/fotos-de-la-sakura-matsuri-sabadell\/#breadcrumb\"},\"inLanguage\":\"es\",\"potentialAction\":[{\"@type\":\"ReadAction\",\"target\":[\"https:\/\/jososabadell.cat\/2023\/04\/18\/fotos-de-la-sakura-matsuri-sabadell\/\"]}]},{\"@type\":\"ImageObject\",\"inLanguage\":\"es\",\"@id\":\"https:\/\/jososabadell.cat\/2023\/04\/18\/fotos-de-la-sakura-matsuri-sabadell\/#primaryimage\",\"url\":\"https:\/\/jososabadell.cat\/wp-content\/uploads\/2023\/04\/fira-Sakura-Matsuri-Sabadell-web-1.jpg\",\"contentUrl\":\"https:\/\/jososabadell.cat\/wp-content\/uploads\/2023\/04\/fira-Sakura-Matsuri-Sabadell-web-1.jpg\",\"width\":818,\"height\":370},{\"@type\":\"BreadcrumbList\",\"@id\":\"https:\/\/jososabadell.cat\/2023\/04\/18\/fotos-de-la-sakura-matsuri-sabadell\/#breadcrumb\",\"itemListElement\":[{\"@type\":\"ListItem\",\"position\":1,\"name\":\"Inici\",\"item\":\"https:\/\/jososabadell.cat\/\"},{\"@type\":\"ListItem\",\"position\":2,\"name\":\"Fotos de la Sakura Matsuri Sabadell\"}]},{\"@type\":\"WebSite\",\"@id\":\"https:\/\/jososabadell.cat\/#website\",\"url\":\"https:\/\/jososabadell.cat\/\",\"name\":\"Escola Joso Sabadell\",\"description\":\"\",\"potentialAction\":[{\"@type\":\"SearchAction\",\"target\":{\"@type\":\"EntryPoint\",\"urlTemplate\":\"https:\/\/jososabadell.cat\/?s={search_term_string}\"},\"query-input\":{\"@type\":\"PropertyValueSpecification\",\"valueRequired\":true,\"valueName\":\"search_term_string\"}}],\"inLanguage\":\"es\"},{\"@type\":\"Person\",\"@id\":\"https:\/\/jososabadell.cat\/#\/schema\/person\/233e57003be70aa898d35bfb3ee0fb72\",\"name\":\"Joso Sabadell\",\"image\":{\"@type\":\"ImageObject\",\"inLanguage\":\"es\",\"@id\":\"https:\/\/jososabadell.cat\/#\/schema\/person\/image\/\",\"url\":\"https:\/\/secure.gravatar.com\/avatar\/5aa9d058168d026c6f8d651849c8cf5d?s=96&d=mm&r=g\",\"contentUrl\":\"https:\/\/secure.gravatar.com\/avatar\/5aa9d058168d026c6f8d651849c8cf5d?s=96&d=mm&r=g\",\"caption\":\"Joso Sabadell\"},\"sameAs\":[\"http:\/\/jososabadell.cat\"]}]}<\/script>\n<!-- \/ Yoast SEO plugin. -->","yoast_head_json":{"title":"Fotos de la Sakura Matsuri Sabadell - Escola Joso Sabadell","robots":{"index":"index","follow":"follow","max-snippet":"max-snippet:-1","max-image-preview":"max-image-preview:large","max-video-preview":"max-video-preview:-1"},"canonical":"https:\/\/jososabadell.cat\/es\/2023\/04\/18\/fotos-de-la-sakura-matsuri-sabadell\/","og_locale":"es_ES","og_type":"article","og_title":"Fotos de la Sakura Matsuri Sabadell - Escola Joso Sabadell","og_description":"Des de l&#8217;Escola Joso Sabadell estem molt satisfets de la nostra participaci\u00f3 a la fira Sakura Matsuri Sabadell. M\u00e9s de 7.500 persones van passar pel recinte que va esdevenir, durant tres dies, un petit rac\u00f3 del Jap\u00f3 a la ciutat. Volem agrair molt especialment a les nostres dues alumnes d&#8217;Art Gr\u00e0fic, la Gema Foz i [&hellip;]","og_url":"https:\/\/jososabadell.cat\/es\/2023\/04\/18\/fotos-de-la-sakura-matsuri-sabadell\/","og_site_name":"Escola Joso Sabadell","article_publisher":"https:\/\/www.facebook.com\/escolajososabadell\/","article_published_time":"2023-04-18T06:42:50+00:00","article_modified_time":"2023-04-18T22:29:38+00:00","og_image":[{"width":818,"height":370,"url":"https:\/\/jososabadell.cat\/wp-content\/uploads\/2023\/04\/fira-Sakura-Matsuri-Sabadell-web-1.jpg","type":"image\/jpeg"}],"author":"Joso Sabadell","twitter_card":"summary_large_image","twitter_creator":"@EscolaJosoSbd","twitter_site":"@EscolaJosoSbd","twitter_misc":{"Escrito por":"Joso Sabadell","Tiempo de lectura":"10 minutos"},"schema":{"@context":"https:\/\/schema.org","@graph":[{"@type":"WebPage","@id":"https:\/\/jososabadell.cat\/2023\/04\/18\/fotos-de-la-sakura-matsuri-sabadell\/","url":"https:\/\/jososabadell.cat\/2023\/04\/18\/fotos-de-la-sakura-matsuri-sabadell\/","name":"Fotos de la Sakura Matsuri Sabadell - Escola Joso Sabadell","isPartOf":{"@id":"https:\/\/jososabadell.cat\/#website"},"primaryImageOfPage":{"@id":"https:\/\/jososabadell.cat\/2023\/04\/18\/fotos-de-la-sakura-matsuri-sabadell\/#primaryimage"},"image":{"@id":"https:\/\/jososabadell.cat\/2023\/04\/18\/fotos-de-la-sakura-matsuri-sabadell\/#primaryimage"},"thumbnailUrl":"https:\/\/jososabadell.cat\/wp-content\/uploads\/2023\/04\/fira-Sakura-Matsuri-Sabadell-web-1.jpg","datePublished":"2023-04-18T06:42:50+00:00","dateModified":"2023-04-18T22:29:38+00:00","author":{"@id":"https:\/\/jososabadell.cat\/#\/schema\/person\/233e57003be70aa898d35bfb3ee0fb72"},"breadcrumb":{"@id":"https:\/\/jososabadell.cat\/2023\/04\/18\/fotos-de-la-sakura-matsuri-sabadell\/#breadcrumb"},"inLanguage":"es","potentialAction":[{"@type":"ReadAction","target":["https:\/\/jososabadell.cat\/2023\/04\/18\/fotos-de-la-sakura-matsuri-sabadell\/"]}]},{"@type":"ImageObject","inLanguage":"es","@id":"https:\/\/jososabadell.cat\/2023\/04\/18\/fotos-de-la-sakura-matsuri-sabadell\/#primaryimage","url":"https:\/\/jososabadell.cat\/wp-content\/uploads\/2023\/04\/fira-Sakura-Matsuri-Sabadell-web-1.jpg","contentUrl":"https:\/\/jososabadell.cat\/wp-content\/uploads\/2023\/04\/fira-Sakura-Matsuri-Sabadell-web-1.jpg","width":818,"height":370},{"@type":"BreadcrumbList","@id":"https:\/\/jososabadell.cat\/2023\/04\/18\/fotos-de-la-sakura-matsuri-sabadell\/#breadcrumb","itemListElement":[{"@type":"ListItem","position":1,"name":"Inici","item":"https:\/\/jososabadell.cat\/"},{"@type":"ListItem","position":2,"name":"Fotos de la Sakura Matsuri Sabadell"}]},{"@type":"WebSite","@id":"https:\/\/jososabadell.cat\/#website","url":"https:\/\/jososabadell.cat\/","name":"&nbsp;Escola Joso Sabadell","description":"","potentialAction":[{"@type":"SearchAction","target":{"@type":"EntryPoint","urlTemplate":"https:\/\/jososabadell.cat\/?s={search_term_string}"},"query-input":{"@type":"PropertyValueSpecification","valueRequired":true,"valueName":"search_term_string"}}],"inLanguage":"es"},{"@type":"Person","@id":"https:\/\/jososabadell.cat\/#\/schema\/person\/233e57003be70aa898d35bfb3ee0fb72","name":"Joso Sabadell","image":{"@type":"ImageObject","inLanguage":"es","@id":"https:\/\/jososabadell.cat\/#\/schema\/person\/image\/","url":"https:\/\/secure.gravatar.com\/avatar\/5aa9d058168d026c6f8d651849c8cf5d?s=96&d=mm&r=g","contentUrl":"https:\/\/secure.gravatar.com\/avatar\/5aa9d058168d026c6f8d651849c8cf5d?s=96&d=mm&r=g","caption":"Joso Sabadell"},"sameAs":["http:\/\/jososabadell.cat"]}]}},"_links":{"self":[{"href":"https:\/\/jososabadell.cat\/es\/wp-json\/wp\/v2\/posts\/8826"}],"collection":[{"href":"https:\/\/jososabadell.cat\/es\/wp-json\/wp\/v2\/posts"}],"about":[{"href":"https:\/\/jososabadell.cat\/es\/wp-json\/wp\/v2\/types\/post"}],"author":[{"embeddable":true,"href":"https:\/\/jososabadell.cat\/es\/wp-json\/wp\/v2\/users\/2"}],"replies":[{"embeddable":true,"href":"https:\/\/jososabadell.cat\/es\/wp-json\/wp\/v2\/comments?post=8826"}],"version-history":[{"count":6,"href":"https:\/\/jososabadell.cat\/es\/wp-json\/wp\/v2\/posts\/8826\/revisions"}],"predecessor-version":[{"id":8891,"href":"https:\/\/jososabadell.cat\/es\/wp-json\/wp\/v2\/posts\/8826\/revisions\/8891"}],"wp:featuredmedia":[{"embeddable":true,"href":"https:\/\/jososabadell.cat\/es\/wp-json\/wp\/v2\/media\/8890"}],"wp:attachment":[{"href":"https:\/\/jososabadell.cat\/es\/wp-json\/wp\/v2\/media?parent=8826"}],"wp:term":[{"taxonomy":"category","embeddable":true,"href":"https:\/\/jososabadell.cat\/es\/wp-json\/wp\/v2\/categories?post=8826"},{"taxonomy":"post_tag","embeddable":true,"href":"https:\/\/jososabadell.cat\/es\/wp-json\/wp\/v2\/tags?post=8826"}],"curies":[{"name":"wp","href":"https:\/\/api.w.org\/{rel}","templated":true}]}}