{"id":9327,"date":"2023-09-06T17:47:05","date_gmt":"2023-09-06T15:47:05","guid":{"rendered":"https:\/\/jososabadell.cat\/?p=9327"},"modified":"2023-09-06T18:51:32","modified_gmt":"2023-09-06T16:51:32","slug":"fotos-de-la-fancon-2023","status":"publish","type":"post","link":"https:\/\/jososabadell.cat\/es\/2023\/09\/06\/fotos-de-la-fancon-2023\/","title":{"rendered":"Fotos de la FanCon 2023"},"content":{"rendered":"<p><strong>La <a href=\"https:\/\/fanconbcn.com\/\">FanCon<\/a> no defrauda. Fins a vuit espais (dos pavellons, una pista coberta, una escola, un teatre, un parking i dos edificis), han acollit m\u00e9s d\u2019un centenar de paradetes i un nombre similar d\u2019activitats, entre les quals, tres organitzades per l\u2019Escola Joso Sabadell.\u00a0<\/strong><\/p>\n\n\n\n<p>I tot ha funcionat com un rellotge gr\u00e0cies a l&#8217;extraordinari treball que duu a terme l\u2019equip de volunt\u00e0ries i voluntaris que han fet possible la desena edici\u00f3 d\u2019aquest esdeveniment de refer\u00e8ncia.<\/p>\n\n\n\n<p>Al nostre stand, alumnes i exalumnes han mostrat i venut el seu art, i els m\u00e9s valents i les m\u00e9s valentes han dibuixat en viu.<\/p>\n\n\n\n<figure class=\"wp-block-gallery has-nested-images columns-default is-cropped wp-block-gallery-1 is-layout-flex wp-block-gallery-is-layout-flex\">\n<figure class=\"wp-block-image size-large\"><img loading=\"lazy\" decoding=\"async\" width=\"1024\" height=\"683\" data-id=\"9328\" src=\"https:\/\/jososabadell.cat\/wp-content\/uploads\/2023\/09\/230901-01-Geray-Celia-Mireia-Sebas-Maria-Paula-1024x683.jpg\" alt=\"\" class=\"wp-image-9328\" style=\"aspect-ratio:16\/9;object-fit:cover\" srcset=\"https:\/\/jososabadell.cat\/wp-content\/uploads\/2023\/09\/230901-01-Geray-Celia-Mireia-Sebas-Maria-Paula-1024x683.jpg 1024w, https:\/\/jososabadell.cat\/wp-content\/uploads\/2023\/09\/230901-01-Geray-Celia-Mireia-Sebas-Maria-Paula-500x333.jpg 500w, https:\/\/jososabadell.cat\/wp-content\/uploads\/2023\/09\/230901-01-Geray-Celia-Mireia-Sebas-Maria-Paula-768x512.jpg 768w, https:\/\/jososabadell.cat\/wp-content\/uploads\/2023\/09\/230901-01-Geray-Celia-Mireia-Sebas-Maria-Paula-18x12.jpg 18w, https:\/\/jososabadell.cat\/wp-content\/uploads\/2023\/09\/230901-01-Geray-Celia-Mireia-Sebas-Maria-Paula-320x213.jpg 320w, https:\/\/jososabadell.cat\/wp-content\/uploads\/2023\/09\/230901-01-Geray-Celia-Mireia-Sebas-Maria-Paula-480x320.jpg 480w, https:\/\/jososabadell.cat\/wp-content\/uploads\/2023\/09\/230901-01-Geray-Celia-Mireia-Sebas-Maria-Paula-800x533.jpg 800w, https:\/\/jososabadell.cat\/wp-content\/uploads\/2023\/09\/230901-01-Geray-Celia-Mireia-Sebas-Maria-Paula-870x580.jpg 870w, https:\/\/jososabadell.cat\/wp-content\/uploads\/2023\/09\/230901-01-Geray-Celia-Mireia-Sebas-Maria-Paula.jpg 1287w\" sizes=\"(max-width: 1024px) 100vw, 1024px\" \/><figcaption class=\"wp-element-caption\">@gerayserant, Celia Montalb\u00e1n, @mireia_girbau, Sebasti\u00e0 Roman, @mariamomoart i @paulafdezillus <\/figcaption><\/figure>\n<\/figure>\n\n\n\n<figure class=\"wp-block-gallery has-nested-images columns-default is-cropped wp-block-gallery-2 is-layout-flex wp-block-gallery-is-layout-flex\">\n<figure class=\"wp-block-image size-large\"><img loading=\"lazy\" decoding=\"async\" width=\"1024\" height=\"683\" data-id=\"9330\" src=\"https:\/\/jososabadell.cat\/wp-content\/uploads\/2023\/09\/230901-02-Geray-Serrano-i-Celia-Montalban-1024x683.jpg\" alt=\"\" class=\"wp-image-9330\" srcset=\"https:\/\/jososabadell.cat\/wp-content\/uploads\/2023\/09\/230901-02-Geray-Serrano-i-Celia-Montalban-1024x683.jpg 1024w, https:\/\/jososabadell.cat\/wp-content\/uploads\/2023\/09\/230901-02-Geray-Serrano-i-Celia-Montalban-500x333.jpg 500w, https:\/\/jososabadell.cat\/wp-content\/uploads\/2023\/09\/230901-02-Geray-Serrano-i-Celia-Montalban-768x512.jpg 768w, https:\/\/jososabadell.cat\/wp-content\/uploads\/2023\/09\/230901-02-Geray-Serrano-i-Celia-Montalban-18x12.jpg 18w, https:\/\/jososabadell.cat\/wp-content\/uploads\/2023\/09\/230901-02-Geray-Serrano-i-Celia-Montalban-320x213.jpg 320w, https:\/\/jososabadell.cat\/wp-content\/uploads\/2023\/09\/230901-02-Geray-Serrano-i-Celia-Montalban-480x320.jpg 480w, https:\/\/jososabadell.cat\/wp-content\/uploads\/2023\/09\/230901-02-Geray-Serrano-i-Celia-Montalban-800x533.jpg 800w, https:\/\/jososabadell.cat\/wp-content\/uploads\/2023\/09\/230901-02-Geray-Serrano-i-Celia-Montalban-870x580.jpg 870w, https:\/\/jososabadell.cat\/wp-content\/uploads\/2023\/09\/230901-02-Geray-Serrano-i-Celia-Montalban.jpg 1419w\" sizes=\"(max-width: 1024px) 100vw, 1024px\" \/><figcaption class=\"wp-element-caption\">@gerayserant i Celia Montalb\u00e1n<\/figcaption><\/figure>\n\n\n\n<figure class=\"wp-block-image size-large\"><img loading=\"lazy\" decoding=\"async\" width=\"1024\" height=\"683\" data-id=\"9334\" src=\"https:\/\/jososabadell.cat\/wp-content\/uploads\/2023\/09\/230902-03-M-Angels-Vilella-1024x683.jpg\" alt=\"\" class=\"wp-image-9334\" srcset=\"https:\/\/jososabadell.cat\/wp-content\/uploads\/2023\/09\/230902-03-M-Angels-Vilella-1024x683.jpg 1024w, https:\/\/jososabadell.cat\/wp-content\/uploads\/2023\/09\/230902-03-M-Angels-Vilella-500x333.jpg 500w, https:\/\/jososabadell.cat\/wp-content\/uploads\/2023\/09\/230902-03-M-Angels-Vilella-768x512.jpg 768w, https:\/\/jososabadell.cat\/wp-content\/uploads\/2023\/09\/230902-03-M-Angels-Vilella-18x12.jpg 18w, https:\/\/jososabadell.cat\/wp-content\/uploads\/2023\/09\/230902-03-M-Angels-Vilella-320x213.jpg 320w, https:\/\/jososabadell.cat\/wp-content\/uploads\/2023\/09\/230902-03-M-Angels-Vilella-480x320.jpg 480w, https:\/\/jososabadell.cat\/wp-content\/uploads\/2023\/09\/230902-03-M-Angels-Vilella-800x534.jpg 800w, https:\/\/jososabadell.cat\/wp-content\/uploads\/2023\/09\/230902-03-M-Angels-Vilella-870x580.jpg 870w, https:\/\/jososabadell.cat\/wp-content\/uploads\/2023\/09\/230902-03-M-Angels-Vilella.jpg 1405w\" sizes=\"(max-width: 1024px) 100vw, 1024px\" \/><figcaption class=\"wp-element-caption\">@art_of_valkyrie<\/figcaption><\/figure>\n\n\n\n<figure class=\"wp-block-image size-large\"><img loading=\"lazy\" decoding=\"async\" width=\"1024\" height=\"682\" data-id=\"9332\" src=\"https:\/\/jososabadell.cat\/wp-content\/uploads\/2023\/09\/230902-01-Rokushi-SheylaHaddad-MariaMolina-1024x682.jpg\" alt=\"\" class=\"wp-image-9332\" srcset=\"https:\/\/jososabadell.cat\/wp-content\/uploads\/2023\/09\/230902-01-Rokushi-SheylaHaddad-MariaMolina-1024x682.jpg 1024w, https:\/\/jososabadell.cat\/wp-content\/uploads\/2023\/09\/230902-01-Rokushi-SheylaHaddad-MariaMolina-500x333.jpg 500w, https:\/\/jososabadell.cat\/wp-content\/uploads\/2023\/09\/230902-01-Rokushi-SheylaHaddad-MariaMolina-768x512.jpg 768w, https:\/\/jososabadell.cat\/wp-content\/uploads\/2023\/09\/230902-01-Rokushi-SheylaHaddad-MariaMolina-18x12.jpg 18w, https:\/\/jososabadell.cat\/wp-content\/uploads\/2023\/09\/230902-01-Rokushi-SheylaHaddad-MariaMolina-320x213.jpg 320w, https:\/\/jososabadell.cat\/wp-content\/uploads\/2023\/09\/230902-01-Rokushi-SheylaHaddad-MariaMolina-480x320.jpg 480w, https:\/\/jososabadell.cat\/wp-content\/uploads\/2023\/09\/230902-01-Rokushi-SheylaHaddad-MariaMolina-800x533.jpg 800w, https:\/\/jososabadell.cat\/wp-content\/uploads\/2023\/09\/230902-01-Rokushi-SheylaHaddad-MariaMolina-870x580.jpg 870w, https:\/\/jososabadell.cat\/wp-content\/uploads\/2023\/09\/230902-01-Rokushi-SheylaHaddad-MariaMolina.jpg 1280w\" sizes=\"(max-width: 1024px) 100vw, 1024px\" \/><figcaption class=\"wp-element-caption\">rokushiart, @sheylahaddad i @mariamomoart<\/figcaption><\/figure>\n\n\n\n<figure class=\"wp-block-image size-large\"><img loading=\"lazy\" decoding=\"async\" width=\"1024\" height=\"682\" data-id=\"9331\" src=\"https:\/\/jososabadell.cat\/wp-content\/uploads\/2023\/09\/230901-06-Celia-Montalban-1024x682.jpg\" alt=\"\" class=\"wp-image-9331\" srcset=\"https:\/\/jososabadell.cat\/wp-content\/uploads\/2023\/09\/230901-06-Celia-Montalban-1024x682.jpg 1024w, https:\/\/jososabadell.cat\/wp-content\/uploads\/2023\/09\/230901-06-Celia-Montalban-500x333.jpg 500w, https:\/\/jososabadell.cat\/wp-content\/uploads\/2023\/09\/230901-06-Celia-Montalban-768x512.jpg 768w, https:\/\/jososabadell.cat\/wp-content\/uploads\/2023\/09\/230901-06-Celia-Montalban-18x12.jpg 18w, https:\/\/jososabadell.cat\/wp-content\/uploads\/2023\/09\/230901-06-Celia-Montalban-320x213.jpg 320w, https:\/\/jososabadell.cat\/wp-content\/uploads\/2023\/09\/230901-06-Celia-Montalban-480x320.jpg 480w, https:\/\/jososabadell.cat\/wp-content\/uploads\/2023\/09\/230901-06-Celia-Montalban-800x533.jpg 800w, https:\/\/jososabadell.cat\/wp-content\/uploads\/2023\/09\/230901-06-Celia-Montalban-870x580.jpg 870w, https:\/\/jososabadell.cat\/wp-content\/uploads\/2023\/09\/230901-06-Celia-Montalban.jpg 1481w\" sizes=\"(max-width: 1024px) 100vw, 1024px\" \/><figcaption class=\"wp-element-caption\">Celia Montalb\u00e1n<\/figcaption><\/figure>\n\n\n\n<figure class=\"wp-block-image size-large\"><img loading=\"lazy\" decoding=\"async\" width=\"1024\" height=\"683\" data-id=\"9329\" src=\"https:\/\/jososabadell.cat\/wp-content\/uploads\/2023\/09\/230901-04-Paula-Fernandez-1024x683.jpg\" alt=\"\" class=\"wp-image-9329\" srcset=\"https:\/\/jososabadell.cat\/wp-content\/uploads\/2023\/09\/230901-04-Paula-Fernandez-1024x683.jpg 1024w, https:\/\/jososabadell.cat\/wp-content\/uploads\/2023\/09\/230901-04-Paula-Fernandez-500x333.jpg 500w, https:\/\/jososabadell.cat\/wp-content\/uploads\/2023\/09\/230901-04-Paula-Fernandez-768x512.jpg 768w, https:\/\/jososabadell.cat\/wp-content\/uploads\/2023\/09\/230901-04-Paula-Fernandez-18x12.jpg 18w, https:\/\/jososabadell.cat\/wp-content\/uploads\/2023\/09\/230901-04-Paula-Fernandez-320x213.jpg 320w, https:\/\/jososabadell.cat\/wp-content\/uploads\/2023\/09\/230901-04-Paula-Fernandez-480x320.jpg 480w, https:\/\/jososabadell.cat\/wp-content\/uploads\/2023\/09\/230901-04-Paula-Fernandez-800x533.jpg 800w, https:\/\/jososabadell.cat\/wp-content\/uploads\/2023\/09\/230901-04-Paula-Fernandez-870x580.jpg 870w, https:\/\/jososabadell.cat\/wp-content\/uploads\/2023\/09\/230901-04-Paula-Fernandez.jpg 1353w\" sizes=\"(max-width: 1024px) 100vw, 1024px\" \/><figcaption class=\"wp-element-caption\">@paulafdezillus<\/figcaption><\/figure>\n\n\n\n<figure class=\"wp-block-image size-large\"><img loading=\"lazy\" decoding=\"async\" width=\"1024\" height=\"683\" data-id=\"9335\" src=\"https:\/\/jososabadell.cat\/wp-content\/uploads\/2023\/09\/230902-02-Rokushi-1024x683.jpg\" alt=\"\" class=\"wp-image-9335\" srcset=\"https:\/\/jososabadell.cat\/wp-content\/uploads\/2023\/09\/230902-02-Rokushi-1024x683.jpg 1024w, https:\/\/jososabadell.cat\/wp-content\/uploads\/2023\/09\/230902-02-Rokushi-500x333.jpg 500w, https:\/\/jososabadell.cat\/wp-content\/uploads\/2023\/09\/230902-02-Rokushi-768x512.jpg 768w, https:\/\/jososabadell.cat\/wp-content\/uploads\/2023\/09\/230902-02-Rokushi-18x12.jpg 18w, https:\/\/jososabadell.cat\/wp-content\/uploads\/2023\/09\/230902-02-Rokushi-320x213.jpg 320w, https:\/\/jososabadell.cat\/wp-content\/uploads\/2023\/09\/230902-02-Rokushi-480x320.jpg 480w, https:\/\/jososabadell.cat\/wp-content\/uploads\/2023\/09\/230902-02-Rokushi-800x534.jpg 800w, https:\/\/jososabadell.cat\/wp-content\/uploads\/2023\/09\/230902-02-Rokushi-870x580.jpg 870w, https:\/\/jososabadell.cat\/wp-content\/uploads\/2023\/09\/230902-02-Rokushi.jpg 1477w\" sizes=\"(max-width: 1024px) 100vw, 1024px\" \/><figcaption class=\"wp-element-caption\">@rokushiart<\/figcaption><\/figure>\n<\/figure>\n\n\n\n<figure class=\"wp-block-gallery has-nested-images columns-default is-cropped wp-block-gallery-3 is-layout-flex wp-block-gallery-is-layout-flex\">\n<figure class=\"wp-block-image size-large\"><img loading=\"lazy\" decoding=\"async\" width=\"724\" height=\"1024\" data-id=\"9352\" src=\"https:\/\/jososabadell.cat\/wp-content\/uploads\/2023\/09\/Paula-Fernandez-724x1024.jpg\" alt=\"\" class=\"wp-image-9352\" srcset=\"https:\/\/jososabadell.cat\/wp-content\/uploads\/2023\/09\/Paula-Fernandez-724x1024.jpg 724w, https:\/\/jososabadell.cat\/wp-content\/uploads\/2023\/09\/Paula-Fernandez-353x500.jpg 353w, https:\/\/jososabadell.cat\/wp-content\/uploads\/2023\/09\/Paula-Fernandez-768x1086.jpg 768w, https:\/\/jososabadell.cat\/wp-content\/uploads\/2023\/09\/Paula-Fernandez-1086x1536.jpg 1086w, https:\/\/jososabadell.cat\/wp-content\/uploads\/2023\/09\/Paula-Fernandez-1448x2048.jpg 1448w, https:\/\/jososabadell.cat\/wp-content\/uploads\/2023\/09\/Paula-Fernandez-8x12.jpg 8w, https:\/\/jososabadell.cat\/wp-content\/uploads\/2023\/09\/Paula-Fernandez-320x453.jpg 320w, https:\/\/jososabadell.cat\/wp-content\/uploads\/2023\/09\/Paula-Fernandez-480x679.jpg 480w, https:\/\/jososabadell.cat\/wp-content\/uploads\/2023\/09\/Paula-Fernandez-800x1132.jpg 800w, https:\/\/jososabadell.cat\/wp-content\/uploads\/2023\/09\/Paula-Fernandez-870x1231.jpg 870w, https:\/\/jososabadell.cat\/wp-content\/uploads\/2023\/09\/Paula-Fernandez-scaled.jpg 1810w\" sizes=\"(max-width: 724px) 100vw, 724px\" \/><\/figure>\n<\/figure>\n\n\n\n<div style=\"height:20px\" aria-hidden=\"true\" class=\"wp-block-spacer\"><\/div>\n\n\n\n<p>Durant tot el cap de setmana s\u2019ha pogut veure, al vest\u00edbul del Pavell\u00f3 Maria Victor, l\u2019exposici\u00f3 del recull fotogr\u00e0fic dels nostres 30 anys. Un recorregut r\u00e0pid d\u2019imatges per fer-se una idea de qu\u00e8 vol dir haver viscut la Joso per totes i tots els profes i alumnes que ens han acompanyat durant aquest temps. Un petit bocinet de la nostra hist\u00f2ria.<\/p>\n\n\n\n<figure class=\"wp-block-gallery has-nested-images columns-default is-cropped wp-block-gallery-4 is-layout-flex wp-block-gallery-is-layout-flex\">\n<figure class=\"wp-block-image size-large\"><img loading=\"lazy\" decoding=\"async\" width=\"1024\" height=\"683\" data-id=\"9336\" src=\"https:\/\/jososabadell.cat\/wp-content\/uploads\/2023\/09\/230901-00-Expo-30-anys-1024x683.jpg\" alt=\"\" class=\"wp-image-9336\" srcset=\"https:\/\/jososabadell.cat\/wp-content\/uploads\/2023\/09\/230901-00-Expo-30-anys-1024x683.jpg 1024w, https:\/\/jososabadell.cat\/wp-content\/uploads\/2023\/09\/230901-00-Expo-30-anys-500x333.jpg 500w, https:\/\/jososabadell.cat\/wp-content\/uploads\/2023\/09\/230901-00-Expo-30-anys-768x512.jpg 768w, https:\/\/jososabadell.cat\/wp-content\/uploads\/2023\/09\/230901-00-Expo-30-anys-18x12.jpg 18w, https:\/\/jososabadell.cat\/wp-content\/uploads\/2023\/09\/230901-00-Expo-30-anys-320x213.jpg 320w, https:\/\/jososabadell.cat\/wp-content\/uploads\/2023\/09\/230901-00-Expo-30-anys-480x320.jpg 480w, https:\/\/jososabadell.cat\/wp-content\/uploads\/2023\/09\/230901-00-Expo-30-anys-800x533.jpg 800w, https:\/\/jososabadell.cat\/wp-content\/uploads\/2023\/09\/230901-00-Expo-30-anys-870x580.jpg 870w, https:\/\/jososabadell.cat\/wp-content\/uploads\/2023\/09\/230901-00-Expo-30-anys.jpg 1323w\" sizes=\"(max-width: 1024px) 100vw, 1024px\" \/><\/figure>\n<\/figure>\n\n\n\n<div style=\"height:20px\" aria-hidden=\"true\" class=\"wp-block-spacer\"><\/div>\n\n\n\n<p>Dissabte vam celebrar una nova edici\u00f3 del combat de dibuixants, que va guanyar la <a href=\"https:\/\/www.instagram.com\/arakrisdraw\/\">Cris Arazo<\/a>, exalumna de l\u2019Escola Joso. En aquesta ocasi\u00f3 la presentadora va tornar a ser l\u2019alumna de C\u00f2mic Manga <a href=\"https:\/\/www.instagram.com\/art_of_valkyrie\/\">M. \u00c0ngels Vilella<\/a>, demostrant una desimboltura extraordin\u00e0ria. Tota una showoman.\u00a0\u00a0<\/p>\n\n\n\n<figure class=\"wp-block-gallery has-nested-images columns-default is-cropped wp-block-gallery-5 is-layout-flex wp-block-gallery-is-layout-flex\">\n<figure class=\"wp-block-image size-large\"><img loading=\"lazy\" decoding=\"async\" width=\"1024\" height=\"683\" data-id=\"9337\" src=\"https:\/\/jososabadell.cat\/wp-content\/uploads\/2023\/09\/230902-11-Combat-de-dibuixants-guanyadora-1024x683.jpg\" alt=\"\" class=\"wp-image-9337\" srcset=\"https:\/\/jososabadell.cat\/wp-content\/uploads\/2023\/09\/230902-11-Combat-de-dibuixants-guanyadora-1024x683.jpg 1024w, https:\/\/jososabadell.cat\/wp-content\/uploads\/2023\/09\/230902-11-Combat-de-dibuixants-guanyadora-500x334.jpg 500w, https:\/\/jososabadell.cat\/wp-content\/uploads\/2023\/09\/230902-11-Combat-de-dibuixants-guanyadora-768x512.jpg 768w, https:\/\/jososabadell.cat\/wp-content\/uploads\/2023\/09\/230902-11-Combat-de-dibuixants-guanyadora-18x12.jpg 18w, https:\/\/jososabadell.cat\/wp-content\/uploads\/2023\/09\/230902-11-Combat-de-dibuixants-guanyadora-320x213.jpg 320w, https:\/\/jososabadell.cat\/wp-content\/uploads\/2023\/09\/230902-11-Combat-de-dibuixants-guanyadora-480x320.jpg 480w, https:\/\/jososabadell.cat\/wp-content\/uploads\/2023\/09\/230902-11-Combat-de-dibuixants-guanyadora-800x534.jpg 800w, https:\/\/jososabadell.cat\/wp-content\/uploads\/2023\/09\/230902-11-Combat-de-dibuixants-guanyadora-870x580.jpg 870w, https:\/\/jososabadell.cat\/wp-content\/uploads\/2023\/09\/230902-11-Combat-de-dibuixants-guanyadora.jpg 1286w\" sizes=\"(max-width: 1024px) 100vw, 1024px\" \/><figcaption class=\"wp-element-caption\">M. \u00c0ngels Vilella (@art_of_valkyrie) al\u00e7a el bra\u00e7 d&#8217;@arakrisdraw, guanyadora del combat<\/figcaption><\/figure>\n<\/figure>\n\n\n\n<figure class=\"wp-block-gallery has-nested-images columns-default is-cropped wp-block-gallery-6 is-layout-flex wp-block-gallery-is-layout-flex\">\n<figure class=\"wp-block-image size-large\"><img loading=\"lazy\" decoding=\"async\" width=\"1024\" height=\"683\" data-id=\"9339\" src=\"https:\/\/jososabadell.cat\/wp-content\/uploads\/2023\/09\/230902-05-Combat-de-dibuixants-Thalaya-1024x683.jpg\" alt=\"\" class=\"wp-image-9339\" srcset=\"https:\/\/jososabadell.cat\/wp-content\/uploads\/2023\/09\/230902-05-Combat-de-dibuixants-Thalaya-1024x683.jpg 1024w, https:\/\/jososabadell.cat\/wp-content\/uploads\/2023\/09\/230902-05-Combat-de-dibuixants-Thalaya-500x333.jpg 500w, https:\/\/jososabadell.cat\/wp-content\/uploads\/2023\/09\/230902-05-Combat-de-dibuixants-Thalaya-768x512.jpg 768w, https:\/\/jososabadell.cat\/wp-content\/uploads\/2023\/09\/230902-05-Combat-de-dibuixants-Thalaya-18x12.jpg 18w, https:\/\/jososabadell.cat\/wp-content\/uploads\/2023\/09\/230902-05-Combat-de-dibuixants-Thalaya-320x213.jpg 320w, https:\/\/jososabadell.cat\/wp-content\/uploads\/2023\/09\/230902-05-Combat-de-dibuixants-Thalaya-480x320.jpg 480w, https:\/\/jososabadell.cat\/wp-content\/uploads\/2023\/09\/230902-05-Combat-de-dibuixants-Thalaya-800x534.jpg 800w, https:\/\/jososabadell.cat\/wp-content\/uploads\/2023\/09\/230902-05-Combat-de-dibuixants-Thalaya-870x580.jpg 870w, https:\/\/jososabadell.cat\/wp-content\/uploads\/2023\/09\/230902-05-Combat-de-dibuixants-Thalaya.jpg 1369w\" sizes=\"(max-width: 1024px) 100vw, 1024px\" \/><figcaption class=\"wp-element-caption\">@thalayadraws<\/figcaption><\/figure>\n\n\n\n<figure class=\"wp-block-image size-large\"><img loading=\"lazy\" decoding=\"async\" width=\"1024\" height=\"683\" data-id=\"9338\" src=\"https:\/\/jososabadell.cat\/wp-content\/uploads\/2023\/09\/230902-04-Combat-de-dibuixants-Jaume-Montserrat-1024x683.jpg\" alt=\"\" class=\"wp-image-9338\" srcset=\"https:\/\/jososabadell.cat\/wp-content\/uploads\/2023\/09\/230902-04-Combat-de-dibuixants-Jaume-Montserrat-1024x683.jpg 1024w, https:\/\/jososabadell.cat\/wp-content\/uploads\/2023\/09\/230902-04-Combat-de-dibuixants-Jaume-Montserrat-500x333.jpg 500w, https:\/\/jososabadell.cat\/wp-content\/uploads\/2023\/09\/230902-04-Combat-de-dibuixants-Jaume-Montserrat-768x512.jpg 768w, https:\/\/jososabadell.cat\/wp-content\/uploads\/2023\/09\/230902-04-Combat-de-dibuixants-Jaume-Montserrat-18x12.jpg 18w, https:\/\/jososabadell.cat\/wp-content\/uploads\/2023\/09\/230902-04-Combat-de-dibuixants-Jaume-Montserrat-320x213.jpg 320w, https:\/\/jososabadell.cat\/wp-content\/uploads\/2023\/09\/230902-04-Combat-de-dibuixants-Jaume-Montserrat-480x320.jpg 480w, https:\/\/jososabadell.cat\/wp-content\/uploads\/2023\/09\/230902-04-Combat-de-dibuixants-Jaume-Montserrat-800x533.jpg 800w, https:\/\/jososabadell.cat\/wp-content\/uploads\/2023\/09\/230902-04-Combat-de-dibuixants-Jaume-Montserrat-870x580.jpg 870w, https:\/\/jososabadell.cat\/wp-content\/uploads\/2023\/09\/230902-04-Combat-de-dibuixants-Jaume-Montserrat.jpg 1377w\" sizes=\"(max-width: 1024px) 100vw, 1024px\" \/><figcaption class=\"wp-element-caption\">@jaumemontserrat<\/figcaption><\/figure>\n\n\n\n<figure class=\"wp-block-image size-large\"><img loading=\"lazy\" decoding=\"async\" width=\"1024\" height=\"682\" data-id=\"9340\" src=\"https:\/\/jososabadell.cat\/wp-content\/uploads\/2023\/09\/230902-10-Combat-de-dibuixants-Oscar-Sanchez-1024x682.jpg\" alt=\"\" class=\"wp-image-9340\" srcset=\"https:\/\/jososabadell.cat\/wp-content\/uploads\/2023\/09\/230902-10-Combat-de-dibuixants-Oscar-Sanchez-1024x682.jpg 1024w, https:\/\/jososabadell.cat\/wp-content\/uploads\/2023\/09\/230902-10-Combat-de-dibuixants-Oscar-Sanchez-500x333.jpg 500w, https:\/\/jososabadell.cat\/wp-content\/uploads\/2023\/09\/230902-10-Combat-de-dibuixants-Oscar-Sanchez-768x512.jpg 768w, https:\/\/jososabadell.cat\/wp-content\/uploads\/2023\/09\/230902-10-Combat-de-dibuixants-Oscar-Sanchez-18x12.jpg 18w, https:\/\/jososabadell.cat\/wp-content\/uploads\/2023\/09\/230902-10-Combat-de-dibuixants-Oscar-Sanchez-320x213.jpg 320w, https:\/\/jososabadell.cat\/wp-content\/uploads\/2023\/09\/230902-10-Combat-de-dibuixants-Oscar-Sanchez-480x320.jpg 480w, https:\/\/jososabadell.cat\/wp-content\/uploads\/2023\/09\/230902-10-Combat-de-dibuixants-Oscar-Sanchez-800x533.jpg 800w, https:\/\/jososabadell.cat\/wp-content\/uploads\/2023\/09\/230902-10-Combat-de-dibuixants-Oscar-Sanchez-870x580.jpg 870w, https:\/\/jososabadell.cat\/wp-content\/uploads\/2023\/09\/230902-10-Combat-de-dibuixants-Oscar-Sanchez.jpg 1340w\" sizes=\"(max-width: 1024px) 100vw, 1024px\" \/><figcaption class=\"wp-element-caption\">@aracnostudio<\/figcaption><\/figure>\n\n\n\n<figure class=\"wp-block-image size-large\"><img loading=\"lazy\" decoding=\"async\" width=\"1024\" height=\"683\" data-id=\"9341\" src=\"https:\/\/jososabadell.cat\/wp-content\/uploads\/2023\/09\/230902-06-Combat-de-dibuixants-MarinaMomo-CrisArazo-1024x683.jpg\" alt=\"\" class=\"wp-image-9341\" srcset=\"https:\/\/jososabadell.cat\/wp-content\/uploads\/2023\/09\/230902-06-Combat-de-dibuixants-MarinaMomo-CrisArazo-1024x683.jpg 1024w, https:\/\/jososabadell.cat\/wp-content\/uploads\/2023\/09\/230902-06-Combat-de-dibuixants-MarinaMomo-CrisArazo-500x333.jpg 500w, https:\/\/jososabadell.cat\/wp-content\/uploads\/2023\/09\/230902-06-Combat-de-dibuixants-MarinaMomo-CrisArazo-768x512.jpg 768w, https:\/\/jososabadell.cat\/wp-content\/uploads\/2023\/09\/230902-06-Combat-de-dibuixants-MarinaMomo-CrisArazo-18x12.jpg 18w, https:\/\/jososabadell.cat\/wp-content\/uploads\/2023\/09\/230902-06-Combat-de-dibuixants-MarinaMomo-CrisArazo-320x213.jpg 320w, https:\/\/jososabadell.cat\/wp-content\/uploads\/2023\/09\/230902-06-Combat-de-dibuixants-MarinaMomo-CrisArazo-480x320.jpg 480w, https:\/\/jososabadell.cat\/wp-content\/uploads\/2023\/09\/230902-06-Combat-de-dibuixants-MarinaMomo-CrisArazo-800x533.jpg 800w, https:\/\/jososabadell.cat\/wp-content\/uploads\/2023\/09\/230902-06-Combat-de-dibuixants-MarinaMomo-CrisArazo-870x580.jpg 870w, https:\/\/jososabadell.cat\/wp-content\/uploads\/2023\/09\/230902-06-Combat-de-dibuixants-MarinaMomo-CrisArazo.jpg 1332w\" sizes=\"(max-width: 1024px) 100vw, 1024px\" \/><figcaption class=\"wp-element-caption\">@momoilustracion i @arakirsdraw, Mario i Peach<\/figcaption><\/figure>\n\n\n\n<figure class=\"wp-block-image size-large\"><img loading=\"lazy\" decoding=\"async\" width=\"1024\" height=\"683\" data-id=\"9342\" src=\"https:\/\/jososabadell.cat\/wp-content\/uploads\/2023\/09\/230902-08-Combat-de-dibuixants-M-Angels-Vilella-1024x683.jpg\" alt=\"\" class=\"wp-image-9342\" srcset=\"https:\/\/jososabadell.cat\/wp-content\/uploads\/2023\/09\/230902-08-Combat-de-dibuixants-M-Angels-Vilella-1024x683.jpg 1024w, https:\/\/jososabadell.cat\/wp-content\/uploads\/2023\/09\/230902-08-Combat-de-dibuixants-M-Angels-Vilella-500x334.jpg 500w, https:\/\/jososabadell.cat\/wp-content\/uploads\/2023\/09\/230902-08-Combat-de-dibuixants-M-Angels-Vilella-768x512.jpg 768w, https:\/\/jososabadell.cat\/wp-content\/uploads\/2023\/09\/230902-08-Combat-de-dibuixants-M-Angels-Vilella-18x12.jpg 18w, https:\/\/jososabadell.cat\/wp-content\/uploads\/2023\/09\/230902-08-Combat-de-dibuixants-M-Angels-Vilella-320x214.jpg 320w, https:\/\/jososabadell.cat\/wp-content\/uploads\/2023\/09\/230902-08-Combat-de-dibuixants-M-Angels-Vilella-480x320.jpg 480w, https:\/\/jososabadell.cat\/wp-content\/uploads\/2023\/09\/230902-08-Combat-de-dibuixants-M-Angels-Vilella-800x534.jpg 800w, https:\/\/jososabadell.cat\/wp-content\/uploads\/2023\/09\/230902-08-Combat-de-dibuixants-M-Angels-Vilella-870x580.jpg 870w, https:\/\/jososabadell.cat\/wp-content\/uploads\/2023\/09\/230902-08-Combat-de-dibuixants-M-Angels-Vilella.jpg 1241w\" sizes=\"(max-width: 1024px) 100vw, 1024px\" \/><figcaption class=\"wp-element-caption\">@@art_of_valkyrie durant el combat<\/figcaption><\/figure>\n<\/figure>\n\n\n\n<figure class=\"wp-block-gallery has-nested-images columns-default is-cropped wp-block-gallery-7 is-layout-flex wp-block-gallery-is-layout-flex\">\n<figure class=\"wp-block-image size-large\"><img loading=\"lazy\" decoding=\"async\" width=\"1024\" height=\"576\" data-id=\"9351\" src=\"https:\/\/jososabadell.cat\/wp-content\/uploads\/2023\/09\/Cris-Arazo-1024x576.jpg\" alt=\"\" class=\"wp-image-9351\" srcset=\"https:\/\/jososabadell.cat\/wp-content\/uploads\/2023\/09\/Cris-Arazo-1024x576.jpg 1024w, https:\/\/jososabadell.cat\/wp-content\/uploads\/2023\/09\/Cris-Arazo-500x281.jpg 500w, https:\/\/jososabadell.cat\/wp-content\/uploads\/2023\/09\/Cris-Arazo-768x432.jpg 768w, https:\/\/jososabadell.cat\/wp-content\/uploads\/2023\/09\/Cris-Arazo-1536x864.jpg 1536w, https:\/\/jososabadell.cat\/wp-content\/uploads\/2023\/09\/Cris-Arazo-18x10.jpg 18w, https:\/\/jososabadell.cat\/wp-content\/uploads\/2023\/09\/Cris-Arazo-320x180.jpg 320w, https:\/\/jososabadell.cat\/wp-content\/uploads\/2023\/09\/Cris-Arazo-480x270.jpg 480w, https:\/\/jososabadell.cat\/wp-content\/uploads\/2023\/09\/Cris-Arazo-800x450.jpg 800w, https:\/\/jososabadell.cat\/wp-content\/uploads\/2023\/09\/Cris-Arazo-870x489.jpg 870w, https:\/\/jososabadell.cat\/wp-content\/uploads\/2023\/09\/Cris-Arazo.jpg 1920w\" sizes=\"(max-width: 1024px) 100vw, 1024px\" \/><figcaption class=\"wp-element-caption\">La il\u00b7lustraci\u00f3 amb la que va guanyar @arakrisdraw, feta en menys de 10 minuts.<\/figcaption><\/figure>\n<\/figure>\n\n\n\n<div style=\"height:20px\" aria-hidden=\"true\" class=\"wp-block-spacer\"><\/div>\n\n\n\n<p>Diumenge la <a href=\"https:\/\/www.instagram.com\/gema_foz\/\">Gema Foz<\/a> va impartir un taller infantil de dibuix, perqu\u00e8 nenes i nens aprenguessin a crear els seus propis personatges en estil manga. Dues dotzenes d\u2019infants van seguir-la atentament durant les quasi dues hores que va durar l\u2019activitat i que van passar volant gr\u00e0cies a que la Gema t\u00e9 la m\u00e0 trencada amb els m\u00e9s petits.\u00a0<\/p>\n\n\n\n<figure class=\"wp-block-gallery has-nested-images columns-default is-cropped wp-block-gallery-8 is-layout-flex wp-block-gallery-is-layout-flex\">\n<figure class=\"wp-block-image size-large\"><img loading=\"lazy\" decoding=\"async\" width=\"1024\" height=\"683\" data-id=\"9343\" src=\"https:\/\/jososabadell.cat\/wp-content\/uploads\/2023\/09\/230903-04-Taller-infantil-Gema-Foz-1024x683.jpg\" alt=\"\" class=\"wp-image-9343\" srcset=\"https:\/\/jososabadell.cat\/wp-content\/uploads\/2023\/09\/230903-04-Taller-infantil-Gema-Foz-1024x683.jpg 1024w, https:\/\/jososabadell.cat\/wp-content\/uploads\/2023\/09\/230903-04-Taller-infantil-Gema-Foz-500x333.jpg 500w, https:\/\/jososabadell.cat\/wp-content\/uploads\/2023\/09\/230903-04-Taller-infantil-Gema-Foz-768x512.jpg 768w, https:\/\/jososabadell.cat\/wp-content\/uploads\/2023\/09\/230903-04-Taller-infantil-Gema-Foz-18x12.jpg 18w, https:\/\/jososabadell.cat\/wp-content\/uploads\/2023\/09\/230903-04-Taller-infantil-Gema-Foz-320x213.jpg 320w, https:\/\/jososabadell.cat\/wp-content\/uploads\/2023\/09\/230903-04-Taller-infantil-Gema-Foz-480x320.jpg 480w, https:\/\/jososabadell.cat\/wp-content\/uploads\/2023\/09\/230903-04-Taller-infantil-Gema-Foz-800x533.jpg 800w, https:\/\/jososabadell.cat\/wp-content\/uploads\/2023\/09\/230903-04-Taller-infantil-Gema-Foz-870x580.jpg 870w, https:\/\/jososabadell.cat\/wp-content\/uploads\/2023\/09\/230903-04-Taller-infantil-Gema-Foz.jpg 1536w\" sizes=\"(max-width: 1024px) 100vw, 1024px\" \/><\/figure>\n<\/figure>\n\n\n\n<figure class=\"wp-block-gallery has-nested-images columns-default is-cropped wp-block-gallery-9 is-layout-flex wp-block-gallery-is-layout-flex\">\n<figure class=\"wp-block-image size-large\"><img loading=\"lazy\" decoding=\"async\" width=\"1024\" height=\"683\" data-id=\"9344\" src=\"https:\/\/jososabadell.cat\/wp-content\/uploads\/2023\/09\/230903-01-Taller-infantil-1024x683.jpg\" alt=\"\" class=\"wp-image-9344\" srcset=\"https:\/\/jososabadell.cat\/wp-content\/uploads\/2023\/09\/230903-01-Taller-infantil-1024x683.jpg 1024w, https:\/\/jososabadell.cat\/wp-content\/uploads\/2023\/09\/230903-01-Taller-infantil-500x333.jpg 500w, https:\/\/jososabadell.cat\/wp-content\/uploads\/2023\/09\/230903-01-Taller-infantil-768x512.jpg 768w, https:\/\/jososabadell.cat\/wp-content\/uploads\/2023\/09\/230903-01-Taller-infantil-18x12.jpg 18w, https:\/\/jososabadell.cat\/wp-content\/uploads\/2023\/09\/230903-01-Taller-infantil-320x213.jpg 320w, https:\/\/jososabadell.cat\/wp-content\/uploads\/2023\/09\/230903-01-Taller-infantil-480x320.jpg 480w, https:\/\/jososabadell.cat\/wp-content\/uploads\/2023\/09\/230903-01-Taller-infantil-800x534.jpg 800w, https:\/\/jososabadell.cat\/wp-content\/uploads\/2023\/09\/230903-01-Taller-infantil-870x580.jpg 870w, https:\/\/jososabadell.cat\/wp-content\/uploads\/2023\/09\/230903-01-Taller-infantil.jpg 1384w\" sizes=\"(max-width: 1024px) 100vw, 1024px\" \/><\/figure>\n\n\n\n<figure class=\"wp-block-image size-large\"><img loading=\"lazy\" decoding=\"async\" width=\"1024\" height=\"683\" data-id=\"9345\" src=\"https:\/\/jososabadell.cat\/wp-content\/uploads\/2023\/09\/230903-02-Taller-infantil-1024x683.jpg\" alt=\"\" class=\"wp-image-9345\" srcset=\"https:\/\/jososabadell.cat\/wp-content\/uploads\/2023\/09\/230903-02-Taller-infantil-1024x683.jpg 1024w, https:\/\/jososabadell.cat\/wp-content\/uploads\/2023\/09\/230903-02-Taller-infantil-500x333.jpg 500w, https:\/\/jososabadell.cat\/wp-content\/uploads\/2023\/09\/230903-02-Taller-infantil-768x512.jpg 768w, https:\/\/jososabadell.cat\/wp-content\/uploads\/2023\/09\/230903-02-Taller-infantil-18x12.jpg 18w, https:\/\/jososabadell.cat\/wp-content\/uploads\/2023\/09\/230903-02-Taller-infantil-320x213.jpg 320w, https:\/\/jososabadell.cat\/wp-content\/uploads\/2023\/09\/230903-02-Taller-infantil-480x320.jpg 480w, https:\/\/jososabadell.cat\/wp-content\/uploads\/2023\/09\/230903-02-Taller-infantil-800x534.jpg 800w, https:\/\/jososabadell.cat\/wp-content\/uploads\/2023\/09\/230903-02-Taller-infantil-870x580.jpg 870w, https:\/\/jososabadell.cat\/wp-content\/uploads\/2023\/09\/230903-02-Taller-infantil.jpg 1492w\" sizes=\"(max-width: 1024px) 100vw, 1024px\" \/><\/figure>\n<\/figure>\n\n\n\n<div style=\"height:20px\" aria-hidden=\"true\" class=\"wp-block-spacer\"><\/div>\n\n\n\n<p>A la FanCon tamb\u00e9 ens vam trobar exalumnes de les dues escoles amb stand propi i a la <a href=\"https:\/\/www.instagram.com\/mireia_girbau\/\">Mireia Girbau<\/a>, part de l&#8217;organitzaci\u00f3 del festival. <\/p>\n\n\n\n<figure class=\"wp-block-gallery has-nested-images columns-default is-cropped wp-block-gallery-10 is-layout-flex wp-block-gallery-is-layout-flex\">\n<figure class=\"wp-block-image size-large\"><img loading=\"lazy\" decoding=\"async\" width=\"1024\" height=\"682\" data-id=\"9346\" src=\"https:\/\/jososabadell.cat\/wp-content\/uploads\/2023\/09\/230903-09-MireiaGirbau-1024x682.jpg\" alt=\"\" class=\"wp-image-9346\" srcset=\"https:\/\/jososabadell.cat\/wp-content\/uploads\/2023\/09\/230903-09-MireiaGirbau-1024x682.jpg 1024w, https:\/\/jososabadell.cat\/wp-content\/uploads\/2023\/09\/230903-09-MireiaGirbau-500x333.jpg 500w, https:\/\/jososabadell.cat\/wp-content\/uploads\/2023\/09\/230903-09-MireiaGirbau-768x512.jpg 768w, https:\/\/jososabadell.cat\/wp-content\/uploads\/2023\/09\/230903-09-MireiaGirbau-18x12.jpg 18w, https:\/\/jososabadell.cat\/wp-content\/uploads\/2023\/09\/230903-09-MireiaGirbau-320x213.jpg 320w, https:\/\/jososabadell.cat\/wp-content\/uploads\/2023\/09\/230903-09-MireiaGirbau-480x320.jpg 480w, https:\/\/jososabadell.cat\/wp-content\/uploads\/2023\/09\/230903-09-MireiaGirbau-800x533.jpg 800w, https:\/\/jososabadell.cat\/wp-content\/uploads\/2023\/09\/230903-09-MireiaGirbau-870x580.jpg 870w, https:\/\/jososabadell.cat\/wp-content\/uploads\/2023\/09\/230903-09-MireiaGirbau.jpg 1400w\" sizes=\"(max-width: 1024px) 100vw, 1024px\" \/><figcaption class=\"wp-element-caption\">@mireia_girbau<\/figcaption><\/figure>\n<\/figure>\n\n\n\n<figure class=\"wp-block-gallery has-nested-images columns-default is-cropped wp-block-gallery-11 is-layout-flex wp-block-gallery-is-layout-flex\">\n<figure class=\"wp-block-image size-large\"><img loading=\"lazy\" decoding=\"async\" width=\"1024\" height=\"683\" data-id=\"9348\" src=\"https:\/\/jososabadell.cat\/wp-content\/uploads\/2023\/09\/230903-05-AndreuMoreno-GemaFoz-1024x683.jpg\" alt=\"\" class=\"wp-image-9348\" srcset=\"https:\/\/jososabadell.cat\/wp-content\/uploads\/2023\/09\/230903-05-AndreuMoreno-GemaFoz-1024x683.jpg 1024w, https:\/\/jososabadell.cat\/wp-content\/uploads\/2023\/09\/230903-05-AndreuMoreno-GemaFoz-500x333.jpg 500w, https:\/\/jososabadell.cat\/wp-content\/uploads\/2023\/09\/230903-05-AndreuMoreno-GemaFoz-768x512.jpg 768w, https:\/\/jososabadell.cat\/wp-content\/uploads\/2023\/09\/230903-05-AndreuMoreno-GemaFoz-18x12.jpg 18w, https:\/\/jososabadell.cat\/wp-content\/uploads\/2023\/09\/230903-05-AndreuMoreno-GemaFoz-320x213.jpg 320w, https:\/\/jososabadell.cat\/wp-content\/uploads\/2023\/09\/230903-05-AndreuMoreno-GemaFoz-480x320.jpg 480w, https:\/\/jososabadell.cat\/wp-content\/uploads\/2023\/09\/230903-05-AndreuMoreno-GemaFoz-800x533.jpg 800w, https:\/\/jososabadell.cat\/wp-content\/uploads\/2023\/09\/230903-05-AndreuMoreno-GemaFoz-870x580.jpg 870w, https:\/\/jososabadell.cat\/wp-content\/uploads\/2023\/09\/230903-05-AndreuMoreno-GemaFoz.jpg 1278w\" sizes=\"(max-width: 1024px) 100vw, 1024px\" \/><figcaption class=\"wp-element-caption\">Andreu Moreno i @gema_foz<\/figcaption><\/figure>\n\n\n\n<figure class=\"wp-block-image size-large\"><img loading=\"lazy\" decoding=\"async\" width=\"1000\" height=\"667\" data-id=\"9347\" src=\"https:\/\/jososabadell.cat\/wp-content\/uploads\/2023\/09\/230903-06-MarinaVargas-YunnaMallen-MikiLuque.jpg\" alt=\"\" class=\"wp-image-9347\" srcset=\"https:\/\/jososabadell.cat\/wp-content\/uploads\/2023\/09\/230903-06-MarinaVargas-YunnaMallen-MikiLuque.jpg 1000w, https:\/\/jososabadell.cat\/wp-content\/uploads\/2023\/09\/230903-06-MarinaVargas-YunnaMallen-MikiLuque-500x334.jpg 500w, https:\/\/jososabadell.cat\/wp-content\/uploads\/2023\/09\/230903-06-MarinaVargas-YunnaMallen-MikiLuque-768x512.jpg 768w, https:\/\/jososabadell.cat\/wp-content\/uploads\/2023\/09\/230903-06-MarinaVargas-YunnaMallen-MikiLuque-18x12.jpg 18w, https:\/\/jososabadell.cat\/wp-content\/uploads\/2023\/09\/230903-06-MarinaVargas-YunnaMallen-MikiLuque-320x213.jpg 320w, https:\/\/jososabadell.cat\/wp-content\/uploads\/2023\/09\/230903-06-MarinaVargas-YunnaMallen-MikiLuque-480x320.jpg 480w, https:\/\/jososabadell.cat\/wp-content\/uploads\/2023\/09\/230903-06-MarinaVargas-YunnaMallen-MikiLuque-800x534.jpg 800w, https:\/\/jososabadell.cat\/wp-content\/uploads\/2023\/09\/230903-06-MarinaVargas-YunnaMallen-MikiLuque-870x580.jpg 870w\" sizes=\"(max-width: 1000px) 100vw, 1000px\" \/><figcaption class=\"wp-element-caption\">@marinavargas.art, @yunnamallen i @mikiluquebarco<\/figcaption><\/figure>\n\n\n\n<figure class=\"wp-block-image size-large\"><img loading=\"lazy\" decoding=\"async\" width=\"1024\" height=\"682\" data-id=\"9349\" src=\"https:\/\/jososabadell.cat\/wp-content\/uploads\/2023\/09\/230903-08-Sisaliks-ElisabethMallol-Sirennette-1024x682.jpg\" alt=\"\" class=\"wp-image-9349\" srcset=\"https:\/\/jososabadell.cat\/wp-content\/uploads\/2023\/09\/230903-08-Sisaliks-ElisabethMallol-Sirennette-1024x682.jpg 1024w, https:\/\/jososabadell.cat\/wp-content\/uploads\/2023\/09\/230903-08-Sisaliks-ElisabethMallol-Sirennette-500x333.jpg 500w, https:\/\/jososabadell.cat\/wp-content\/uploads\/2023\/09\/230903-08-Sisaliks-ElisabethMallol-Sirennette-768x512.jpg 768w, https:\/\/jososabadell.cat\/wp-content\/uploads\/2023\/09\/230903-08-Sisaliks-ElisabethMallol-Sirennette-18x12.jpg 18w, https:\/\/jososabadell.cat\/wp-content\/uploads\/2023\/09\/230903-08-Sisaliks-ElisabethMallol-Sirennette-320x213.jpg 320w, https:\/\/jososabadell.cat\/wp-content\/uploads\/2023\/09\/230903-08-Sisaliks-ElisabethMallol-Sirennette-480x320.jpg 480w, https:\/\/jososabadell.cat\/wp-content\/uploads\/2023\/09\/230903-08-Sisaliks-ElisabethMallol-Sirennette-800x533.jpg 800w, https:\/\/jososabadell.cat\/wp-content\/uploads\/2023\/09\/230903-08-Sisaliks-ElisabethMallol-Sirennette-870x580.jpg 870w, https:\/\/jososabadell.cat\/wp-content\/uploads\/2023\/09\/230903-08-Sisaliks-ElisabethMallol-Sirennette.jpg 1327w\" sizes=\"(max-width: 1024px) 100vw, 1024px\" \/><figcaption class=\"wp-element-caption\">@sisaliks i @sirennette_art<\/figcaption><\/figure>\n<\/figure>\n\n\n\n<div style=\"height:20px\" aria-hidden=\"true\" class=\"wp-block-spacer\"><\/div>\n\n\n\n<p>Fins l\u2019any vinent!<\/p>","protected":false},"excerpt":{"rendered":"<p>La FanCon no defrauda. Fins a vuit espais (dos pavellons, una pista coberta, una escola, un teatre, un parking i dos edificis), han acollit m\u00e9s d\u2019un centenar de paradetes i un nombre similar d\u2019activitats, entre les quals, tres organitzades per l\u2019Escola Joso Sabadell.\u00a0 I tot ha funcionat com un rellotge gr\u00e0cies a l&#8217;extraordinari treball que [&hellip;]<\/p>\n","protected":false},"author":2,"featured_media":9350,"comment_status":"open","ping_status":"open","sticky":false,"template":"","format":"standard","meta":{"_monsterinsights_skip_tracking":false,"_monsterinsights_sitenote_active":false,"_monsterinsights_sitenote_note":"","_monsterinsights_sitenote_category":0,"footnotes":""},"categories":[1297],"tags":[1323,1326,1332,1333,1329],"class_list":["post-9327","post","type-post","status-publish","format-standard","has-post-thumbnail","hentry","category-activitats","tag-fancon","tag-gema-foz","tag-m-angels-vilella","tag-mireia-girbau","tag-paula-fernandez"],"yoast_head":"<!-- This site is optimized with the Yoast SEO plugin v25.6 - https:\/\/yoast.com\/wordpress\/plugins\/seo\/ -->\n<title>Fotos de la FanCon 2023 - Escola Joso Sabadell<\/title>\n<meta name=\"robots\" content=\"index, follow, max-snippet:-1, max-image-preview:large, max-video-preview:-1\" \/>\n<link rel=\"canonical\" href=\"https:\/\/jososabadell.cat\/es\/2023\/09\/06\/fotos-de-la-fancon-2023\/\" \/>\n<meta property=\"og:locale\" content=\"es_ES\" \/>\n<meta property=\"og:type\" content=\"article\" \/>\n<meta property=\"og:title\" content=\"Fotos de la FanCon 2023 - Escola Joso Sabadell\" \/>\n<meta property=\"og:description\" content=\"La FanCon no defrauda. Fins a vuit espais (dos pavellons, una pista coberta, una escola, un teatre, un parking i dos edificis), han acollit m\u00e9s d\u2019un centenar de paradetes i un nombre similar d\u2019activitats, entre les quals, tres organitzades per l\u2019Escola Joso Sabadell.\u00a0 I tot ha funcionat com un rellotge gr\u00e0cies a l&#8217;extraordinari treball que [&hellip;]\" \/>\n<meta property=\"og:url\" content=\"https:\/\/jososabadell.cat\/es\/2023\/09\/06\/fotos-de-la-fancon-2023\/\" \/>\n<meta property=\"og:site_name\" content=\"Escola Joso Sabadell\" \/>\n<meta property=\"article:publisher\" content=\"https:\/\/www.facebook.com\/escolajososabadell\/\" \/>\n<meta property=\"article:published_time\" content=\"2023-09-06T15:47:05+00:00\" \/>\n<meta property=\"article:modified_time\" content=\"2023-09-06T16:51:32+00:00\" \/>\n<meta property=\"og:image\" content=\"https:\/\/jososabadell.cat\/wp-content\/uploads\/2023\/09\/230901-01-Geray-Celia-Mireia-Sebas-Maria-Paula-web.jpg\" \/>\n\t<meta property=\"og:image:width\" content=\"818\" \/>\n\t<meta property=\"og:image:height\" content=\"370\" \/>\n\t<meta property=\"og:image:type\" content=\"image\/jpeg\" \/>\n<meta name=\"author\" content=\"Joso Sabadell\" \/>\n<meta name=\"twitter:card\" content=\"summary_large_image\" \/>\n<meta name=\"twitter:creator\" content=\"@EscolaJosoSbd\" \/>\n<meta name=\"twitter:site\" content=\"@EscolaJosoSbd\" \/>\n<meta name=\"twitter:label1\" content=\"Escrito por\" \/>\n\t<meta name=\"twitter:data1\" content=\"Joso Sabadell\" \/>\n\t<meta name=\"twitter:label2\" content=\"Tiempo de lectura\" \/>\n\t<meta name=\"twitter:data2\" content=\"7 minutos\" \/>\n<script type=\"application\/ld+json\" class=\"yoast-schema-graph\">{\"@context\":\"https:\/\/schema.org\",\"@graph\":[{\"@type\":\"WebPage\",\"@id\":\"https:\/\/jososabadell.cat\/2023\/09\/06\/fotos-de-la-fancon-2023\/\",\"url\":\"https:\/\/jososabadell.cat\/2023\/09\/06\/fotos-de-la-fancon-2023\/\",\"name\":\"Fotos de la FanCon 2023 - Escola Joso Sabadell\",\"isPartOf\":{\"@id\":\"https:\/\/jososabadell.cat\/#website\"},\"primaryImageOfPage\":{\"@id\":\"https:\/\/jososabadell.cat\/2023\/09\/06\/fotos-de-la-fancon-2023\/#primaryimage\"},\"image\":{\"@id\":\"https:\/\/jososabadell.cat\/2023\/09\/06\/fotos-de-la-fancon-2023\/#primaryimage\"},\"thumbnailUrl\":\"https:\/\/jososabadell.cat\/wp-content\/uploads\/2023\/09\/230901-01-Geray-Celia-Mireia-Sebas-Maria-Paula-web.jpg\",\"datePublished\":\"2023-09-06T15:47:05+00:00\",\"dateModified\":\"2023-09-06T16:51:32+00:00\",\"author\":{\"@id\":\"https:\/\/jososabadell.cat\/#\/schema\/person\/233e57003be70aa898d35bfb3ee0fb72\"},\"breadcrumb\":{\"@id\":\"https:\/\/jososabadell.cat\/2023\/09\/06\/fotos-de-la-fancon-2023\/#breadcrumb\"},\"inLanguage\":\"es\",\"potentialAction\":[{\"@type\":\"ReadAction\",\"target\":[\"https:\/\/jososabadell.cat\/2023\/09\/06\/fotos-de-la-fancon-2023\/\"]}]},{\"@type\":\"ImageObject\",\"inLanguage\":\"es\",\"@id\":\"https:\/\/jososabadell.cat\/2023\/09\/06\/fotos-de-la-fancon-2023\/#primaryimage\",\"url\":\"https:\/\/jososabadell.cat\/wp-content\/uploads\/2023\/09\/230901-01-Geray-Celia-Mireia-Sebas-Maria-Paula-web.jpg\",\"contentUrl\":\"https:\/\/jososabadell.cat\/wp-content\/uploads\/2023\/09\/230901-01-Geray-Celia-Mireia-Sebas-Maria-Paula-web.jpg\",\"width\":818,\"height\":370},{\"@type\":\"BreadcrumbList\",\"@id\":\"https:\/\/jososabadell.cat\/2023\/09\/06\/fotos-de-la-fancon-2023\/#breadcrumb\",\"itemListElement\":[{\"@type\":\"ListItem\",\"position\":1,\"name\":\"Inici\",\"item\":\"https:\/\/jososabadell.cat\/\"},{\"@type\":\"ListItem\",\"position\":2,\"name\":\"Fotos de la FanCon 2023\"}]},{\"@type\":\"WebSite\",\"@id\":\"https:\/\/jososabadell.cat\/#website\",\"url\":\"https:\/\/jososabadell.cat\/\",\"name\":\"Escola Joso Sabadell\",\"description\":\"\",\"potentialAction\":[{\"@type\":\"SearchAction\",\"target\":{\"@type\":\"EntryPoint\",\"urlTemplate\":\"https:\/\/jososabadell.cat\/?s={search_term_string}\"},\"query-input\":{\"@type\":\"PropertyValueSpecification\",\"valueRequired\":true,\"valueName\":\"search_term_string\"}}],\"inLanguage\":\"es\"},{\"@type\":\"Person\",\"@id\":\"https:\/\/jososabadell.cat\/#\/schema\/person\/233e57003be70aa898d35bfb3ee0fb72\",\"name\":\"Joso Sabadell\",\"image\":{\"@type\":\"ImageObject\",\"inLanguage\":\"es\",\"@id\":\"https:\/\/jososabadell.cat\/#\/schema\/person\/image\/\",\"url\":\"https:\/\/secure.gravatar.com\/avatar\/5aa9d058168d026c6f8d651849c8cf5d?s=96&d=mm&r=g\",\"contentUrl\":\"https:\/\/secure.gravatar.com\/avatar\/5aa9d058168d026c6f8d651849c8cf5d?s=96&d=mm&r=g\",\"caption\":\"Joso Sabadell\"},\"sameAs\":[\"http:\/\/jososabadell.cat\"]}]}<\/script>\n<!-- \/ Yoast SEO plugin. -->","yoast_head_json":{"title":"Fotos de la FanCon 2023 - Escola Joso Sabadell","robots":{"index":"index","follow":"follow","max-snippet":"max-snippet:-1","max-image-preview":"max-image-preview:large","max-video-preview":"max-video-preview:-1"},"canonical":"https:\/\/jososabadell.cat\/es\/2023\/09\/06\/fotos-de-la-fancon-2023\/","og_locale":"es_ES","og_type":"article","og_title":"Fotos de la FanCon 2023 - Escola Joso Sabadell","og_description":"La FanCon no defrauda. Fins a vuit espais (dos pavellons, una pista coberta, una escola, un teatre, un parking i dos edificis), han acollit m\u00e9s d\u2019un centenar de paradetes i un nombre similar d\u2019activitats, entre les quals, tres organitzades per l\u2019Escola Joso Sabadell.\u00a0 I tot ha funcionat com un rellotge gr\u00e0cies a l&#8217;extraordinari treball que [&hellip;]","og_url":"https:\/\/jososabadell.cat\/es\/2023\/09\/06\/fotos-de-la-fancon-2023\/","og_site_name":"Escola Joso Sabadell","article_publisher":"https:\/\/www.facebook.com\/escolajososabadell\/","article_published_time":"2023-09-06T15:47:05+00:00","article_modified_time":"2023-09-06T16:51:32+00:00","og_image":[{"width":818,"height":370,"url":"https:\/\/jososabadell.cat\/wp-content\/uploads\/2023\/09\/230901-01-Geray-Celia-Mireia-Sebas-Maria-Paula-web.jpg","type":"image\/jpeg"}],"author":"Joso Sabadell","twitter_card":"summary_large_image","twitter_creator":"@EscolaJosoSbd","twitter_site":"@EscolaJosoSbd","twitter_misc":{"Escrito por":"Joso Sabadell","Tiempo de lectura":"7 minutos"},"schema":{"@context":"https:\/\/schema.org","@graph":[{"@type":"WebPage","@id":"https:\/\/jososabadell.cat\/2023\/09\/06\/fotos-de-la-fancon-2023\/","url":"https:\/\/jososabadell.cat\/2023\/09\/06\/fotos-de-la-fancon-2023\/","name":"Fotos de la FanCon 2023 - Escola Joso Sabadell","isPartOf":{"@id":"https:\/\/jososabadell.cat\/#website"},"primaryImageOfPage":{"@id":"https:\/\/jososabadell.cat\/2023\/09\/06\/fotos-de-la-fancon-2023\/#primaryimage"},"image":{"@id":"https:\/\/jososabadell.cat\/2023\/09\/06\/fotos-de-la-fancon-2023\/#primaryimage"},"thumbnailUrl":"https:\/\/jososabadell.cat\/wp-content\/uploads\/2023\/09\/230901-01-Geray-Celia-Mireia-Sebas-Maria-Paula-web.jpg","datePublished":"2023-09-06T15:47:05+00:00","dateModified":"2023-09-06T16:51:32+00:00","author":{"@id":"https:\/\/jososabadell.cat\/#\/schema\/person\/233e57003be70aa898d35bfb3ee0fb72"},"breadcrumb":{"@id":"https:\/\/jososabadell.cat\/2023\/09\/06\/fotos-de-la-fancon-2023\/#breadcrumb"},"inLanguage":"es","potentialAction":[{"@type":"ReadAction","target":["https:\/\/jososabadell.cat\/2023\/09\/06\/fotos-de-la-fancon-2023\/"]}]},{"@type":"ImageObject","inLanguage":"es","@id":"https:\/\/jososabadell.cat\/2023\/09\/06\/fotos-de-la-fancon-2023\/#primaryimage","url":"https:\/\/jososabadell.cat\/wp-content\/uploads\/2023\/09\/230901-01-Geray-Celia-Mireia-Sebas-Maria-Paula-web.jpg","contentUrl":"https:\/\/jososabadell.cat\/wp-content\/uploads\/2023\/09\/230901-01-Geray-Celia-Mireia-Sebas-Maria-Paula-web.jpg","width":818,"height":370},{"@type":"BreadcrumbList","@id":"https:\/\/jososabadell.cat\/2023\/09\/06\/fotos-de-la-fancon-2023\/#breadcrumb","itemListElement":[{"@type":"ListItem","position":1,"name":"Inici","item":"https:\/\/jososabadell.cat\/"},{"@type":"ListItem","position":2,"name":"Fotos de la FanCon 2023"}]},{"@type":"WebSite","@id":"https:\/\/jososabadell.cat\/#website","url":"https:\/\/jososabadell.cat\/","name":"&nbsp;Escola Joso Sabadell","description":"","potentialAction":[{"@type":"SearchAction","target":{"@type":"EntryPoint","urlTemplate":"https:\/\/jososabadell.cat\/?s={search_term_string}"},"query-input":{"@type":"PropertyValueSpecification","valueRequired":true,"valueName":"search_term_string"}}],"inLanguage":"es"},{"@type":"Person","@id":"https:\/\/jososabadell.cat\/#\/schema\/person\/233e57003be70aa898d35bfb3ee0fb72","name":"Joso Sabadell","image":{"@type":"ImageObject","inLanguage":"es","@id":"https:\/\/jososabadell.cat\/#\/schema\/person\/image\/","url":"https:\/\/secure.gravatar.com\/avatar\/5aa9d058168d026c6f8d651849c8cf5d?s=96&d=mm&r=g","contentUrl":"https:\/\/secure.gravatar.com\/avatar\/5aa9d058168d026c6f8d651849c8cf5d?s=96&d=mm&r=g","caption":"Joso Sabadell"},"sameAs":["http:\/\/jososabadell.cat"]}]}},"_links":{"self":[{"href":"https:\/\/jososabadell.cat\/es\/wp-json\/wp\/v2\/posts\/9327"}],"collection":[{"href":"https:\/\/jososabadell.cat\/es\/wp-json\/wp\/v2\/posts"}],"about":[{"href":"https:\/\/jososabadell.cat\/es\/wp-json\/wp\/v2\/types\/post"}],"author":[{"embeddable":true,"href":"https:\/\/jososabadell.cat\/es\/wp-json\/wp\/v2\/users\/2"}],"replies":[{"embeddable":true,"href":"https:\/\/jososabadell.cat\/es\/wp-json\/wp\/v2\/comments?post=9327"}],"version-history":[{"count":2,"href":"https:\/\/jososabadell.cat\/es\/wp-json\/wp\/v2\/posts\/9327\/revisions"}],"predecessor-version":[{"id":9355,"href":"https:\/\/jososabadell.cat\/es\/wp-json\/wp\/v2\/posts\/9327\/revisions\/9355"}],"wp:featuredmedia":[{"embeddable":true,"href":"https:\/\/jososabadell.cat\/es\/wp-json\/wp\/v2\/media\/9350"}],"wp:attachment":[{"href":"https:\/\/jososabadell.cat\/es\/wp-json\/wp\/v2\/media?parent=9327"}],"wp:term":[{"taxonomy":"category","embeddable":true,"href":"https:\/\/jososabadell.cat\/es\/wp-json\/wp\/v2\/categories?post=9327"},{"taxonomy":"post_tag","embeddable":true,"href":"https:\/\/jososabadell.cat\/es\/wp-json\/wp\/v2\/tags?post=9327"}],"curies":[{"name":"wp","href":"https:\/\/api.w.org\/{rel}","templated":true}]}}