{"id":9652,"date":"2023-09-26T23:27:33","date_gmt":"2023-09-26T21:27:33","guid":{"rendered":"https:\/\/jososabadell.cat\/?p=9652"},"modified":"2023-09-26T23:28:24","modified_gmt":"2023-09-26T21:28:24","slug":"entrevista-a-marina-vidal-escola-joso-sabadell","status":"publish","type":"post","link":"https:\/\/jososabadell.cat\/es\/2023\/09\/26\/entrevista-a-marina-vidal-escola-joso-sabadell\/","title":{"rendered":"Entrevista a Marina Vidal"},"content":{"rendered":"<p><strong>Marina Vidal<\/strong> va n\u00e9ixer a Sabadell al 1993. \u00c9s dibuixant i il\u00b7lustradora. Sobretot s\u2019identifca amb l\u2019etiqueta de cover artist. No \u00e9s per menys; si parlem de portades il\u00b7lustrades de ci\u00e8ncia ficci\u00f3 i fantasia, parlem de Marina Vidal. Seves s\u00f3n, entre molt\u00edssimes d\u2019altres, les portades de les <a href=\"https:\/\/www.maimes.cat\/el-meravellos-maurice\/\">novel\u00b7les de Terry Pratchett<\/a> de l\u2019editorial Mai M\u00e9s (la darrera \u00e9s \u2018<a href=\"https:\/\/gigamesh.com\/libro\/germanes-fatals\/\">Germanes Fatals<\/a>\u2019) o de la s\u00e8rie <a href=\"https:\/\/www.penguinlibros.com\/es\/content\/498-sagas?id=310986&amp;cod_agrup=01368\">&#8216;Alcatraz&#8217; de Brandon Sanderson<\/a>, de l\u2019editorial B de Blok. Va ser alumna de l\u2019Escola Joso Sabadell entre 2005 i 2012, aproximadament. Com a professora del centre s\u2019incorpora al 2018. Actualment imparteix classes de C\u00f2mic &#8211; Manga i de l\u2019assignatura de <em>Dibuix I<\/em> al primer curs d\u2019Art Gr\u00e0fic.<\/p>\n\n\n\n<p>Si vau llegir <a href=\"https:\/\/marinaysuscosas.tumblr.com\/\">\u2018Marina y sus cosas\u2019<\/a> ja la coneixeu for\u00e7a b\u00e9. Amb aquesta entrevista podeu fer-ho una mica m\u00e9s:<\/p>\n\n\n\n<p><strong>Per qu\u00e8 et vas decantar per la professi\u00f3 de portadista?<\/strong><\/p>\n\n\n\n<p>En un primer moment perqu\u00e8 va ser el primer treball que em va sortir. Despr\u00e9s vaig veure que era una cosa que m\u2019agradava. \u00c9s curi\u00f3s, jo llegeixo molt i dedicar-me a aix\u00f2 era una cosa que no se m\u2019havia passat pel cap. Les meves primeres feines eren d\u2019il\u00b7lustraci\u00f3 per a llibres juvenils. Tot el llibre, coberta i il\u00b7lustracions interiors. La gent va a comen\u00e7ar a veure la meva feina i em van comen\u00e7ar a cridar per fer portades de g\u00e8nere, que \u00e9s en el que m\u2019he especialitzat: ci\u00e8ncia ficci\u00f3, fantasia i alguna cosa de terror. M\u2019agradaria fer m\u00e9s terror!&nbsp;<\/p>\n\n\n\n<p><strong>Com arriba la primera oportunitat laboral significativa?<\/strong>&nbsp;<\/p>\n\n\n\n<p>Va ser amb la col\u00b7lecci\u00f3 \u2018Los cinco\u2019, de l\u2019editorial Joventut. A l\u2019escola va arribar una proposta de l\u2019editorial demanant una il\u00b7lustraci\u00f3 de prova i, despr\u00e9s d\u2019un temps, em van cridar a mi. La meva primera experi\u00e8ncia laboral va ser fer una col\u00b7lecci\u00f3 sencereta de 21 llibres. Va ser durillo (<em>riu<\/em>).\u00a0\u00a0\u00a0<\/p>\n\n\n\n<p><strong>Qu\u00e8 \u00e9s el que m\u00e9s t&#8217;agrada dibuixar.<\/strong><\/p>\n\n\n\n<p>\u00c9s la part del proc\u00e9s en la que has d\u2019idear el concepte general de la imatge. Qu\u00e8 \u00e9s el m\u00e9s important del llibre, triar quina composici\u00f3 faig, quins colors vull emprar, quina \u00e9s la manera m\u00e9s interessant per cridar l\u2019atenci\u00f3 perqu\u00e8 la gent s\u2019ho miri, fer els esbossos, &#8230; tot el que t\u00e9 a veure amb la conceptualitzaci\u00f3 de la il\u00b7lustraci\u00f3. Per alg\u00fa potser \u00e9s la part m\u00e9s avorrida per\u00f2 a mi \u00e9s el que m\u2019\u00e9s m\u2019agrada.<\/p>\n\n\n\n<p><strong>I all\u00f2 que m\u00e9s se&#8217;t resisteix\u2026<\/strong><\/p>\n\n\n\n<p>Acabar els dibuixos. Pintar-los. Ho passo fatal i trigo molt.<\/p>\n\n\n\n<p><strong>Quin \u00e9s el projecte al que li tens m\u00e9s estima.<\/strong><\/p>\n\n\n\n<p>He tingut la sort de fer moltes coses que m\u2019han agradat molt i m\u2019han fet molta il\u00b7lusi\u00f3. Potser les cobertes de Mai M\u00e9s de Terry Pratchett. S\u00f3c molt fan de l\u2019autor, el projecte \u00e9s super maco i super important. I hi poso molt de mi. Tamb\u00e9 la coberta pel Ricard Efa, les de Jes\u00fas Ca\u00f1adas, Sanderson,&#8230; s\u00f3n treballs per gent que admiro molt.&nbsp;&nbsp;<\/p>\n\n\n\n<p><strong>A quin artista admires especialment.&nbsp;<\/strong><\/p>\n\n\n\n<p>A molts! Kate Beaton, Anabel Colazo, Genie Espinosa, Clara Soriano, Bea Tormo, Se\u00f1orita M, Bilquis Evely, Glen Keane,&#8230;<\/p>\n\n\n\n<p><strong>T\u2019interrompem. En aquesta pregunta es tracta de mullar-se. Series capa\u00e7 de fer un top 3?<\/strong><\/p>\n\n\n\n<p>Mmm\u2026 Bilquis Evely, Kate Beaton, i\u2026 (<em>s&#8217;ho pensa molt<\/em>) Am\u00e9lie Fl\u00e9chais tamb\u00e9 m\u2019agrada molt.<\/p>\n\n\n\n<p><strong>Quin \u00e9s el millor record que tens de l\u2019escola.<\/strong>&nbsp;<\/p>\n\n\n\n<p>Anar-hi. \u00c9s una part de la meva vida de la que tinc molts bons records. Estant all\u00e0 fent C\u00f2mic &#8211; Manga m\u2019ho passava molt b\u00e9.\u00a0<\/p>\n\n\n\n<p><strong>Quin consell et va donar algun profe que t\u2019hagi marcat.<\/strong><\/p>\n\n\n\n<p>M\u00e9s que em marqu\u00e9s, \u00e9s que ho repetia tant\u2026 Em matar\u00e0 (<em>riu<\/em>). S\u2019ha quedat com un mantra i jo ara tamb\u00e9 li dic als meus alumnes: \u2018per dibuixar hem de tenir la punta afilada com per poder ca\u00e7ar porcs senglars\u2019, del Cesc F. Dalmases.\u00a0<\/p>\n\n\n\n<p><strong>Quin consell donaries a un alumne que estigui comen\u00e7ant a aprendre a dibuixar.<\/strong><\/p>\n\n\n\n<p>Que no s\u2019amoinin per l\u2019estil, que \u00e9s una cosa que preocupa molt i \u00e9s una tonteria. L\u2019estil, al final, ets tu i \u00e9s el proc\u00e9s que fas.&nbsp;<\/p>\n\n\n\n<p>I que no es frustrin. Per molt que les coses no surtin, han de ser constants i, si els agrada realment dibuixar, que no s\u2019aturin. El dibuix es millora treballant, encaparranonant-se i no llen\u00e7ant la tovallola. Que les pors, la s\u00edndrome de l\u2019impostor, el comparar-se, veure que no arribes a la teva meta,&#8230; no els aturi. \u00c9s dif\u00edcil, per\u00f2 han d\u2019apartar tot aix\u00f2 i continuar dibuixant. Que no parin.\u00a0<\/p>\n\n\n\n<p><strong>Quin consell donaries a qualsevol alumne que estigui iniciant-se o a punt d\u2019iniciar-se al m\u00f3n professional.<\/strong><\/p>\n\n\n\n<p>Que no facin res gratis. Encara que no hagin treballat mai, s\u00f3n igualment artistes i han de valorar el seu treball. Per ser novells no es mereixen cobrar menys o acceptar feines abusives.\u00a0\u00a0\u00a0<\/p>\n\n\n\n<p><strong><mark style=\"background-color:rgba(0, 0, 0, 0)\" class=\"has-inline-color has-vivid-red-color\">Q\u00fcestionari r\u00e0pid<\/mark><\/strong><\/p>\n\n\n\n<p><strong>Un c\u00f2mic significatiu per a tu<\/strong>. <br>\u2018Castillo de arena\u2019 de Frederik Peeters. <\/p>\n\n\n\n<p><strong>Un c\u00f2mic que recomanis<\/strong>. <br>\u2018El Pr\u00edncipe y la Modista\u2019 de Jen Wang. <\/p>\n\n\n\n<p><strong>Una peli d&#8217;animaci\u00f3 significativa per a tu<\/strong>. <br>\u2018Perfect Blue\u2019 de Satoshi Kon. <\/p>\n\n\n\n<p><strong>Un videojoc significatiu per a tu<\/strong>. <br>\u2018Pok\u00e9mon amarillo\u2019. <\/p>\n\n\n\n<p><strong>Un Videojoc que recomanis<\/strong>. <br>\u2018Animal Crossing\u2019. <\/p>\n\n\n\n<p><strong>Una t\u00e8cnica<\/strong>. <br>Digital! <\/p>\n\n\n\n<p><strong>Eina preferida de treball<\/strong>. <br>iPad. <\/p>\n\n\n\n<p><strong>Un color<\/strong>. <br>El groc. <\/p>\n\n\n\n<p><strong>Ets esquerrana o dretana<\/strong>. <br>Dretana. <\/p>\n\n\n\n<p><strong>Millor treballar ben d\u2019hora o de nit<\/strong>. <br>Cap de les dues. Soc de migdies. <\/p>\n\n\n\n<p><strong>Una cosa que t\u2019encanti de la teva professi\u00f3<\/strong>. <br>Que \u00e9s molt vers\u00e0til. <\/p>\n\n\n\n<p><strong>Una cosa que detestis de la teva professi\u00f3<\/strong>. <br>La precarietat. <\/p>\n\n\n\n<p><strong>Taula de treball neta o ca\u00f2tica<\/strong>. <br>Ca\u00f2tica (<em>riu<\/em>).<\/p>\n\n\n\n<figure class=\"wp-block-image size-large\"><img loading=\"lazy\" decoding=\"async\" width=\"1024\" height=\"758\" src=\"https:\/\/jososabadell.cat\/wp-content\/uploads\/2023\/09\/230922-Marina-Vidal-web2-1024x758.jpg\" alt=\"\" class=\"wp-image-9653\" srcset=\"https:\/\/jososabadell.cat\/wp-content\/uploads\/2023\/09\/230922-Marina-Vidal-web2-1024x758.jpg 1024w, https:\/\/jososabadell.cat\/wp-content\/uploads\/2023\/09\/230922-Marina-Vidal-web2-500x370.jpg 500w, https:\/\/jososabadell.cat\/wp-content\/uploads\/2023\/09\/230922-Marina-Vidal-web2-768x569.jpg 768w, https:\/\/jososabadell.cat\/wp-content\/uploads\/2023\/09\/230922-Marina-Vidal-web2-16x12.jpg 16w, https:\/\/jososabadell.cat\/wp-content\/uploads\/2023\/09\/230922-Marina-Vidal-web2-320x237.jpg 320w, https:\/\/jososabadell.cat\/wp-content\/uploads\/2023\/09\/230922-Marina-Vidal-web2-480x355.jpg 480w, https:\/\/jososabadell.cat\/wp-content\/uploads\/2023\/09\/230922-Marina-Vidal-web2-800x592.jpg 800w, https:\/\/jososabadell.cat\/wp-content\/uploads\/2023\/09\/230922-Marina-Vidal-web2-870x644.jpg 870w, https:\/\/jososabadell.cat\/wp-content\/uploads\/2023\/09\/230922-Marina-Vidal-web2.jpg 1102w\" sizes=\"(max-width: 1024px) 100vw, 1024px\" \/><\/figure>\n\n\n\n<div style=\"height:12px\" aria-hidden=\"true\" class=\"wp-block-spacer\"><\/div>\n\n\n\n<p>Marina Vidal \u00e9s una \u00e0vida lectora. Si compartiu la seva passi\u00f3 segui-la a <a href=\"https:\/\/twitter.com\/marimbavidal\">Twitter<\/a>, que \u00e9s on m\u00e9s parla de llibres. A <a href=\"https:\/\/www.instagram.com\/marimbavidal\/\">Instagram<\/a> i al seu <a href=\"https:\/\/marinavidal.cargo.site\/\">portfoli<\/a> podreu veure la seva feina i les seves il\u00b7lustracions.<\/p>","protected":false},"excerpt":{"rendered":"<p>Marina Vidal va n\u00e9ixer a Sabadell al 1993. \u00c9s dibuixant i il\u00b7lustradora. Sobretot s\u2019identifca amb l\u2019etiqueta de cover artist. No \u00e9s per menys; si parlem de portades il\u00b7lustrades de ci\u00e8ncia ficci\u00f3 i fantasia, parlem de Marina Vidal. Seves s\u00f3n, entre molt\u00edssimes d\u2019altres, les portades de les novel\u00b7les de Terry Pratchett de l\u2019editorial Mai M\u00e9s (la [&hellip;]<\/p>\n","protected":false},"author":2,"featured_media":9655,"comment_status":"open","ping_status":"open","sticky":false,"template":"","format":"standard","meta":{"_monsterinsights_skip_tracking":false,"_monsterinsights_sitenote_active":false,"_monsterinsights_sitenote_note":"","_monsterinsights_sitenote_category":0,"footnotes":""},"categories":[1,1294],"tags":[1306,1343],"class_list":["post-9652","post","type-post","status-publish","format-standard","has-post-thumbnail","hentry","category-general","category-professorat","tag-entrevista","tag-marina-vidal"],"yoast_head":"<!-- This site is optimized with the Yoast SEO plugin v25.6 - https:\/\/yoast.com\/wordpress\/plugins\/seo\/ -->\n<title>Entrevista a Marina Vidal - Escola Joso Sabadell<\/title>\n<meta name=\"description\" content=\"Si parlem de portades il\u00b7lustrades de ci\u00e8ncia ficci\u00f3 i fantasia, parlem de Marina Vidal, professora de la nostra escola.\" \/>\n<meta name=\"robots\" content=\"index, follow, max-snippet:-1, max-image-preview:large, max-video-preview:-1\" \/>\n<link rel=\"canonical\" href=\"https:\/\/jososabadell.cat\/es\/2023\/09\/26\/entrevista-a-marina-vidal-escola-joso-sabadell\/\" \/>\n<meta property=\"og:locale\" content=\"es_ES\" \/>\n<meta property=\"og:type\" content=\"article\" \/>\n<meta property=\"og:title\" content=\"Entrevista a Marina Vidal - Escola Joso Sabadell\" \/>\n<meta property=\"og:description\" content=\"Si parlem de portades il\u00b7lustrades de ci\u00e8ncia ficci\u00f3 i fantasia, parlem de Marina Vidal, professora de la nostra escola.\" \/>\n<meta property=\"og:url\" content=\"https:\/\/jososabadell.cat\/es\/2023\/09\/26\/entrevista-a-marina-vidal-escola-joso-sabadell\/\" \/>\n<meta property=\"og:site_name\" content=\"Escola Joso Sabadell\" \/>\n<meta property=\"article:publisher\" content=\"https:\/\/www.facebook.com\/escolajososabadell\/\" \/>\n<meta property=\"article:published_time\" content=\"2023-09-26T21:27:33+00:00\" \/>\n<meta property=\"article:modified_time\" content=\"2023-09-26T21:28:24+00:00\" \/>\n<meta property=\"og:image\" content=\"https:\/\/jososabadell.cat\/wp-content\/uploads\/2023\/09\/230922-Marina-Vidal-web1.jpg\" \/>\n\t<meta property=\"og:image:width\" content=\"818\" \/>\n\t<meta property=\"og:image:height\" content=\"370\" \/>\n\t<meta property=\"og:image:type\" content=\"image\/jpeg\" \/>\n<meta name=\"author\" content=\"Joso Sabadell\" \/>\n<meta name=\"twitter:card\" content=\"summary_large_image\" \/>\n<meta name=\"twitter:creator\" content=\"@EscolaJosoSbd\" \/>\n<meta name=\"twitter:site\" content=\"@EscolaJosoSbd\" \/>\n<meta name=\"twitter:label1\" content=\"Escrito por\" \/>\n\t<meta name=\"twitter:data1\" content=\"Joso Sabadell\" \/>\n\t<meta name=\"twitter:label2\" content=\"Tiempo de lectura\" \/>\n\t<meta name=\"twitter:data2\" content=\"6 minutos\" \/>\n<script type=\"application\/ld+json\" class=\"yoast-schema-graph\">{\"@context\":\"https:\/\/schema.org\",\"@graph\":[{\"@type\":\"WebPage\",\"@id\":\"https:\/\/jososabadell.cat\/2023\/09\/26\/entrevista-a-marina-vidal-escola-joso-sabadell\/\",\"url\":\"https:\/\/jososabadell.cat\/2023\/09\/26\/entrevista-a-marina-vidal-escola-joso-sabadell\/\",\"name\":\"Entrevista a Marina Vidal - Escola Joso Sabadell\",\"isPartOf\":{\"@id\":\"https:\/\/jososabadell.cat\/#website\"},\"primaryImageOfPage\":{\"@id\":\"https:\/\/jososabadell.cat\/2023\/09\/26\/entrevista-a-marina-vidal-escola-joso-sabadell\/#primaryimage\"},\"image\":{\"@id\":\"https:\/\/jososabadell.cat\/2023\/09\/26\/entrevista-a-marina-vidal-escola-joso-sabadell\/#primaryimage\"},\"thumbnailUrl\":\"https:\/\/jososabadell.cat\/wp-content\/uploads\/2023\/09\/230922-Marina-Vidal-web1.jpg\",\"datePublished\":\"2023-09-26T21:27:33+00:00\",\"dateModified\":\"2023-09-26T21:28:24+00:00\",\"author\":{\"@id\":\"https:\/\/jososabadell.cat\/#\/schema\/person\/233e57003be70aa898d35bfb3ee0fb72\"},\"description\":\"Si parlem de portades il\u00b7lustrades de ci\u00e8ncia ficci\u00f3 i fantasia, parlem de Marina Vidal, professora de la nostra escola.\",\"breadcrumb\":{\"@id\":\"https:\/\/jososabadell.cat\/2023\/09\/26\/entrevista-a-marina-vidal-escola-joso-sabadell\/#breadcrumb\"},\"inLanguage\":\"es\",\"potentialAction\":[{\"@type\":\"ReadAction\",\"target\":[\"https:\/\/jososabadell.cat\/2023\/09\/26\/entrevista-a-marina-vidal-escola-joso-sabadell\/\"]}]},{\"@type\":\"ImageObject\",\"inLanguage\":\"es\",\"@id\":\"https:\/\/jososabadell.cat\/2023\/09\/26\/entrevista-a-marina-vidal-escola-joso-sabadell\/#primaryimage\",\"url\":\"https:\/\/jososabadell.cat\/wp-content\/uploads\/2023\/09\/230922-Marina-Vidal-web1.jpg\",\"contentUrl\":\"https:\/\/jososabadell.cat\/wp-content\/uploads\/2023\/09\/230922-Marina-Vidal-web1.jpg\",\"width\":818,\"height\":370},{\"@type\":\"BreadcrumbList\",\"@id\":\"https:\/\/jososabadell.cat\/2023\/09\/26\/entrevista-a-marina-vidal-escola-joso-sabadell\/#breadcrumb\",\"itemListElement\":[{\"@type\":\"ListItem\",\"position\":1,\"name\":\"Inici\",\"item\":\"https:\/\/jososabadell.cat\/\"},{\"@type\":\"ListItem\",\"position\":2,\"name\":\"Entrevista a Marina Vidal\"}]},{\"@type\":\"WebSite\",\"@id\":\"https:\/\/jososabadell.cat\/#website\",\"url\":\"https:\/\/jososabadell.cat\/\",\"name\":\"Escola Joso Sabadell\",\"description\":\"\",\"potentialAction\":[{\"@type\":\"SearchAction\",\"target\":{\"@type\":\"EntryPoint\",\"urlTemplate\":\"https:\/\/jososabadell.cat\/?s={search_term_string}\"},\"query-input\":{\"@type\":\"PropertyValueSpecification\",\"valueRequired\":true,\"valueName\":\"search_term_string\"}}],\"inLanguage\":\"es\"},{\"@type\":\"Person\",\"@id\":\"https:\/\/jososabadell.cat\/#\/schema\/person\/233e57003be70aa898d35bfb3ee0fb72\",\"name\":\"Joso Sabadell\",\"image\":{\"@type\":\"ImageObject\",\"inLanguage\":\"es\",\"@id\":\"https:\/\/jososabadell.cat\/#\/schema\/person\/image\/\",\"url\":\"https:\/\/secure.gravatar.com\/avatar\/5aa9d058168d026c6f8d651849c8cf5d?s=96&d=mm&r=g\",\"contentUrl\":\"https:\/\/secure.gravatar.com\/avatar\/5aa9d058168d026c6f8d651849c8cf5d?s=96&d=mm&r=g\",\"caption\":\"Joso Sabadell\"},\"sameAs\":[\"http:\/\/jososabadell.cat\"]}]}<\/script>\n<!-- \/ Yoast SEO plugin. -->","yoast_head_json":{"title":"Entrevista a Marina Vidal - Escola Joso Sabadell","description":"Si parlem de portades il\u00b7lustrades de ci\u00e8ncia ficci\u00f3 i fantasia, parlem de Marina Vidal, professora de la nostra escola.","robots":{"index":"index","follow":"follow","max-snippet":"max-snippet:-1","max-image-preview":"max-image-preview:large","max-video-preview":"max-video-preview:-1"},"canonical":"https:\/\/jososabadell.cat\/es\/2023\/09\/26\/entrevista-a-marina-vidal-escola-joso-sabadell\/","og_locale":"es_ES","og_type":"article","og_title":"Entrevista a Marina Vidal - Escola Joso Sabadell","og_description":"Si parlem de portades il\u00b7lustrades de ci\u00e8ncia ficci\u00f3 i fantasia, parlem de Marina Vidal, professora de la nostra escola.","og_url":"https:\/\/jososabadell.cat\/es\/2023\/09\/26\/entrevista-a-marina-vidal-escola-joso-sabadell\/","og_site_name":"Escola Joso Sabadell","article_publisher":"https:\/\/www.facebook.com\/escolajososabadell\/","article_published_time":"2023-09-26T21:27:33+00:00","article_modified_time":"2023-09-26T21:28:24+00:00","og_image":[{"width":818,"height":370,"url":"https:\/\/jososabadell.cat\/wp-content\/uploads\/2023\/09\/230922-Marina-Vidal-web1.jpg","type":"image\/jpeg"}],"author":"Joso Sabadell","twitter_card":"summary_large_image","twitter_creator":"@EscolaJosoSbd","twitter_site":"@EscolaJosoSbd","twitter_misc":{"Escrito por":"Joso Sabadell","Tiempo de lectura":"6 minutos"},"schema":{"@context":"https:\/\/schema.org","@graph":[{"@type":"WebPage","@id":"https:\/\/jososabadell.cat\/2023\/09\/26\/entrevista-a-marina-vidal-escola-joso-sabadell\/","url":"https:\/\/jososabadell.cat\/2023\/09\/26\/entrevista-a-marina-vidal-escola-joso-sabadell\/","name":"Entrevista a Marina Vidal - Escola Joso Sabadell","isPartOf":{"@id":"https:\/\/jososabadell.cat\/#website"},"primaryImageOfPage":{"@id":"https:\/\/jososabadell.cat\/2023\/09\/26\/entrevista-a-marina-vidal-escola-joso-sabadell\/#primaryimage"},"image":{"@id":"https:\/\/jososabadell.cat\/2023\/09\/26\/entrevista-a-marina-vidal-escola-joso-sabadell\/#primaryimage"},"thumbnailUrl":"https:\/\/jososabadell.cat\/wp-content\/uploads\/2023\/09\/230922-Marina-Vidal-web1.jpg","datePublished":"2023-09-26T21:27:33+00:00","dateModified":"2023-09-26T21:28:24+00:00","author":{"@id":"https:\/\/jososabadell.cat\/#\/schema\/person\/233e57003be70aa898d35bfb3ee0fb72"},"description":"Si parlem de portades il\u00b7lustrades de ci\u00e8ncia ficci\u00f3 i fantasia, parlem de Marina Vidal, professora de la nostra escola.","breadcrumb":{"@id":"https:\/\/jososabadell.cat\/2023\/09\/26\/entrevista-a-marina-vidal-escola-joso-sabadell\/#breadcrumb"},"inLanguage":"es","potentialAction":[{"@type":"ReadAction","target":["https:\/\/jososabadell.cat\/2023\/09\/26\/entrevista-a-marina-vidal-escola-joso-sabadell\/"]}]},{"@type":"ImageObject","inLanguage":"es","@id":"https:\/\/jososabadell.cat\/2023\/09\/26\/entrevista-a-marina-vidal-escola-joso-sabadell\/#primaryimage","url":"https:\/\/jososabadell.cat\/wp-content\/uploads\/2023\/09\/230922-Marina-Vidal-web1.jpg","contentUrl":"https:\/\/jososabadell.cat\/wp-content\/uploads\/2023\/09\/230922-Marina-Vidal-web1.jpg","width":818,"height":370},{"@type":"BreadcrumbList","@id":"https:\/\/jososabadell.cat\/2023\/09\/26\/entrevista-a-marina-vidal-escola-joso-sabadell\/#breadcrumb","itemListElement":[{"@type":"ListItem","position":1,"name":"Inici","item":"https:\/\/jososabadell.cat\/"},{"@type":"ListItem","position":2,"name":"Entrevista a Marina Vidal"}]},{"@type":"WebSite","@id":"https:\/\/jososabadell.cat\/#website","url":"https:\/\/jososabadell.cat\/","name":"&nbsp;Escola Joso Sabadell","description":"","potentialAction":[{"@type":"SearchAction","target":{"@type":"EntryPoint","urlTemplate":"https:\/\/jososabadell.cat\/?s={search_term_string}"},"query-input":{"@type":"PropertyValueSpecification","valueRequired":true,"valueName":"search_term_string"}}],"inLanguage":"es"},{"@type":"Person","@id":"https:\/\/jososabadell.cat\/#\/schema\/person\/233e57003be70aa898d35bfb3ee0fb72","name":"Joso Sabadell","image":{"@type":"ImageObject","inLanguage":"es","@id":"https:\/\/jososabadell.cat\/#\/schema\/person\/image\/","url":"https:\/\/secure.gravatar.com\/avatar\/5aa9d058168d026c6f8d651849c8cf5d?s=96&d=mm&r=g","contentUrl":"https:\/\/secure.gravatar.com\/avatar\/5aa9d058168d026c6f8d651849c8cf5d?s=96&d=mm&r=g","caption":"Joso Sabadell"},"sameAs":["http:\/\/jososabadell.cat"]}]}},"_links":{"self":[{"href":"https:\/\/jososabadell.cat\/es\/wp-json\/wp\/v2\/posts\/9652"}],"collection":[{"href":"https:\/\/jososabadell.cat\/es\/wp-json\/wp\/v2\/posts"}],"about":[{"href":"https:\/\/jososabadell.cat\/es\/wp-json\/wp\/v2\/types\/post"}],"author":[{"embeddable":true,"href":"https:\/\/jososabadell.cat\/es\/wp-json\/wp\/v2\/users\/2"}],"replies":[{"embeddable":true,"href":"https:\/\/jososabadell.cat\/es\/wp-json\/wp\/v2\/comments?post=9652"}],"version-history":[{"count":3,"href":"https:\/\/jososabadell.cat\/es\/wp-json\/wp\/v2\/posts\/9652\/revisions"}],"predecessor-version":[{"id":9657,"href":"https:\/\/jososabadell.cat\/es\/wp-json\/wp\/v2\/posts\/9652\/revisions\/9657"}],"wp:featuredmedia":[{"embeddable":true,"href":"https:\/\/jososabadell.cat\/es\/wp-json\/wp\/v2\/media\/9655"}],"wp:attachment":[{"href":"https:\/\/jososabadell.cat\/es\/wp-json\/wp\/v2\/media?parent=9652"}],"wp:term":[{"taxonomy":"category","embeddable":true,"href":"https:\/\/jososabadell.cat\/es\/wp-json\/wp\/v2\/categories?post=9652"},{"taxonomy":"post_tag","embeddable":true,"href":"https:\/\/jososabadell.cat\/es\/wp-json\/wp\/v2\/tags?post=9652"}],"curies":[{"name":"wp","href":"https:\/\/api.w.org\/{rel}","templated":true}]}}