{"id":9876,"date":"2023-12-05T20:15:26","date_gmt":"2023-12-05T18:15:26","guid":{"rendered":"https:\/\/jososabadell.cat\/?p=9876"},"modified":"2023-12-05T20:15:26","modified_gmt":"2023-12-05T18:15:26","slug":"dibuixa-al-llaminer","status":"publish","type":"post","link":"https:\/\/jososabadell.cat\/es\/2023\/12\/05\/dibuixa-al-llaminer\/","title":{"rendered":"Dibuixa al Llaminer"},"content":{"rendered":"<p><strong>T\u2019agrada dibuixar? Vols provar uns mesos qu\u00e8 se sent sent alumne de la nostra escola? Ara pots provar sort fent la teva pr\u00f2pia versi\u00f3 del Llaminer o compartint aquest concurs a les xarxes socials.<\/strong><\/p>\n\n\n\n<p>Els autors o les autores dels dos millors dibuixos del Llaminer guanyaran un <strong>trimestre gratu\u00eft de classes a 1r de C\u00f2mic &#8211; Manga<\/strong> a l\u2019Escola Joso Sabadell. Tamb\u00e9 una persona, triada per sorteig, d\u2019entre les que comparteixin el concurs.<\/p>\n\n\n\n<p>T\u2019expliquem com:<\/p>\n\n\n\n<p class=\"has-vivid-red-color has-text-color has-link-color wp-elements-2145d27b573c504c098e0a403959fed5\"><strong>Participants<\/strong><\/p>\n\n\n\n<p><strong>1. <\/strong>Pot presentar-se al concurs tothom que tingui m\u00e9s de 14 anys. No poden presentar-se alumnes actuals de l\u2019Escola Joso Sabadell.<\/p>\n\n\n\n<p><strong>2. <\/strong>Per participar:&nbsp;<\/p>\n\n\n\n<p>&#8211; O b\u00e9 has de compartir el post anunciant aquest concurs a Facebook, Instagram o X (abans Twitter), etiquetant-nos, i seguir-nos a la xarxa on ho hagis compartit.&nbsp;<\/p>\n\n\n\n<p>&#8211; O b\u00e9 has de pujar a les teves xarxes un dibuix amb la teva pr\u00f2pia versi\u00f3 del Llaminer. S\u2019accepten fanarts, par\u00f2dies, retrats i qualsevol altra expressi\u00f3 art\u00edstica, en qualsevol t\u00e8cnica, a color o en blanc i negre, sempre i quan el protagonista sigui el Llaminer; has de seguir-nos a la xarxa on ho hagis compartit.&nbsp;&nbsp;<\/p>\n\n\n\n<p><strong>3. <\/strong>Al post haur\u00e0s d\u2019etiquetar a l\u2019Escola Joso Sabadell amb el nostre nom d\u2019usuari a la xarxa on ho hagis fet.&nbsp;<\/p>\n\n\n\n<p><strong>4. <\/strong>Cada participant pot penjar m\u00e9s d\u2019una il\u00b7lustraci\u00f3 per\u00f2 no estan permesos els treballs corals.&nbsp;<\/p>\n\n\n\n<p><strong>5.<\/strong> Les il\u00b7lustracions lliurades han de ser de creaci\u00f3 pr\u00f2pia, originals i in\u00e8dites. La detecci\u00f3 d\u2019una obra que no compleixi amb aquests requisits implicar\u00e0 la seva desqualificaci\u00f3.&nbsp;<\/p>\n\n\n\n<p class=\"has-vivid-red-color has-text-color has-link-color wp-elements-40074e2bbd8e3b2bdf3820ec8cab0007\"><strong>Calendari<\/strong><\/p>\n\n\n\n<p><strong>6.<\/strong> El concurs s\u2019inicia amb la publicaci\u00f3 d\u2019aquestes bases i conclou dimecres 20 de desembre de 2023.&nbsp;<\/p>\n\n\n\n<p class=\"has-vivid-red-color has-text-color has-link-color wp-elements-b2e9982e89d46f74aead194f71526361\"><strong>Premis<\/strong><\/p>\n\n\n\n<p><strong>7. <\/strong>Durant els cinc dies posteriors al tancament de recepci\u00f3 d\u2019obres la direcci\u00f3 de l\u2019Escola Joso Sabadell triar\u00e0 dues obres guanyadores.&nbsp;<\/p>\n\n\n\n<p><strong>8.<\/strong> Tamb\u00e9 durant els cinc dies posteriors es dur\u00e0 a terme un sorteig, amb algun aplicatiu online, per triar a la persona guanyadora d\u2019entre totes les que hagin compartit el post anunciant el concurs.&nbsp;<\/p>\n\n\n\n<p><strong>9. <\/strong>La direcci\u00f3 de l\u2019Escola Joso Sabadell es posar\u00e0 en contacte, a trav\u00e9s de la xarxa social on les persones guanyadores van penjar la seva il\u00b7lustraci\u00f3, per formalitzar el premi.<\/p>\n\n\n\n<p><strong>10.<\/strong> En tots els casos el premi consisteix en un trimestre gratu\u00eft, de gener a mar\u00e7 de 2024, del curs de 1r de C\u00f2mic &#8211; Manga que es cursa presencialment a l\u2019Escola Joso Sabadell.&nbsp;&nbsp;<\/p>\n\n\n\n<p class=\"has-vivid-red-color has-text-color has-link-color wp-elements-2c4dcba5a8083334d155e90c748f89e5\"><strong>Altres<\/strong><\/p>\n\n\n\n<p><strong>11. <\/strong>La direcci\u00f3 de l\u2019Escola Joso Sabadell podr\u00e0 declarar desert el premi i resoldre qualsevol conting\u00e8ncia no prevista en les presents bases.<\/p>\n\n\n\n<p><strong>12. <\/strong>Qualsevol obra que sigui considerada ofensiva pot ser refusada i quedar fora de concurs.<\/p>\n\n\n\n<p><strong>13. <\/strong>Els drets de reproducci\u00f3 de les obres guanyadores passen a ser de l\u2019Escola Joso Sabadell, acreditant sempre a l\u2019autora o autor.<\/p>\n\n\n\n<p><strong>14. <\/strong>La presentaci\u00f3 d\u2019una obra suposa l\u2019acceptaci\u00f3 d\u2019aquestes bases.&nbsp;<\/p>\n\n\n\n<p>Molta sort als i a les participants!<\/p>","protected":false},"excerpt":{"rendered":"<p>T\u2019agrada dibuixar? Vols provar uns mesos qu\u00e8 se sent sent alumne de la nostra escola? Ara pots provar sort fent la teva pr\u00f2pia versi\u00f3 del Llaminer o compartint aquest concurs a les xarxes socials. Els autors o les autores dels dos millors dibuixos del Llaminer guanyaran un trimestre gratu\u00eft de classes a 1r de C\u00f2mic [&hellip;]<\/p>\n","protected":false},"author":2,"featured_media":9877,"comment_status":"open","ping_status":"open","sticky":false,"template":"","format":"standard","meta":{"_monsterinsights_skip_tracking":false,"_monsterinsights_sitenote_active":false,"_monsterinsights_sitenote_note":"","_monsterinsights_sitenote_category":0,"footnotes":""},"categories":[1288,1286,1,1295],"tags":[1408,1407],"class_list":["post-9876","post","type-post","status-publish","format-standard","has-post-thumbnail","hentry","category-comic-manga","category-cursos","category-general","category-escola","tag-concurs","tag-llaminer"],"yoast_head":"<!-- This site is optimized with the Yoast SEO plugin v25.6 - https:\/\/yoast.com\/wordpress\/plugins\/seo\/ -->\n<title>Dibuixa al Llaminer - Escola Joso Sabadell<\/title>\n<meta name=\"robots\" content=\"index, follow, max-snippet:-1, max-image-preview:large, max-video-preview:-1\" \/>\n<link rel=\"canonical\" href=\"https:\/\/jososabadell.cat\/es\/2023\/12\/05\/dibuixa-al-llaminer\/\" \/>\n<meta property=\"og:locale\" content=\"es_ES\" \/>\n<meta property=\"og:type\" content=\"article\" \/>\n<meta property=\"og:title\" content=\"Dibuixa al Llaminer - Escola Joso Sabadell\" \/>\n<meta property=\"og:description\" content=\"T\u2019agrada dibuixar? Vols provar uns mesos qu\u00e8 se sent sent alumne de la nostra escola? Ara pots provar sort fent la teva pr\u00f2pia versi\u00f3 del Llaminer o compartint aquest concurs a les xarxes socials. Els autors o les autores dels dos millors dibuixos del Llaminer guanyaran un trimestre gratu\u00eft de classes a 1r de C\u00f2mic [&hellip;]\" \/>\n<meta property=\"og:url\" content=\"https:\/\/jososabadell.cat\/es\/2023\/12\/05\/dibuixa-al-llaminer\/\" \/>\n<meta property=\"og:site_name\" content=\"Escola Joso Sabadell\" \/>\n<meta property=\"article:publisher\" content=\"https:\/\/www.facebook.com\/escolajososabadell\/\" \/>\n<meta property=\"article:published_time\" content=\"2023-12-05T18:15:26+00:00\" \/>\n<meta property=\"og:image\" content=\"https:\/\/jososabadell.cat\/wp-content\/uploads\/2023\/12\/Concurs-Llaminer-web-scaled.jpg\" \/>\n\t<meta property=\"og:image:width\" content=\"2560\" \/>\n\t<meta property=\"og:image:height\" content=\"1159\" \/>\n\t<meta property=\"og:image:type\" content=\"image\/jpeg\" \/>\n<meta name=\"author\" content=\"Joso Sabadell\" \/>\n<meta name=\"twitter:card\" content=\"summary_large_image\" \/>\n<meta name=\"twitter:creator\" content=\"@EscolaJosoSbd\" \/>\n<meta name=\"twitter:site\" content=\"@EscolaJosoSbd\" \/>\n<meta name=\"twitter:label1\" content=\"Escrito por\" \/>\n\t<meta name=\"twitter:data1\" content=\"Joso Sabadell\" \/>\n\t<meta name=\"twitter:label2\" content=\"Tiempo de lectura\" \/>\n\t<meta name=\"twitter:data2\" content=\"3 minutos\" \/>\n<script type=\"application\/ld+json\" class=\"yoast-schema-graph\">{\"@context\":\"https:\/\/schema.org\",\"@graph\":[{\"@type\":\"WebPage\",\"@id\":\"https:\/\/jososabadell.cat\/2023\/12\/05\/dibuixa-al-llaminer\/\",\"url\":\"https:\/\/jososabadell.cat\/2023\/12\/05\/dibuixa-al-llaminer\/\",\"name\":\"Dibuixa al Llaminer - Escola Joso Sabadell\",\"isPartOf\":{\"@id\":\"https:\/\/jososabadell.cat\/#website\"},\"primaryImageOfPage\":{\"@id\":\"https:\/\/jososabadell.cat\/2023\/12\/05\/dibuixa-al-llaminer\/#primaryimage\"},\"image\":{\"@id\":\"https:\/\/jososabadell.cat\/2023\/12\/05\/dibuixa-al-llaminer\/#primaryimage\"},\"thumbnailUrl\":\"https:\/\/jososabadell.cat\/wp-content\/uploads\/2023\/12\/Concurs-Llaminer-web-scaled.jpg\",\"datePublished\":\"2023-12-05T18:15:26+00:00\",\"author\":{\"@id\":\"https:\/\/jososabadell.cat\/#\/schema\/person\/233e57003be70aa898d35bfb3ee0fb72\"},\"breadcrumb\":{\"@id\":\"https:\/\/jososabadell.cat\/2023\/12\/05\/dibuixa-al-llaminer\/#breadcrumb\"},\"inLanguage\":\"es\",\"potentialAction\":[{\"@type\":\"ReadAction\",\"target\":[\"https:\/\/jososabadell.cat\/2023\/12\/05\/dibuixa-al-llaminer\/\"]}]},{\"@type\":\"ImageObject\",\"inLanguage\":\"es\",\"@id\":\"https:\/\/jososabadell.cat\/2023\/12\/05\/dibuixa-al-llaminer\/#primaryimage\",\"url\":\"https:\/\/jososabadell.cat\/wp-content\/uploads\/2023\/12\/Concurs-Llaminer-web-scaled.jpg\",\"contentUrl\":\"https:\/\/jososabadell.cat\/wp-content\/uploads\/2023\/12\/Concurs-Llaminer-web-scaled.jpg\",\"width\":2560,\"height\":1159,\"caption\":\"Dibuixa al Llaminer. Escola Joso Sabadell.\"},{\"@type\":\"BreadcrumbList\",\"@id\":\"https:\/\/jososabadell.cat\/2023\/12\/05\/dibuixa-al-llaminer\/#breadcrumb\",\"itemListElement\":[{\"@type\":\"ListItem\",\"position\":1,\"name\":\"Inici\",\"item\":\"https:\/\/jososabadell.cat\/\"},{\"@type\":\"ListItem\",\"position\":2,\"name\":\"Dibuixa al Llaminer\"}]},{\"@type\":\"WebSite\",\"@id\":\"https:\/\/jososabadell.cat\/#website\",\"url\":\"https:\/\/jososabadell.cat\/\",\"name\":\"Escola Joso Sabadell\",\"description\":\"\",\"potentialAction\":[{\"@type\":\"SearchAction\",\"target\":{\"@type\":\"EntryPoint\",\"urlTemplate\":\"https:\/\/jososabadell.cat\/?s={search_term_string}\"},\"query-input\":{\"@type\":\"PropertyValueSpecification\",\"valueRequired\":true,\"valueName\":\"search_term_string\"}}],\"inLanguage\":\"es\"},{\"@type\":\"Person\",\"@id\":\"https:\/\/jososabadell.cat\/#\/schema\/person\/233e57003be70aa898d35bfb3ee0fb72\",\"name\":\"Joso Sabadell\",\"image\":{\"@type\":\"ImageObject\",\"inLanguage\":\"es\",\"@id\":\"https:\/\/jososabadell.cat\/#\/schema\/person\/image\/\",\"url\":\"https:\/\/secure.gravatar.com\/avatar\/5aa9d058168d026c6f8d651849c8cf5d?s=96&d=mm&r=g\",\"contentUrl\":\"https:\/\/secure.gravatar.com\/avatar\/5aa9d058168d026c6f8d651849c8cf5d?s=96&d=mm&r=g\",\"caption\":\"Joso Sabadell\"},\"sameAs\":[\"http:\/\/jososabadell.cat\"]}]}<\/script>\n<!-- \/ Yoast SEO plugin. -->","yoast_head_json":{"title":"Dibuixa al Llaminer - Escola Joso Sabadell","robots":{"index":"index","follow":"follow","max-snippet":"max-snippet:-1","max-image-preview":"max-image-preview:large","max-video-preview":"max-video-preview:-1"},"canonical":"https:\/\/jososabadell.cat\/es\/2023\/12\/05\/dibuixa-al-llaminer\/","og_locale":"es_ES","og_type":"article","og_title":"Dibuixa al Llaminer - Escola Joso Sabadell","og_description":"T\u2019agrada dibuixar? Vols provar uns mesos qu\u00e8 se sent sent alumne de la nostra escola? Ara pots provar sort fent la teva pr\u00f2pia versi\u00f3 del Llaminer o compartint aquest concurs a les xarxes socials. Els autors o les autores dels dos millors dibuixos del Llaminer guanyaran un trimestre gratu\u00eft de classes a 1r de C\u00f2mic [&hellip;]","og_url":"https:\/\/jososabadell.cat\/es\/2023\/12\/05\/dibuixa-al-llaminer\/","og_site_name":"Escola Joso Sabadell","article_publisher":"https:\/\/www.facebook.com\/escolajososabadell\/","article_published_time":"2023-12-05T18:15:26+00:00","og_image":[{"width":2560,"height":1159,"url":"https:\/\/jososabadell.cat\/wp-content\/uploads\/2023\/12\/Concurs-Llaminer-web-scaled.jpg","type":"image\/jpeg"}],"author":"Joso Sabadell","twitter_card":"summary_large_image","twitter_creator":"@EscolaJosoSbd","twitter_site":"@EscolaJosoSbd","twitter_misc":{"Escrito por":"Joso Sabadell","Tiempo de lectura":"3 minutos"},"schema":{"@context":"https:\/\/schema.org","@graph":[{"@type":"WebPage","@id":"https:\/\/jososabadell.cat\/2023\/12\/05\/dibuixa-al-llaminer\/","url":"https:\/\/jososabadell.cat\/2023\/12\/05\/dibuixa-al-llaminer\/","name":"Dibuixa al Llaminer - Escola Joso Sabadell","isPartOf":{"@id":"https:\/\/jososabadell.cat\/#website"},"primaryImageOfPage":{"@id":"https:\/\/jososabadell.cat\/2023\/12\/05\/dibuixa-al-llaminer\/#primaryimage"},"image":{"@id":"https:\/\/jososabadell.cat\/2023\/12\/05\/dibuixa-al-llaminer\/#primaryimage"},"thumbnailUrl":"https:\/\/jososabadell.cat\/wp-content\/uploads\/2023\/12\/Concurs-Llaminer-web-scaled.jpg","datePublished":"2023-12-05T18:15:26+00:00","author":{"@id":"https:\/\/jososabadell.cat\/#\/schema\/person\/233e57003be70aa898d35bfb3ee0fb72"},"breadcrumb":{"@id":"https:\/\/jososabadell.cat\/2023\/12\/05\/dibuixa-al-llaminer\/#breadcrumb"},"inLanguage":"es","potentialAction":[{"@type":"ReadAction","target":["https:\/\/jososabadell.cat\/2023\/12\/05\/dibuixa-al-llaminer\/"]}]},{"@type":"ImageObject","inLanguage":"es","@id":"https:\/\/jososabadell.cat\/2023\/12\/05\/dibuixa-al-llaminer\/#primaryimage","url":"https:\/\/jososabadell.cat\/wp-content\/uploads\/2023\/12\/Concurs-Llaminer-web-scaled.jpg","contentUrl":"https:\/\/jososabadell.cat\/wp-content\/uploads\/2023\/12\/Concurs-Llaminer-web-scaled.jpg","width":2560,"height":1159,"caption":"Dibuixa al Llaminer. Escola Joso Sabadell."},{"@type":"BreadcrumbList","@id":"https:\/\/jososabadell.cat\/2023\/12\/05\/dibuixa-al-llaminer\/#breadcrumb","itemListElement":[{"@type":"ListItem","position":1,"name":"Inici","item":"https:\/\/jososabadell.cat\/"},{"@type":"ListItem","position":2,"name":"Dibuixa al Llaminer"}]},{"@type":"WebSite","@id":"https:\/\/jososabadell.cat\/#website","url":"https:\/\/jososabadell.cat\/","name":"&nbsp;Escola Joso Sabadell","description":"","potentialAction":[{"@type":"SearchAction","target":{"@type":"EntryPoint","urlTemplate":"https:\/\/jososabadell.cat\/?s={search_term_string}"},"query-input":{"@type":"PropertyValueSpecification","valueRequired":true,"valueName":"search_term_string"}}],"inLanguage":"es"},{"@type":"Person","@id":"https:\/\/jososabadell.cat\/#\/schema\/person\/233e57003be70aa898d35bfb3ee0fb72","name":"Joso Sabadell","image":{"@type":"ImageObject","inLanguage":"es","@id":"https:\/\/jososabadell.cat\/#\/schema\/person\/image\/","url":"https:\/\/secure.gravatar.com\/avatar\/5aa9d058168d026c6f8d651849c8cf5d?s=96&d=mm&r=g","contentUrl":"https:\/\/secure.gravatar.com\/avatar\/5aa9d058168d026c6f8d651849c8cf5d?s=96&d=mm&r=g","caption":"Joso Sabadell"},"sameAs":["http:\/\/jososabadell.cat"]}]}},"_links":{"self":[{"href":"https:\/\/jososabadell.cat\/es\/wp-json\/wp\/v2\/posts\/9876"}],"collection":[{"href":"https:\/\/jososabadell.cat\/es\/wp-json\/wp\/v2\/posts"}],"about":[{"href":"https:\/\/jososabadell.cat\/es\/wp-json\/wp\/v2\/types\/post"}],"author":[{"embeddable":true,"href":"https:\/\/jososabadell.cat\/es\/wp-json\/wp\/v2\/users\/2"}],"replies":[{"embeddable":true,"href":"https:\/\/jososabadell.cat\/es\/wp-json\/wp\/v2\/comments?post=9876"}],"version-history":[{"count":1,"href":"https:\/\/jososabadell.cat\/es\/wp-json\/wp\/v2\/posts\/9876\/revisions"}],"predecessor-version":[{"id":9878,"href":"https:\/\/jososabadell.cat\/es\/wp-json\/wp\/v2\/posts\/9876\/revisions\/9878"}],"wp:featuredmedia":[{"embeddable":true,"href":"https:\/\/jososabadell.cat\/es\/wp-json\/wp\/v2\/media\/9877"}],"wp:attachment":[{"href":"https:\/\/jososabadell.cat\/es\/wp-json\/wp\/v2\/media?parent=9876"}],"wp:term":[{"taxonomy":"category","embeddable":true,"href":"https:\/\/jososabadell.cat\/es\/wp-json\/wp\/v2\/categories?post=9876"},{"taxonomy":"post_tag","embeddable":true,"href":"https:\/\/jososabadell.cat\/es\/wp-json\/wp\/v2\/tags?post=9876"}],"curies":[{"name":"wp","href":"https:\/\/api.w.org\/{rel}","templated":true}]}}